{"id":9919,"date":"2021-08-22T20:58:47","date_gmt":"2021-08-22T20:58:47","guid":{"rendered":"https:\/\/liberationinfo.com\/?p=9919"},"modified":"2021-08-22T20:59:15","modified_gmt":"2021-08-22T20:59:15","slug":"urgent-dr-kassory-fofana-en-deuil-dr-mohamed-diane-occupera-le-poste-du-premier-ministre-par-interim","status":"publish","type":"post","link":"https:\/\/liberationinfo.com\/index.php\/urgent-dr-kassory-fofana-en-deuil-dr-mohamed-diane-occupera-le-poste-du-premier-ministre-par-interim\/","title":{"rendered":"Urgent : Dr Kassory Fofana en deuil, Dr Mohamed Dian\u00e9 occupera le poste du premier ministre par int\u00e9rim"},"content":{"rendered":"<div class=\"entry-header\">\n<h1 class=\"jeg_post_title\"><\/h1>\n<\/div>\n<div class=\"jeg_share_top_container\">\n<div class=\"jeg_share_button clearfix\">\n<div class=\"jeg_sharelist\"><\/div>\n<\/div>\n<\/div>\n<div class=\"jeg_ad jeg_article jnews_content_top_ads \">\n<div class=\"ads-wrapper \"><\/div>\n<\/div>\n<div class=\"entry-content no-share\">\n<div class=\"jeg_share_button share-float jeg_sticky_share clearfix share-monocrhome\">\n<div class=\"jeg_share_float_container\"><\/div>\n<\/div>\n<div class=\"content-inner \">\n<p>Le ministre d\u2019Etat, ministre de la d\u00e9fense et en charge des activit\u00e9s pr\u00e9sidentielles va assumer les fonctions de premier ministre par int\u00e9rim en l\u2019absence de Dr Ibrahima Kassory Fofana qui vient de perdre sa fille a\u00een\u00e9e aux \u00c9tats-Unis. Le communiqu\u00e9 de la pr\u00e9sidence d\u00e9signant Dr Mohamed Dian\u00e9 a \u00e9t\u00e9 lu au JT du 20h30 de la RTG ce dimanche 22 ao\u00fbt 2020.<\/p>\n<p><strong>Ci-dessous communiqu\u00e9 :<\/strong><\/p>\n<p>Monsieur le Pr\u00e9sident de la R\u00e9publique, son Excellence, Professeur Alpha Cond\u00e9, r\u00e9it\u00e8re ses sinc\u00e8res condol\u00e9ances au Premier ministre, Chef du Gouvernement, Dr Ibrahima Kassory Fofana, proche collaborateur \u00e0 lui, et son d\u00e9vou\u00e9 jeune fr\u00e8re, suite au d\u00e9c\u00e8s de sa fille a\u00een\u00e9e, Madame Donzo Zenab kassory Fofana. Il exprime, \u00e0 nouveau, \u00e0 toute sa famille sa compassion et son soutien dans ce moment p\u00e9nible.<br \/>\nMonsieur le Pr\u00e9sident de la R\u00e9publique, pendant l\u2019absence du Premier Ministre pour des raisons de famille et jusqu\u2019\u00e0 son retour, a d\u00e9cid\u00e9 que Dr Mohamed Dian\u00e9, ministre d\u2019Etat, charg\u00e9 des affaires pr\u00e9sidentielles, ministre de la d\u00e9fense nationale, assume les fonctions de Premier Ministre, Chef de Gouvernement, par int\u00e9rim.<\/p>\n<div class=\"jeg_ad jeg_ad_article jnews_content_inline_ads \">\n<div class=\"ads-wrapper align-center \">\n<div class=\"ads_code\"><\/div>\n<\/div>\n<\/div>\n<p>Fait \u00e0 Conakry le dimanche 22 Ao\u00fbt 2021<\/p>\n<p>La Pr\u00e9sidence de la R\u00e9publique<\/p>\n<p><strong>Liberationinfo.com <\/strong><\/p>\n<\/div>\n<\/div>\n","protected":false},"excerpt":{"rendered":"<p>Le ministre d\u2019Etat, ministre de la d\u00e9fense et en charge des activit\u00e9s pr\u00e9sidentielles va assumer les fonctions de premier ministre par int\u00e9rim en l\u2019absence de Dr Ibrahima Kassory Fofana qui vient de perdre sa fille a\u00een\u00e9e aux \u00c9tats-Unis. Le communiqu\u00e9 de la pr\u00e9sidence d\u00e9signant Dr Mohamed Dian\u00e9 a \u00e9t\u00e9 lu au JT du 20h30 de [&hellip;]<\/p>\n","protected":false},"author":2,"featured_media":9319,"comment_status":"closed","ping_status":"closed","sticky":false,"template":"","format":"standard","meta":{"_jetpack_memberships_contains_paid_content":false,"footnotes":""},"categories":[1],"tags":[],"class_list":["post-9919","post","type-post","status-publish","format-standard","has-post-thumbnail","hentry","category-non-classe"],"jetpack_featured_media_url":"https:\/\/i0.wp.com\/liberationinfo.com\/wp-content\/uploads\/2021\/07\/diane_defense-1.jpg?fit=960%2C640&ssl=1","jetpack-related-posts":[],"jetpack_sharing_enabled":true,"_links":{"self":[{"href":"https:\/\/liberationinfo.com\/index.php\/wp-json\/wp\/v2\/posts\/9919","targetHints":{"allow":["GET"]}}],"collection":[{"href":"https:\/\/liberationinfo.com\/index.php\/wp-json\/wp\/v2\/posts"}],"about":[{"href":"https:\/\/liberationinfo.com\/index.php\/wp-json\/wp\/v2\/types\/post"}],"author":[{"embeddable":true,"href":"https:\/\/liberationinfo.com\/index.php\/wp-json\/wp\/v2\/users\/2"}],"replies":[{"embeddable":true,"href":"https:\/\/liberationinfo.com\/index.php\/wp-json\/wp\/v2\/comments?post=9919"}],"version-history":[{"count":0,"href":"https:\/\/liberationinfo.com\/index.php\/wp-json\/wp\/v2\/posts\/9919\/revisions"}],"wp:featuredmedia":[{"embeddable":true,"href":"https:\/\/liberationinfo.com\/index.php\/wp-json\/wp\/v2\/media\/9319"}],"wp:attachment":[{"href":"https:\/\/liberationinfo.com\/index.php\/wp-json\/wp\/v2\/media?parent=9919"}],"wp:term":[{"taxonomy":"category","embeddable":true,"href":"https:\/\/liberationinfo.com\/index.php\/wp-json\/wp\/v2\/categories?post=9919"},{"taxonomy":"post_tag","embeddable":true,"href":"https:\/\/liberationinfo.com\/index.php\/wp-json\/wp\/v2\/tags?post=9919"}],"curies":[{"name":"wp","href":"https:\/\/api.w.org\/{rel}","templated":true}]}}