{"id":9766,"date":"2021-08-16T07:05:05","date_gmt":"2021-08-16T07:05:05","guid":{"rendered":"https:\/\/liberationinfo.com\/?p=9766"},"modified":"2021-08-16T07:05:05","modified_gmt":"2021-08-16T07:05:05","slug":"afghanistan-la-conquete-eclair-des-talibans-ternit-limage-des-etats-unis","status":"publish","type":"post","link":"https:\/\/liberationinfo.com\/index.php\/afghanistan-la-conquete-eclair-des-talibans-ternit-limage-des-etats-unis\/","title":{"rendered":"Afghanistan : la conqu\u00eate \u00e9clair des talibans ternit l\u2019image des \u00c9tats-Unis"},"content":{"rendered":"<div class=\"entry-header\">\n<h1 class=\"jeg_post_title\"><\/h1>\n<\/div>\n<div class=\"jeg_share_top_container\">\n<div class=\"jeg_share_button clearfix\">\n<div class=\"jeg_sharelist\"><\/div>\n<\/div>\n<\/div>\n<div class=\"jeg_ad jeg_article jnews_content_top_ads \">\n<div class=\"ads-wrapper \"><\/div>\n<\/div>\n<div class=\"entry-content no-share\">\n<div class=\"jeg_share_button share-float jeg_sticky_share clearfix share-monocrhome\">\n<div class=\"jeg_share_float_container\"><\/div>\n<\/div>\n<div class=\"content-inner \">\n<p>Au terme de vingt\u00a0ans de pr\u00e9sence en Afghanistan, la plus longue guerre men\u00e9e par les \u00c9tats-Unis s\u2019ach\u00e8ve par une victoire spectaculaire des talibans qui ternit\u00a0l\u2019image de la premi\u00e8re puissance mondiale.<\/p>\n<p>Le drapeau am\u00e9ricain a \u00e9t\u00e9 retir\u00e9 lundi 16 ao\u00fbt de l\u2019ambassade des \u00c9tats-Unis \u00e0 Kaboul dont \u00ab<em>presque tout<\/em>\u00bb le personnel se trouve \u00e0 l\u2019a\u00e9roport dans l\u2019attente d\u2019\u00eatre \u00e9vacu\u00e9, a annonc\u00e9 le d\u00e9partement d\u2019\u00c9tat. Alors que les militaires prot\u00e8gent l\u2019a\u00e9roport de Kaboul pour un d\u00e9part pr\u00e9cipit\u00e9\u00a0des Am\u00e9ricains et des Occidentaux d\u2019Afghanistan.<\/p>\n<p>Trente mille personnes environ sont \u00e0 \u00e9vacuer selon le Pentagone : diplomates ou ressortissants am\u00e9ricains et civils afghans, et pour encadrer les op\u00e9rations, le patron de la Maison Blanche a encore autoris\u00e9 l\u2019envoi de 1000 soldats suppl\u00e9mentaires, rapporte notre correspondant \u00e0 New York,<strong>Lo\u00efg Loury<\/strong>. Ils seront 6000, sur place d\u2019ici 48h. Mais l\u2019impression demeure d\u2019un immense \u00e9chec et d\u2019une humiliation pour les Am\u00e9ricains, pouss\u00e9s dehors \u00e0 deux semaines de la date fix\u00e9e.<\/p>\n<div class=\"jeg_ad jeg_ad_article jnews_content_inline_ads \">\n<div class=\"ads-wrapper align-center \">\n<div class=\"ads_code\"><\/div>\n<\/div>\n<\/div>\n<p>L\u2019effondrement dimanche 15\u00a0ao\u00fbt du gouvernement afghan et de son arm\u00e9e financ\u00e9e par Washington, la fuite \u00e0 l\u2019\u00e9tranger du pr\u00e9sident Ashraf Ghani, le ballet des h\u00e9licopt\u00e8res pour \u00e9vacuer le personnel de l\u2019ambassade am\u00e9ricaine\u00a0: ces faits historiques risquent de peser nettement plus lourd\u00a0que les assurances du gouvernement Biden sur une mission \u00ab<em>r\u00e9ussie<\/em>\u00bb.<\/p>\n<p>Joe Biden et son secr\u00e9taire d\u2019Etat Antony Blinken auront beau r\u00e9p\u00e9ter que le maintien de la pr\u00e9sence am\u00e9ricaine n\u2019aurait rien chang\u00e9, ce sont bien vingt\u00a0ann\u00e9es de guerre, r\u00e9sume le<em>New York Times<\/em>, qui se terminent comme elles avaient commenc\u00e9 : avec les talibans au pouvoir. Et \u00e0 moins d\u2019un mois de l\u2019anniversaire des attentats du 11 septembre 2001, on peut s\u2019attendre \u00e0 ce que la question du \u00ab<em>Pourquoi\u00a0?<\/em>\u00bb soit de nouveau pos\u00e9e avec force\u00a0: pourquoi ces pr\u00e8s de 2\u00a0500 vies am\u00e9ricaines perdues ? Pourquoi cette facture d\u00e9passant 2\u00a0000 milliards de dollars ?<\/p>\n<div id=\"tms-ad-inread-3496829059539017\" class=\"tms-ad\">\n<div class=\"teads\"><strong>Perte de cr\u00e9dibilit\u00e9<\/strong><\/div>\n<\/div>\n<p>Certains s\u2019inqui\u00e8tent d\u00e9j\u00e0, \u00e0 l\u2019instar de l\u2019\u00e9lue r\u00e9publicaine Liz Cheney, que la d\u00e9b\u00e2cle ne vienne saper l\u2019action de Washington sur certains th\u00e9\u00e2tres \u00e0 l\u2019\u00e9tranger, les \u00c9tats-Unis n\u2019inspirant plus la m\u00eame crainte \u00e0 leurs adversaires. La d\u00e9route am\u00e9ricaine signifie \u00ab<em>que les rivaux de l\u2019Am\u00e9rique savent qu\u2019ils peuvent nous menacer, et nos alli\u00e9s s\u2019interrogent ce matin sur le fait de savoir s\u2019ils peuvent compter sur nous pour quoi que ce soit<\/em>\u00bb, a d\u00e9plor\u00e9 la parlementaire.<\/p>\n<p>Husain Haqqani, un ancien ambassadeur pakistanais aux \u00c9tats-Unis, le confirme\u00a0: \u00ab<em>La cr\u00e9dibilit\u00e9 de l\u2019Am\u00e9rique en tant qu\u2019alli\u00e9e est entam\u00e9e en raison de la fa\u00e7on dont le gouvernement afghan a \u00e9t\u00e9 abandonn\u00e9 pendant les pourparlers de Doha<\/em>\u00bb, estime-t-il, en r\u00e9f\u00e9rence au cycle de r\u00e9unions internationales qui s\u2019est tenu au Qatar, avant de s\u2019enliser.<\/p>\n<p><strong>Contrer la Chine<\/strong><\/p>\n<div id=\"tms-block-12348650231489122\" class=\"o-self-promo o-self-promo--nl\">\n<div class=\"o-self-promo-wrapper\">De son c\u00f4t\u00e9 le secr\u00e9taire d\u2019\u00c9tat am\u00e9ricain Antony Blinken a tent\u00e9 de balayer dimanche sur la cha\u00eene CNN les comparaisons avec la chute de Sa\u00efgon en 1975. \u00ab<em>Nous sommes all\u00e9s en Afghanistan il y a 20 ans avec une mission et cette mission \u00e9tait de r\u00e9gler le compte de ceux qui nous ont attaqu\u00e9s le 11-Septembre. Nous avons accompli cette mission<\/em>\u00bb.<\/div>\n<\/div>\n<div>\n<p>Mais rester en Afghanistan ind\u00e9finiment \u00ab<em>n\u2019est pas dans notre int\u00e9r\u00eat national<\/em>\u00bb, a-t-il ajout\u00e9, rappelant que les \u00c9tats-Unis voulaient d\u00e9sormais se donner les moyens de contrer la politique agressive de la Chine dans le Pacifique.<\/p>\n<p>\u00ab<em>Il n\u2019y a rien que nos concurrents strat\u00e9giques aimeraient davantage que de nous voir embourb\u00e9s en Afghanistan pour 5, 10 ou 20 ans de plus<\/em>\u00bb, a soulign\u00e9 M. Blinken.<\/p>\n<p>De son c\u00f4t\u00e9, la Chine a d\u2019ores et d\u00e9j\u00e0 commenc\u00e9 \u00e0 exploiter la situation, par le biais d\u2019une analyse publi\u00e9e par le quotidien d\u2019\u00c9tat<em>Global Times<\/em>. Selon ce journal connu pour son ton nationaliste, l\u2019Afghanistan illustre combien les \u00c9tats-Unis seraient \u00ab<em>un acteur pas digne de confiance, qui abandonne toujours ses partenaires et alli\u00e9s dans la qu\u00eate de ses propres int\u00e9r\u00eats<\/em>\u00bb.<\/p>\n<p>&nbsp;<\/p>\n<p><strong><em>(Avec AFP)<\/em><\/strong><\/p>\n<\/div>\n<div id=\"taboola-below-article\" class=\" trc_related_container trc_spotlight_widget tbl-feed-container tbl-feed-frame-DIVIDER  render-late-effect\">\n<div class=\" tbl-feed-header tbl-logo-right-position\">\n<div class=\"tbl-feed-header-logo\"><\/div>\n<\/div>\n<\/div>\n<\/div>\n<\/div>\n","protected":false},"excerpt":{"rendered":"<p>Au terme de vingt\u00a0ans de pr\u00e9sence en Afghanistan, la plus longue guerre men\u00e9e par les \u00c9tats-Unis s\u2019ach\u00e8ve par une victoire spectaculaire des talibans qui ternit\u00a0l\u2019image de la premi\u00e8re puissance mondiale. Le drapeau am\u00e9ricain a \u00e9t\u00e9 retir\u00e9 lundi 16 ao\u00fbt de l\u2019ambassade des \u00c9tats-Unis \u00e0 Kaboul dont \u00abpresque tout\u00bb le personnel se trouve \u00e0 l\u2019a\u00e9roport dans [&hellip;]<\/p>\n","protected":false},"author":2,"featured_media":9767,"comment_status":"closed","ping_status":"closed","sticky":false,"template":"","format":"standard","meta":{"_jetpack_memberships_contains_paid_content":false,"footnotes":""},"categories":[4,5],"tags":[],"class_list":["post-9766","post","type-post","status-publish","format-standard","has-post-thumbnail","hentry","category-actu","category-politique"],"jetpack_featured_media_url":"https:\/\/i0.wp.com\/liberationinfo.com\/wp-content\/uploads\/2021\/08\/Talibans-2.jpg?fit=700%2C375&ssl=1","jetpack-related-posts":[],"jetpack_sharing_enabled":true,"_links":{"self":[{"href":"https:\/\/liberationinfo.com\/index.php\/wp-json\/wp\/v2\/posts\/9766","targetHints":{"allow":["GET"]}}],"collection":[{"href":"https:\/\/liberationinfo.com\/index.php\/wp-json\/wp\/v2\/posts"}],"about":[{"href":"https:\/\/liberationinfo.com\/index.php\/wp-json\/wp\/v2\/types\/post"}],"author":[{"embeddable":true,"href":"https:\/\/liberationinfo.com\/index.php\/wp-json\/wp\/v2\/users\/2"}],"replies":[{"embeddable":true,"href":"https:\/\/liberationinfo.com\/index.php\/wp-json\/wp\/v2\/comments?post=9766"}],"version-history":[{"count":0,"href":"https:\/\/liberationinfo.com\/index.php\/wp-json\/wp\/v2\/posts\/9766\/revisions"}],"wp:featuredmedia":[{"embeddable":true,"href":"https:\/\/liberationinfo.com\/index.php\/wp-json\/wp\/v2\/media\/9767"}],"wp:attachment":[{"href":"https:\/\/liberationinfo.com\/index.php\/wp-json\/wp\/v2\/media?parent=9766"}],"wp:term":[{"taxonomy":"category","embeddable":true,"href":"https:\/\/liberationinfo.com\/index.php\/wp-json\/wp\/v2\/categories?post=9766"},{"taxonomy":"post_tag","embeddable":true,"href":"https:\/\/liberationinfo.com\/index.php\/wp-json\/wp\/v2\/tags?post=9766"}],"curies":[{"name":"wp","href":"https:\/\/api.w.org\/{rel}","templated":true}]}}