{"id":9687,"date":"2021-08-12T16:31:36","date_gmt":"2021-08-12T16:31:36","guid":{"rendered":"https:\/\/liberationinfo.com\/?p=9687"},"modified":"2021-08-12T16:31:36","modified_gmt":"2021-08-12T16:31:36","slug":"bientot-une-nouvelle-cite-administrative-pr-alpha-conde-a-koloma-par-le-groupe-tassec","status":"publish","type":"post","link":"https:\/\/liberationinfo.com\/index.php\/bientot-une-nouvelle-cite-administrative-pr-alpha-conde-a-koloma-par-le-groupe-tassec\/","title":{"rendered":"Bient\u00f4t une nouvelle cit\u00e9 administrative, \u00a0\u00bbPr  Alpha Cond\u00e9\u2019\u2019 \u00e0 Koloma, par le groupe TASSEC"},"content":{"rendered":"<div class=\"post-header-inner wfi\">\n<div class=\"post-header-title\">\n<h1 class=\"mrf-title single-post-title\"><\/h1>\n<\/div>\n<\/div>\n<div class=\"row main-section\">\n<div class=\"col-sm-8 content-column\">\n<div class=\"single-container\">\n<article id=\"post-91547\" class=\"post-91547 post type-post status-publish format-standard has-post-thumbnail  category-a-la-une category-administration category-featured category-news single-post-content\">\n<div class=\"entry-content clearfix single-post-content\">\n<p><strong>Bient\u00f4t une nouvelle cit\u00e9 \u00e0 Koloma, le gouvernement guin\u00e9en en partenariat avec le groupe TASSEC veut construire une nouvelle cit\u00e9 administrative \u00a0\u00bb Pr Alpha Cond\u00e9 \u2019\u2019, au centre directionnel de Koloma. Ce jeudi 12 Ao\u00fbt 2021, le minist\u00e8re de la Ville, de l&rsquo;am\u00e9nagement du territoire a organis\u00e9 un atelier de restitution des \u00e9tudes du futur projet de construction \u00e0 Conakry.\u00a0<\/strong><\/p>\n<p>&nbsp;<\/p>\n<p><a href=\"https:\/\/liberationinfo.com\/?attachment_id=9689\"><img data-recalc-dims=\"1\" loading=\"lazy\" decoding=\"async\" width=\"300\" height=\"225\" class=\"alignnone size-medium wp-image-9689\" src=\"https:\/\/i0.wp.com\/liberationinfo.com\/wp-content\/uploads\/2021\/08\/20210812_101610-300x225.jpg?resize=300%2C225&#038;ssl=1\" alt=\"\" srcset=\"https:\/\/i0.wp.com\/liberationinfo.com\/wp-content\/uploads\/2021\/08\/20210812_101610-scaled.jpg?resize=300%2C225&amp;ssl=1 300w, https:\/\/i0.wp.com\/liberationinfo.com\/wp-content\/uploads\/2021\/08\/20210812_101610-scaled.jpg?resize=1024%2C768&amp;ssl=1 1024w, https:\/\/i0.wp.com\/liberationinfo.com\/wp-content\/uploads\/2021\/08\/20210812_101610-scaled.jpg?resize=768%2C576&amp;ssl=1 768w, https:\/\/i0.wp.com\/liberationinfo.com\/wp-content\/uploads\/2021\/08\/20210812_101610-scaled.jpg?resize=1536%2C1152&amp;ssl=1 1536w, https:\/\/i0.wp.com\/liberationinfo.com\/wp-content\/uploads\/2021\/08\/20210812_101610-scaled.jpg?resize=2048%2C1536&amp;ssl=1 2048w, https:\/\/i0.wp.com\/liberationinfo.com\/wp-content\/uploads\/2021\/08\/20210812_101610-scaled.jpg?resize=80%2C60&amp;ssl=1 80w, https:\/\/i0.wp.com\/liberationinfo.com\/wp-content\/uploads\/2021\/08\/20210812_101610-scaled.jpg?resize=265%2C198&amp;ssl=1 265w, https:\/\/i0.wp.com\/liberationinfo.com\/wp-content\/uploads\/2021\/08\/20210812_101610-scaled.jpg?resize=696%2C522&amp;ssl=1 696w, https:\/\/i0.wp.com\/liberationinfo.com\/wp-content\/uploads\/2021\/08\/20210812_101610-scaled.jpg?resize=1068%2C801&amp;ssl=1 1068w, https:\/\/i0.wp.com\/liberationinfo.com\/wp-content\/uploads\/2021\/08\/20210812_101610-scaled.jpg?resize=560%2C420&amp;ssl=1 560w, https:\/\/i0.wp.com\/liberationinfo.com\/wp-content\/uploads\/2021\/08\/20210812_101610-scaled.jpg?resize=1920%2C1440&amp;ssl=1 1920w, https:\/\/i0.wp.com\/liberationinfo.com\/wp-content\/uploads\/2021\/08\/20210812_101610-scaled.jpg?resize=750%2C563&amp;ssl=1 750w, https:\/\/i0.wp.com\/liberationinfo.com\/wp-content\/uploads\/2021\/08\/20210812_101610-scaled.jpg?resize=1140%2C855&amp;ssl=1 1140w, https:\/\/i0.wp.com\/liberationinfo.com\/wp-content\/uploads\/2021\/08\/20210812_101610-scaled.jpg?w=1392 1392w\" sizes=\"auto, (max-width: 300px) 100vw, 300px\" \/><\/a><\/p>\n<p><strong>En pr\u00e9sence des cadres du minist\u00e8re de la Ville, de la du territoire et plusieurs autres cadres venus d&rsquo;ailleurs pour la pr\u00e9sentation du projet, dans un r\u00e9ceptif h\u00f4telier, le secr\u00e9taire g\u00e9n\u00e9ral du d\u00e9partement de la ville, Mohamed Maama Camara a mis l\u2019accent sur l\u2019importance primordiale de la construction de cette cit\u00e9 administrative \u00e0 Conakry.\u00a0<\/strong><\/p>\n<blockquote><p><a href=\"https:\/\/liberationinfo.com\/?attachment_id=9688\"><img data-recalc-dims=\"1\" loading=\"lazy\" decoding=\"async\" width=\"300\" height=\"243\" class=\"alignnone size-medium wp-image-9688\" src=\"https:\/\/i0.wp.com\/liberationinfo.com\/wp-content\/uploads\/2021\/08\/received_867354947244092-1-300x243.jpeg?resize=300%2C243&#038;ssl=1\" alt=\"\" srcset=\"https:\/\/i0.wp.com\/liberationinfo.com\/wp-content\/uploads\/2021\/08\/received_867354947244092-1.jpeg?resize=300%2C243&amp;ssl=1 300w, https:\/\/i0.wp.com\/liberationinfo.com\/wp-content\/uploads\/2021\/08\/received_867354947244092-1.jpeg?resize=768%2C623&amp;ssl=1 768w, https:\/\/i0.wp.com\/liberationinfo.com\/wp-content\/uploads\/2021\/08\/received_867354947244092-1.jpeg?resize=696%2C565&amp;ssl=1 696w, https:\/\/i0.wp.com\/liberationinfo.com\/wp-content\/uploads\/2021\/08\/received_867354947244092-1.jpeg?resize=518%2C420&amp;ssl=1 518w, https:\/\/i0.wp.com\/liberationinfo.com\/wp-content\/uploads\/2021\/08\/received_867354947244092-1.jpeg?resize=750%2C609&amp;ssl=1 750w, https:\/\/i0.wp.com\/liberationinfo.com\/wp-content\/uploads\/2021\/08\/received_867354947244092-1.jpeg?w=960&amp;ssl=1 960w\" sizes=\"auto, (max-width: 300px) 100vw, 300px\" \/><\/a><\/p><\/blockquote>\n<p><em>\u00ab Aujourd\u2019hui \u2019hui, l\u2019un des probl\u00e8mes \u00e9pineux de la ville de Conakry est celui de la mobilit\u00e9. Nous faisons au quotidien un mouvement pendulaire. Le matin, tout le monde se dirige vers Kaloum et le soir, c\u2019est la remont\u00e9e vers les banlieues. La construction de cette nouvelle cit\u00e9 administrative d\u00e9nomm\u00e9e \u2018\u2019cit\u00e9 Pr Alpha Cond\u00e9\u2019\u2019 sur le site de Koloma sera l\u2019une des solutions id\u00e9ales pour endiguer ce probl\u00e8me.<\/em> \u00bb, <strong>a-t-il soulign\u00e9\u00a0<\/strong><\/p>\n<p>&nbsp;<\/p>\n<p><strong>Avant de r\u00e9it\u00e9rer le soutien de son minist\u00e8re \u00e0 la concr\u00e9tisation dudit projet\u00a0: <\/strong><\/p>\n<p>\u00ab <em>Le ministre de la Ville et de l\u2019Am\u00e9nagement du Territoire, Dr Ibrahima Kourouma, me charge de transmettre ses vives salutations \u00e0 tous les participants afin que la Guin\u00e9e connaisse une cit\u00e9 administrative qui va r\u00e9soudre beaucoup de probl\u00e8mes. Le groupe TASSEC a le soutien de notre institution ainsi que d\u2019autres d\u00e9partements sectoriels<\/em>. \u00bb,<strong>\u00a0 a-t-il dit le secr\u00e9taire g\u00e9n\u00e9ral, Mohamed Maama Camara.\u00a0<\/strong><\/p>\n<div class=\"mrf-adv__wrapper mrf-adv__wrapper--framed mrf-heightLocked\">\n<div><\/div>\n<\/div>\n<p><a href=\"https:\/\/liberationinfo.com\/?attachment_id=9690\"><img data-recalc-dims=\"1\" loading=\"lazy\" decoding=\"async\" width=\"300\" height=\"279\" class=\"alignnone size-medium wp-image-9690\" src=\"https:\/\/i0.wp.com\/liberationinfo.com\/wp-content\/uploads\/2021\/08\/received_198068792345042-300x279.jpeg?resize=300%2C279&#038;ssl=1\" alt=\"\" srcset=\"https:\/\/i0.wp.com\/liberationinfo.com\/wp-content\/uploads\/2021\/08\/received_198068792345042.jpeg?resize=300%2C279&amp;ssl=1 300w, https:\/\/i0.wp.com\/liberationinfo.com\/wp-content\/uploads\/2021\/08\/received_198068792345042.jpeg?resize=768%2C714&amp;ssl=1 768w, https:\/\/i0.wp.com\/liberationinfo.com\/wp-content\/uploads\/2021\/08\/received_198068792345042.jpeg?resize=696%2C647&amp;ssl=1 696w, https:\/\/i0.wp.com\/liberationinfo.com\/wp-content\/uploads\/2021\/08\/received_198068792345042.jpeg?resize=451%2C420&amp;ssl=1 451w, https:\/\/i0.wp.com\/liberationinfo.com\/wp-content\/uploads\/2021\/08\/received_198068792345042.jpeg?resize=750%2C698&amp;ssl=1 750w, https:\/\/i0.wp.com\/liberationinfo.com\/wp-content\/uploads\/2021\/08\/received_198068792345042.jpeg?w=846&amp;ssl=1 846w\" sizes=\"auto, (max-width: 300px) 100vw, 300px\" \/><\/a><\/p>\n<p><strong>Pour le repr\u00e9sentant du pr\u00e9sident directeur g\u00e9n\u00e9ral PDG Mory Dian\u00e9, Jonas Lago le charg\u00e9 des relations publiques du groupe TASSEC s&rsquo;est montr\u00e9 optimiste quand \u00e0 la r\u00e9alisation de ce projet.<\/strong><\/p>\n<p>\u00ab<em>Nous sommes en partenariat avec l\u2019Etat guin\u00e9en pour la r\u00e9alisation de la nouvelle cit\u00e9 administrative \u2018\u2019Pr Alpha Cond\u00e9\u2019\u2019 de Koloma. Nous sommes \u00e9galement heureux de pr\u00e9senter aux experts et techniciens de l\u2019administration publique, les premi\u00e8res r\u00e9flexions techniques notamment les \u00e9tudes architecturales. Il s\u2019agit de quatre b\u00e2timents de 15 \u00e9tages (\u2026)<\/em> \u00bb, <strong>a-t-il expliqu\u00e9.<\/strong><\/p>\n<div class=\"mrf-adv__wrapper mrf-adv__wrapper--framed\">\n<div class=\"mrf-adv mrf-preInsertedMad mad sRoba adSemiInvisible mrf-madLoaded\">\n<div id=\"mrf-2\">\n<div id=\"google_ads_iframe_\/22571134\/crispr\/guineenews.org_1__container__\"><\/div>\n<\/div>\n<\/div>\n<\/div>\n<div class=\"bs-irp left bs-irp-text-2-full\">\n<div class=\"bs-irp-heading\"><strong>Mohamed\u00a0 Camara <\/strong><\/div>\n<div><\/div>\n<div class=\"bs-irp-heading\"><strong>621 50 18 47\u00a0<\/strong><\/div>\n<\/div>\n<\/div>\n<\/article>\n<\/div>\n<\/div>\n<\/div>\n","protected":false},"excerpt":{"rendered":"<p>Bient\u00f4t une nouvelle cit\u00e9 \u00e0 Koloma, le gouvernement guin\u00e9en en partenariat avec le groupe TASSEC veut construire une nouvelle cit\u00e9 administrative \u00a0\u00bb Pr Alpha Cond\u00e9 \u2019\u2019, au centre directionnel de Koloma. Ce jeudi 12 Ao\u00fbt 2021, le minist\u00e8re de la Ville, de l&rsquo;am\u00e9nagement du territoire a organis\u00e9 un atelier de restitution des \u00e9tudes du futur [&hellip;]<\/p>\n","protected":false},"author":2,"featured_media":9691,"comment_status":"closed","ping_status":"closed","sticky":false,"template":"","format":"standard","meta":{"_jetpack_memberships_contains_paid_content":false,"footnotes":""},"categories":[4,5,6],"tags":[],"class_list":["post-9687","post","type-post","status-publish","format-standard","has-post-thumbnail","hentry","category-actu","category-politique","category-societe"],"jetpack_featured_media_url":"https:\/\/i0.wp.com\/liberationinfo.com\/wp-content\/uploads\/2021\/08\/received_369804171418241.jpeg?fit=816%2C612&ssl=1","jetpack-related-posts":[],"jetpack_sharing_enabled":true,"_links":{"self":[{"href":"https:\/\/liberationinfo.com\/index.php\/wp-json\/wp\/v2\/posts\/9687","targetHints":{"allow":["GET"]}}],"collection":[{"href":"https:\/\/liberationinfo.com\/index.php\/wp-json\/wp\/v2\/posts"}],"about":[{"href":"https:\/\/liberationinfo.com\/index.php\/wp-json\/wp\/v2\/types\/post"}],"author":[{"embeddable":true,"href":"https:\/\/liberationinfo.com\/index.php\/wp-json\/wp\/v2\/users\/2"}],"replies":[{"embeddable":true,"href":"https:\/\/liberationinfo.com\/index.php\/wp-json\/wp\/v2\/comments?post=9687"}],"version-history":[{"count":0,"href":"https:\/\/liberationinfo.com\/index.php\/wp-json\/wp\/v2\/posts\/9687\/revisions"}],"wp:featuredmedia":[{"embeddable":true,"href":"https:\/\/liberationinfo.com\/index.php\/wp-json\/wp\/v2\/media\/9691"}],"wp:attachment":[{"href":"https:\/\/liberationinfo.com\/index.php\/wp-json\/wp\/v2\/media?parent=9687"}],"wp:term":[{"taxonomy":"category","embeddable":true,"href":"https:\/\/liberationinfo.com\/index.php\/wp-json\/wp\/v2\/categories?post=9687"},{"taxonomy":"post_tag","embeddable":true,"href":"https:\/\/liberationinfo.com\/index.php\/wp-json\/wp\/v2\/tags?post=9687"}],"curies":[{"name":"wp","href":"https:\/\/api.w.org\/{rel}","templated":true}]}}