{"id":9518,"date":"2021-08-05T13:54:34","date_gmt":"2021-08-05T13:54:34","guid":{"rendered":"https:\/\/liberationinfo.com\/?p=9518"},"modified":"2021-08-05T13:56:21","modified_gmt":"2021-08-05T13:56:21","slug":"hausse-du-prix-du-carburant-aliou-bah-sen-prend-au-gouvernement-il-faut-plutot-reduire-les-charges-fiscales-sur-les-denrees-les-plus-consommees-pour-favoriser-la-consommation","status":"publish","type":"post","link":"https:\/\/liberationinfo.com\/index.php\/hausse-du-prix-du-carburant-aliou-bah-sen-prend-au-gouvernement-il-faut-plutot-reduire-les-charges-fiscales-sur-les-denrees-les-plus-consommees-pour-favoriser-la-consommation\/","title":{"rendered":"Hausse du prix du carburant: Aliou Bah s&rsquo;en prend au gouvernement \u201cIl faut plut\u00f4t r\u00e9duire les charges fiscales sur les denr\u00e9es les plus consomm\u00e9es pour favoriser la consommation \u201d"},"content":{"rendered":"<div class=\"jeg_navbar_mobile_wrapper\">\n<div class=\"jeg_navbar_mobile jeg_sticky_nav\">\n<div class=\"jeg_mobile_bottombar jeg_mobile_midbar jeg_container dark\">\n<div class=\"container\">\n<div class=\"jeg_nav_row\">\n<div class=\"jeg_nav_col jeg_nav_center jeg_nav_grow\">\n<div class=\"item_wrap jeg_nav_aligncenter\">\n<div class=\"jeg_nav_item jeg_mobile_logo\">\n<div class=\"site-title\"><\/div>\n<\/div>\n<\/div>\n<\/div>\n<\/div>\n<\/div>\n<\/div>\n<\/div>\n<\/div>\n<div class=\"post-wrapper\">\n<div class=\"post-wrap\">\n<div class=\"jeg_main \">\n<div class=\"jeg_container\">\n<div class=\"jeg_content jeg_singlepage\">\n<div class=\"container\">\n<div class=\"row\">\n<div class=\"jeg_main_content col-md-8\">\n<div class=\"jeg_inner_content\">\n<div class=\"jeg_share_top_container\">\n<div class=\"jeg_share_button clearfix\">\n<div class=\"jeg_sharelist\"><\/div>\n<\/div>\n<\/div>\n<div class=\"jeg_ad jeg_article jnews_content_top_ads \">\n<div class=\"ads-wrapper \"><\/div>\n<\/div>\n<div class=\"entry-content no-share\">\n<div class=\"jeg_share_button share-float jeg_sticky_share clearfix share-monocrhome\">\n<div class=\"jeg_share_float_container\"><\/div>\n<\/div>\n<div class=\"content-inner \">\n<p><strong>L&rsquo;augmentation des produits p\u00e9troliers dans les pompes par le gouvernement guin\u00e9en, n&rsquo;est pas du go\u00fbt de tout le monde, notamment certains leaders des partis politiques.\u00a0<\/strong><\/p>\n<p><strong>Invit\u00e9 chez nos confr\u00e8res de FIM FM, ce mercredi 04 Ao\u00fbt 2021, Aliou Bah pr\u00e9sident du MODEL s&rsquo;est prononc\u00e9 sur l&rsquo;augmentation du prix du carburant. Selon lui, le gouvernement guin\u00e9en n&rsquo;a aucune raison valable pour augmenter le prix du carburant \u00e0 la pompe.\u00a0<\/strong><\/p>\n<p><strong>Il pense que le gouvernement devrait faire un effort pour r\u00e9duire les charges fiscales sur les denr\u00e9es les plus consomm\u00e9es pour favoriser la consommation aux citoyens au lieu de faire des augmentations \u00a0\u00bbfantaisistes\u2019\u2019 sur le prix du carburant.\u00a0<\/strong><\/p>\n<p><em>\u201cPrenez l\u2019architecture du prix, l\u2019Etat guin\u00e9en gagne au minimum 2 700 francs guin\u00e9ens par litre et \u00e7a fait n ann\u00e9es que \u00e7a dure. Pourquoi taxer quelque chose qui vous rapporte, quelque chose que vous subventionner ? La subvention dont l\u2019\u00c9tat guin\u00e9en parle, ce n\u2019est pas de la liquidit\u00e9 inject\u00e9e c\u2019est plut\u00f4t une renonciation qu\u2019il peut faire parce qu\u2019il peut fabriquer toutes sortes de taxes, c\u2019est de sa responsabilit\u00e9. Il faut plut\u00f4t r\u00e9duire les charges fiscales sur les denr\u00e9es les plus consomm\u00e9es pour favoriser la consommation\u201d,<\/em> <strong>a-t-il martel\u00e9, Aliou Bah.<\/strong><\/p>\n<\/div>\n<p><strong>Aissata\u00a0 Sylla\u00a0<\/strong><\/p>\n<\/div>\n<\/div>\n<\/div>\n<\/div>\n<\/div>\n<\/div>\n<\/div>\n<\/div>\n<\/div>\n<\/div>\n","protected":false},"excerpt":{"rendered":"<p>L&rsquo;augmentation des produits p\u00e9troliers dans les pompes par le gouvernement guin\u00e9en, n&rsquo;est pas du go\u00fbt de tout le monde, notamment certains leaders des partis politiques.\u00a0 Invit\u00e9 chez nos confr\u00e8res de FIM FM, ce mercredi 04 Ao\u00fbt 2021, Aliou Bah pr\u00e9sident du MODEL s&rsquo;est prononc\u00e9 sur l&rsquo;augmentation du prix du carburant. Selon lui, le gouvernement guin\u00e9en [&hellip;]<\/p>\n","protected":false},"author":2,"featured_media":9520,"comment_status":"closed","ping_status":"closed","sticky":false,"template":"","format":"standard","meta":{"_jetpack_memberships_contains_paid_content":false,"footnotes":""},"categories":[4,5],"tags":[],"class_list":["post-9518","post","type-post","status-publish","format-standard","has-post-thumbnail","hentry","category-actu","category-politique"],"jetpack_featured_media_url":"https:\/\/i0.wp.com\/liberationinfo.com\/wp-content\/uploads\/2021\/08\/20210204-ALIOU-BAH-MODEL.jpeg?fit=720%2C480&ssl=1","jetpack-related-posts":[],"jetpack_sharing_enabled":true,"_links":{"self":[{"href":"https:\/\/liberationinfo.com\/index.php\/wp-json\/wp\/v2\/posts\/9518","targetHints":{"allow":["GET"]}}],"collection":[{"href":"https:\/\/liberationinfo.com\/index.php\/wp-json\/wp\/v2\/posts"}],"about":[{"href":"https:\/\/liberationinfo.com\/index.php\/wp-json\/wp\/v2\/types\/post"}],"author":[{"embeddable":true,"href":"https:\/\/liberationinfo.com\/index.php\/wp-json\/wp\/v2\/users\/2"}],"replies":[{"embeddable":true,"href":"https:\/\/liberationinfo.com\/index.php\/wp-json\/wp\/v2\/comments?post=9518"}],"version-history":[{"count":0,"href":"https:\/\/liberationinfo.com\/index.php\/wp-json\/wp\/v2\/posts\/9518\/revisions"}],"wp:featuredmedia":[{"embeddable":true,"href":"https:\/\/liberationinfo.com\/index.php\/wp-json\/wp\/v2\/media\/9520"}],"wp:attachment":[{"href":"https:\/\/liberationinfo.com\/index.php\/wp-json\/wp\/v2\/media?parent=9518"}],"wp:term":[{"taxonomy":"category","embeddable":true,"href":"https:\/\/liberationinfo.com\/index.php\/wp-json\/wp\/v2\/categories?post=9518"},{"taxonomy":"post_tag","embeddable":true,"href":"https:\/\/liberationinfo.com\/index.php\/wp-json\/wp\/v2\/tags?post=9518"}],"curies":[{"name":"wp","href":"https:\/\/api.w.org\/{rel}","templated":true}]}}