{"id":9498,"date":"2021-08-04T13:38:41","date_gmt":"2021-08-04T13:38:41","guid":{"rendered":"https:\/\/liberationinfo.com\/?p=9498"},"modified":"2021-08-04T13:42:27","modified_gmt":"2021-08-04T13:42:27","slug":"hausse-du-prix-du-carburant-de-gros-risques-dinflation-et-de-pauperisation-des-guineens-en-vue","status":"publish","type":"post","link":"https:\/\/liberationinfo.com\/index.php\/hausse-du-prix-du-carburant-de-gros-risques-dinflation-et-de-pauperisation-des-guineens-en-vue\/","title":{"rendered":"Hausse du prix du carburant: de gros risques d\u2019inflation et de paup\u00e9risation des Guin\u00e9ens en vue"},"content":{"rendered":"<div class=\"entry-header\">\n<h1 class=\"jeg_post_title\"><\/h1>\n<\/div>\n<div class=\"jeg_share_top_container\">\n<div class=\"jeg_share_button clearfix\">\n<div class=\"jeg_sharelist\"><\/div>\n<\/div>\n<\/div>\n<div class=\"jeg_ad jeg_article jnews_content_top_ads \">\n<div class=\"ads-wrapper \"><\/div>\n<\/div>\n<div class=\"entry-content no-share\">\n<div class=\"jeg_share_button share-float jeg_sticky_share clearfix share-monocrhome\">\n<div class=\"jeg_share_float_container\"><\/div>\n<\/div>\n<div class=\"content-inner \">\n<p>Qu\u2019\u00e0 cela ne tienne, cette augmentation pourrait comporter de gros risques d\u2019inflation.<\/p>\n<p>&nbsp;<\/p>\n<p>En d\u00e9pit des mesures d\u2019accompagnement\u00a0d\u2019application impossible sur le terrain, elle\u00a0ne sera pas sans cons\u00e9quences sur le niveau de vie d\u00e9j\u00e0 pr\u00e9caire des Guin\u00e9ens<\/p>\n<p>&nbsp;<\/p>\n<p>La possibilit\u00e9 d\u2019une\u00a0r\u00e9percussion\u00a0sur le prix d\u2019achat sur le march\u00e9 est quasi certains. On le constate d\u00e9j\u00e0, des heures apr\u00e8s l\u2019annonce du r\u00e9ajustement \u00e0 la hausse du prix du litre du carburant. Cela aura pour cons\u00e9quences la baisse du pouvoir d\u2019achat, aggravant ainsi l\u2019\u00e9tat de paup\u00e9risation des populations.<\/p>\n<p>&nbsp;<\/p>\n<p>Selon les pr\u00e9visions, plus de 150 milliards de francs guin\u00e9ens d\u2019\u00e9conomie sera faite par l\u2019\u00c9tat tous les mois.<\/p>\n<p>&nbsp;<\/p>\n<p>La question est donc\u00a0de savoir, que fera l\u2019\u00c9tat de cette \u00e9conomie quand on sait que dans notre pays, les d\u00e9penses publiques ne sont pas moralis\u00e9es. Cela se corrobore par l\u2019interpellation du pr\u00e9sident de la R\u00e9publique, Alpha Cond\u00e9, la semaine derni\u00e8re en Conseil des ministres quand il a \u00e9voqu\u00e9 ces d\u00e9penses publiques.<\/p>\n<p>&nbsp;<\/p>\n<p>En r\u00e9alit\u00e9, cette \u00e9conomie r\u00e9alis\u00e9e sur le prix du carburant doit aller en grande partie dans le volet social. C\u2019est du moins ce qu\u2019on peut lire dans le rapport de la Banque mondiale.<\/p>\n<p>&nbsp;<\/p>\n<p><strong>Mohamed Zaka<\/strong><\/p>\n<div id=\"taboola-below-article\" class=\" trc_related_container trc_spotlight_widget tbl-feed-container tbl-feed-frame-DIVIDER render-late-effect\">\n<div class=\" tbl-feed-header tbl-logo-right-position\">\n<div class=\"tbl-feed-header-logo\"><\/div>\n<\/div>\n<\/div>\n<\/div>\n<\/div>\n","protected":false},"excerpt":{"rendered":"<p>Qu\u2019\u00e0 cela ne tienne, cette augmentation pourrait comporter de gros risques d\u2019inflation. &nbsp; En d\u00e9pit des mesures d\u2019accompagnement\u00a0d\u2019application impossible sur le terrain, elle\u00a0ne sera pas sans cons\u00e9quences sur le niveau de vie d\u00e9j\u00e0 pr\u00e9caire des Guin\u00e9ens &nbsp; La possibilit\u00e9 d\u2019une\u00a0r\u00e9percussion\u00a0sur le prix d\u2019achat sur le march\u00e9 est quasi certains. On le constate d\u00e9j\u00e0, des heures [&hellip;]<\/p>\n","protected":false},"author":2,"featured_media":9500,"comment_status":"closed","ping_status":"closed","sticky":false,"template":"","format":"standard","meta":{"_jetpack_memberships_contains_paid_content":false,"footnotes":""},"categories":[4,6],"tags":[],"class_list":["post-9498","post","type-post","status-publish","format-standard","has-post-thumbnail","hentry","category-actu","category-societe"],"jetpack_featured_media_url":"https:\/\/i0.wp.com\/liberationinfo.com\/wp-content\/uploads\/2021\/08\/WhatsApp-Image-2021-04-10-at-11.27.49.jpeg?fit=1000%2C750&ssl=1","jetpack-related-posts":[],"jetpack_sharing_enabled":true,"_links":{"self":[{"href":"https:\/\/liberationinfo.com\/index.php\/wp-json\/wp\/v2\/posts\/9498","targetHints":{"allow":["GET"]}}],"collection":[{"href":"https:\/\/liberationinfo.com\/index.php\/wp-json\/wp\/v2\/posts"}],"about":[{"href":"https:\/\/liberationinfo.com\/index.php\/wp-json\/wp\/v2\/types\/post"}],"author":[{"embeddable":true,"href":"https:\/\/liberationinfo.com\/index.php\/wp-json\/wp\/v2\/users\/2"}],"replies":[{"embeddable":true,"href":"https:\/\/liberationinfo.com\/index.php\/wp-json\/wp\/v2\/comments?post=9498"}],"version-history":[{"count":0,"href":"https:\/\/liberationinfo.com\/index.php\/wp-json\/wp\/v2\/posts\/9498\/revisions"}],"wp:featuredmedia":[{"embeddable":true,"href":"https:\/\/liberationinfo.com\/index.php\/wp-json\/wp\/v2\/media\/9500"}],"wp:attachment":[{"href":"https:\/\/liberationinfo.com\/index.php\/wp-json\/wp\/v2\/media?parent=9498"}],"wp:term":[{"taxonomy":"category","embeddable":true,"href":"https:\/\/liberationinfo.com\/index.php\/wp-json\/wp\/v2\/categories?post=9498"},{"taxonomy":"post_tag","embeddable":true,"href":"https:\/\/liberationinfo.com\/index.php\/wp-json\/wp\/v2\/tags?post=9498"}],"curies":[{"name":"wp","href":"https:\/\/api.w.org\/{rel}","templated":true}]}}