{"id":9338,"date":"2021-07-28T18:51:34","date_gmt":"2021-07-28T18:51:34","guid":{"rendered":"https:\/\/liberationinfo.com\/?p=9338"},"modified":"2021-07-28T18:53:50","modified_gmt":"2021-07-28T18:53:50","slug":"le-president-angolais-joao-lourenco-en-visite-officielle-a-conakry-communique","status":"publish","type":"post","link":"https:\/\/liberationinfo.com\/index.php\/le-president-angolais-joao-lourenco-en-visite-officielle-a-conakry-communique\/","title":{"rendered":"Le pr\u00e9sident angolais, attendu \u00e0 Conakry ce jeudi 29 juillet  (communiqu\u00e9)"},"content":{"rendered":"<header id=\"masthead\" class=\"site-header header-simple style_black\">\n<div id=\"nerubian-header\">\n<div class=\"header-content bar header-fixed fixed scroll-top\">\n<div class=\"container\">\n<div class=\"nerubian-header-content \">\n<div class=\"header-content-right\">\n<div class=\"searchform-mini\"><\/div>\n<\/div>\n<\/div>\n<\/div>\n<\/div>\n<\/div>\n<\/header>\n<div id=\"content\" class=\"site-content\">\n<div class=\"wrap-content\">\n<div class=\"container\">\n<div class=\"row single-main-content\">\n<div class=\"main-content content-right col-sx-12 col-sm-12 col-md-9 col-lg-9\">\n<div class=\"content-inner\">\n<div class=\"code-block code-block-1\"><\/div>\n<div class=\"box box-article\">\n<article id=\"post-160809\" class=\"post-160809 post type-post status-publish format-standard has-post-thumbnail hentry category-politique\">\n<div class=\"post-image single-image\"><\/div>\n<div class=\"entry-content clearfix\">\n<div class=\"entry-content-inner padding-left\">\n<div class=\"pf-content\">\n<p><strong>Communiqu\u00e9<\/strong>\u2013 Dans le cadre du renforcement des liens d\u2019amiti\u00e9 et de fraternit\u00e9 existant entre la R\u00e9publique de Guin\u00e9e et la R\u00e9publique d\u2019Angola, Son Excellence Monsieur\u00a0<strong>Jo\u00e3o Louren\u00e7o<\/strong>, Pr\u00e9sident Angolais, effectuera \u00e0 partir du\u00a0<strong>jeudi 29 juillet 2021<\/strong>, une visite officielle \u00e0 Conakry.<\/p>\n<p>Sont convi\u00e9es \u00e0 prendre part au c\u00e9r\u00e9monial d\u2019accueil pr\u00e9vu le\u00a0<strong>jeudi 29 juillet 2021\u00a0<\/strong>\u00e0\u00a0<strong>12 heures 40 minutes \u00e0 l\u2019A\u00e9roport International de Conakry-Gb\u00e9ssia<\/strong>, les personnalit\u00e9s ci-apr\u00e8s\u00a0:<\/p>\n<div class=\"code-block code-block-2\"><\/div>\n<p>\u2022\u00a0\u00a0\u00a0\u00a0\u00a0\u00a0\u00a0 Monsieur le Pr\u00e9sident de l\u2019Assembl\u00e9e Nationale ;<\/p>\n<p>\u2022\u00a0\u00a0\u00a0\u00a0\u00a0\u00a0\u00a0 Monsieur le Premier Ministre, Chef du Gouvernement ;<\/p>\n<p>Monsieur le Haut Repr\u00e9sentant du Chef de l\u2019Etat<strong>;<\/strong><\/p>\n<p>\u2022\u00a0\u00a0\u00a0\u00a0\u00a0\u00a0\u00a0 Monsieur le Pr\u00e9sident de la Cour Supr\u00eame ;<\/p>\n<p>\u2022\u00a0\u00a0\u00a0\u00a0\u00a0\u00a0\u00a0 Monsieur le Pr\u00e9sident de la Cour Constitutionnelle ;<\/p>\n<p>\u2022\u00a0\u00a0\u00a0\u00a0\u00a0\u00a0\u00a0 Monsieur le Pr\u00e9sident de la Cour des Comptes\u00a0;<\/p>\n<p>\u2022\u00a0\u00a0\u00a0\u00a0\u00a0\u00a0\u00a0 Monsieur le Pr\u00e9sident de la Haute Autorit\u00e9 de la Communication;<\/p>\n<p>\u2022\u00a0\u00a0\u00a0\u00a0\u00a0\u00a0\u00a0 Madame la Pr\u00e9sidente du Conseil Economique, Culturel et Social ;<\/p>\n<p>\u2022\u00a0\u00a0\u00a0\u00a0\u00a0\u00a0\u00a0 Monsieur le M\u00e9diateur de la R\u00e9publique ;<\/p>\n<p>\u2022\u00a0\u00a0\u00a0\u00a0\u00a0\u00a0\u00a0 Monsieur le Pr\u00e9sident de la Commission Electorale Nationale Ind\u00e9pendante ;<\/p>\n<p><strong>\u2022\u00a0\u00a0\u00a0\u00a0\u00a0\u00a0\u00a0\u00a0<\/strong>Monsieur le\u00a0Secr\u00e9taire permanent du cadre de dialogue\u00a0;<\/p>\n<ul>\n<li>Mesdames et Messieurs les Membres du Gouvernement ;<\/li>\n<\/ul>\n<p>\u2022\u00a0\u00a0\u00a0\u00a0\u00a0\u00a0\u00a0 Mesdames et Messieurs les Ministres Conseillers membres du Cabinet Pr\u00e9sidentiel ;<\/p>\n<p>\u2022\u00a0\u00a0\u00a0\u00a0\u00a0\u00a0\u00a0 Monsieur le Chef d\u2019Etat-major G\u00e9n\u00e9ral des Arm\u00e9es ;<\/p>\n<p>\u2022\u00a0\u00a0\u00a0\u00a0\u00a0\u00a0\u00a0 Monsieur le Haut Commandant de la Gendarmerie Nationale;<\/p>\n<p>\u2022\u00a0\u00a0\u00a0\u00a0\u00a0\u00a0\u00a0 Messieurs les Chefs des Etats-majors des Arm\u00e9es de Terre, de l\u2019Air et de la Marine;<\/p>\n<p>\u2022\u00a0\u00a0\u00a0\u00a0\u00a0\u00a0\u00a0 Monsieur le Chef d\u2019Etat-major Particulier de la Pr\u00e9sidence ;<\/p>\n<div class=\"google-auto-placed ap_container\"><\/div>\n<p>\u2022\u00a0\u00a0\u00a0\u00a0\u00a0\u00a0\u00a0 Messieurs les Directeurs G\u00e9n\u00e9raux de la Police Nationale, de la Douane et des Conservateurs de la Nature ;<\/p>\n<ul>\n<li>Mesdames et Messieurs les Chefs des Missions Diplomatiques et les Repr\u00e9sentants des Organisations Internationales ;<\/li>\n<\/ul>\n<p>\u2022\u00a0\u00a0\u00a0\u00a0\u00a0\u00a0\u00a0 Monsieur le Gouverneur de la ville de Conakry.<\/p>\n<p><strong>Conakry, le 28 juillet 2021<\/strong><\/p>\n<p><strong>\u00a0\u00a0\u00a0\u00a0\u00a0\u00a0\u00a0\u00a0\u00a0\u00a0\u00a0\u00a0\u00a0\u00a0 Mamady Sinkoun Kaba<\/strong><\/p>\n<p><strong>Ambassadeur, Directeur du Protocole d\u2019Etat<\/strong><\/p>\n<\/div>\n<\/div>\n<\/div>\n<\/article>\n<\/div>\n<\/div>\n<\/div>\n<\/div>\n<\/div>\n<\/div>\n<\/div>\n","protected":false},"excerpt":{"rendered":"<p>Communiqu\u00e9\u2013 Dans le cadre du renforcement des liens d\u2019amiti\u00e9 et de fraternit\u00e9 existant entre la R\u00e9publique de Guin\u00e9e et la R\u00e9publique d\u2019Angola, Son Excellence Monsieur\u00a0Jo\u00e3o Louren\u00e7o, Pr\u00e9sident Angolais, effectuera \u00e0 partir du\u00a0jeudi 29 juillet 2021, une visite officielle \u00e0 Conakry. Sont convi\u00e9es \u00e0 prendre part au c\u00e9r\u00e9monial d\u2019accueil pr\u00e9vu le\u00a0jeudi 29 juillet 2021\u00a0\u00e0\u00a012 heures 40 [&hellip;]<\/p>\n","protected":false},"author":2,"featured_media":9197,"comment_status":"closed","ping_status":"closed","sticky":false,"template":"","format":"standard","meta":{"_jetpack_memberships_contains_paid_content":false,"footnotes":""},"categories":[4,5],"tags":[],"class_list":["post-9338","post","type-post","status-publish","format-standard","has-post-thumbnail","hentry","category-actu","category-politique"],"jetpack_featured_media_url":"https:\/\/i0.wp.com\/liberationinfo.com\/wp-content\/uploads\/2021\/07\/Joao_Lourenco_May_2017.jpg?fit=664%2C865&ssl=1","jetpack-related-posts":[],"jetpack_sharing_enabled":true,"_links":{"self":[{"href":"https:\/\/liberationinfo.com\/index.php\/wp-json\/wp\/v2\/posts\/9338","targetHints":{"allow":["GET"]}}],"collection":[{"href":"https:\/\/liberationinfo.com\/index.php\/wp-json\/wp\/v2\/posts"}],"about":[{"href":"https:\/\/liberationinfo.com\/index.php\/wp-json\/wp\/v2\/types\/post"}],"author":[{"embeddable":true,"href":"https:\/\/liberationinfo.com\/index.php\/wp-json\/wp\/v2\/users\/2"}],"replies":[{"embeddable":true,"href":"https:\/\/liberationinfo.com\/index.php\/wp-json\/wp\/v2\/comments?post=9338"}],"version-history":[{"count":0,"href":"https:\/\/liberationinfo.com\/index.php\/wp-json\/wp\/v2\/posts\/9338\/revisions"}],"wp:featuredmedia":[{"embeddable":true,"href":"https:\/\/liberationinfo.com\/index.php\/wp-json\/wp\/v2\/media\/9197"}],"wp:attachment":[{"href":"https:\/\/liberationinfo.com\/index.php\/wp-json\/wp\/v2\/media?parent=9338"}],"wp:term":[{"taxonomy":"category","embeddable":true,"href":"https:\/\/liberationinfo.com\/index.php\/wp-json\/wp\/v2\/categories?post=9338"},{"taxonomy":"post_tag","embeddable":true,"href":"https:\/\/liberationinfo.com\/index.php\/wp-json\/wp\/v2\/tags?post=9338"}],"curies":[{"name":"wp","href":"https:\/\/api.w.org\/{rel}","templated":true}]}}