{"id":9290,"date":"2021-07-26T18:24:20","date_gmt":"2021-07-26T18:24:20","guid":{"rendered":"https:\/\/liberationinfo.com\/?p=9290"},"modified":"2021-07-26T18:24:20","modified_gmt":"2021-07-26T18:24:20","slug":"france-football-pourrait-donner-deux-ballons-dor-cette-annee","status":"publish","type":"post","link":"https:\/\/liberationinfo.com\/index.php\/france-football-pourrait-donner-deux-ballons-dor-cette-annee\/","title":{"rendered":"France Football pourrait donner deux Ballons d\u2019or cette ann\u00e9e."},"content":{"rendered":"<div class=\"jeg_navbar_mobile_wrapper\">\n<div class=\"jeg_navbar_mobile jeg_sticky_nav\">\n<div class=\"jeg_mobile_bottombar jeg_mobile_midbar jeg_container dark\">\n<div class=\"container\">\n<div class=\"jeg_nav_row\">\n<div class=\"jeg_nav_col jeg_nav_center jeg_nav_grow\">\n<div class=\"item_wrap jeg_nav_aligncenter\">\n<div class=\"jeg_nav_item jeg_mobile_logo\">\n<div class=\"site-title\"><\/div>\n<\/div>\n<\/div>\n<\/div>\n<\/div>\n<\/div>\n<\/div>\n<\/div>\n<\/div>\n<div class=\"post-wrapper\">\n<div class=\"post-wrap post-autoload loaded\" data-id=\"49402\">\n<div class=\"jeg_main jeg_sidebar_none\">\n<div class=\"jeg_container\">\n<div class=\"jeg_content jeg_singlepage\">\n<div class=\"container\">\n<div class=\"row\">\n<div class=\"jeg_main_content col-md-12\">\n<div class=\"jeg_inner_content\">\n<div class=\"entry-header\">\n<div class=\"jeg_meta_container\">\n<div class=\"jeg_post_meta jeg_post_meta_1\">\n<div class=\"meta_right\"><\/div>\n<\/div>\n<\/div>\n<\/div>\n<div class=\"jeg_featured featured_image\">\n<div class=\"thumbnail-container animate-lazy\"><\/div>\n<\/div>\n<div class=\"jeg_ad jeg_article jnews_content_top_ads \">\n<div class=\"ads-wrapper  \">\n<div class=\"ads_code\"><ins class=\"adsbygoogle\" data-ad-client=\"ca-pub-2960298571069732\" data-ad-slot=\"1624366181\" data-ad-format=\"auto\" data-full-width-responsive=\"true\" data-adsbygoogle-status=\"done\" data-ad-status=\"unfilled\"><ins id=\"aswift_3_expand\" title=\"Advertisement\" aria-label=\"Advertisement\"><ins id=\"aswift_3_anchor\"><\/ins><\/ins><\/ins><\/div>\n<\/div>\n<\/div>\n<div class=\"entry-content no-share\">\n<div class=\"jeg_share_button share-float jeg_sticky_share clearfix share-monocrhome\">\n<div class=\"theiaStickySidebar\"><\/div>\n<\/div>\n<div class=\"content-inner \">\n<div class=\"jeg_share_top_container\">\n<div class=\"jeg_share_button colored clearfix\">\n<div class=\"jeg_sharelist type-1\"><\/div>\n<\/div>\n<\/div>\n<p>Le Ballon d\u2019or cr\u00e9e d\u00e9j\u00e0 beaucoup de d\u00e9bats sur les r\u00e9seaux sociaux. Nous ne somme qu\u2019en Juillet mais les fans pensent d\u00e9j\u00e0 \u00e0 cette c\u00e9r\u00e9monie de D\u00e9cembre.<\/p>\n<p>La remise des prix du Ballon d\u2019Or France Football 2021 aura lieu \u00e0 Paris le 5 d\u00e9cembre, selon le journal L\u2019Equipe.<\/p>\n<p><strong>D\u2019apr\u00e8s les rumeurs, France Football devrait remettre deux ballons d\u2019or le jour de la C\u00e9r\u00e9monie, une premi\u00e8re dans l\u2019histoire de ce Troph\u00e9e<\/strong><\/p>\n<div class=\"jeg_ad jeg_ad_article jnews_content_inline_ads  \">\n<div class=\"ads-wrapper align-right \">\n<div class=\"ads_code\"><\/div>\n<\/div>\n<\/div>\n<p>Le fait est que le Ballon d\u2019Or 2020 a \u00e9t\u00e9 annul\u00e9 en raison de la pand\u00e9mie de Covid-19.<\/p>\n<p>La saison 2019\/20, cependant, s\u2019est termin\u00e9e bien apr\u00e8s la d\u00e9cision de FF avec Robert Lewandowski menant le Bayern Munich \u00e0 des victoires en Bundesliga, en Coupe d\u2019Allemagne et en Ligue des champions avec 55 buts en 47 apparitions toutes comp\u00e9titions confondues.<\/p>\n<p><strong>Apparemment, ce sera l\u2019international polonais qui remportera l\u2019\u00e9dition 2020<\/strong>\u00a0du prix en d\u00e9cembre.<\/p>\n<p>Quant au prix de cette ann\u00e9e 2021, les favoris sont Jorginho, Lionel Messi, Cristiano Ronaldo ou encore Knt\u00e9.<\/p>\n<\/div>\n<\/div>\n<\/div>\n<\/div>\n<\/div>\n<\/div>\n<\/div>\n<\/div>\n<\/div>\n<\/div>\n<\/div>\n","protected":false},"excerpt":{"rendered":"<p>Le Ballon d\u2019or cr\u00e9e d\u00e9j\u00e0 beaucoup de d\u00e9bats sur les r\u00e9seaux sociaux. Nous ne somme qu\u2019en Juillet mais les fans pensent d\u00e9j\u00e0 \u00e0 cette c\u00e9r\u00e9monie de D\u00e9cembre. La remise des prix du Ballon d\u2019Or France Football 2021 aura lieu \u00e0 Paris le 5 d\u00e9cembre, selon le journal L\u2019Equipe. D\u2019apr\u00e8s les rumeurs, France Football devrait remettre [&hellip;]<\/p>\n","protected":false},"author":2,"featured_media":9291,"comment_status":"closed","ping_status":"closed","sticky":false,"template":"","format":"standard","meta":{"_jetpack_memberships_contains_paid_content":false,"footnotes":""},"categories":[4,7],"tags":[],"class_list":["post-9290","post","type-post","status-publish","format-standard","has-post-thumbnail","hentry","category-actu","category-sport"],"jetpack_featured_media_url":"https:\/\/i0.wp.com\/liberationinfo.com\/wp-content\/uploads\/2021\/07\/715FE565-7141-4C21-8CEB-7F1BE840A92A-750x375-1.jpeg?fit=750%2C375&ssl=1","jetpack-related-posts":[],"jetpack_sharing_enabled":true,"_links":{"self":[{"href":"https:\/\/liberationinfo.com\/index.php\/wp-json\/wp\/v2\/posts\/9290","targetHints":{"allow":["GET"]}}],"collection":[{"href":"https:\/\/liberationinfo.com\/index.php\/wp-json\/wp\/v2\/posts"}],"about":[{"href":"https:\/\/liberationinfo.com\/index.php\/wp-json\/wp\/v2\/types\/post"}],"author":[{"embeddable":true,"href":"https:\/\/liberationinfo.com\/index.php\/wp-json\/wp\/v2\/users\/2"}],"replies":[{"embeddable":true,"href":"https:\/\/liberationinfo.com\/index.php\/wp-json\/wp\/v2\/comments?post=9290"}],"version-history":[{"count":0,"href":"https:\/\/liberationinfo.com\/index.php\/wp-json\/wp\/v2\/posts\/9290\/revisions"}],"wp:featuredmedia":[{"embeddable":true,"href":"https:\/\/liberationinfo.com\/index.php\/wp-json\/wp\/v2\/media\/9291"}],"wp:attachment":[{"href":"https:\/\/liberationinfo.com\/index.php\/wp-json\/wp\/v2\/media?parent=9290"}],"wp:term":[{"taxonomy":"category","embeddable":true,"href":"https:\/\/liberationinfo.com\/index.php\/wp-json\/wp\/v2\/categories?post=9290"},{"taxonomy":"post_tag","embeddable":true,"href":"https:\/\/liberationinfo.com\/index.php\/wp-json\/wp\/v2\/tags?post=9290"}],"curies":[{"name":"wp","href":"https:\/\/api.w.org\/{rel}","templated":true}]}}