{"id":9158,"date":"2021-07-19T07:50:37","date_gmt":"2021-07-19T07:50:37","guid":{"rendered":"https:\/\/liberationinfo.com\/?p=9158"},"modified":"2021-07-19T07:50:37","modified_gmt":"2021-07-19T07:50:37","slug":"embalo-recoit-tshisekedi-a-bissau-le-fils-de-lumumba-est-venu-voir-les-enfants-de-nkrumah-de-sekou-toure-et-de-cabral","status":"publish","type":"post","link":"https:\/\/liberationinfo.com\/index.php\/embalo-recoit-tshisekedi-a-bissau-le-fils-de-lumumba-est-venu-voir-les-enfants-de-nkrumah-de-sekou-toure-et-de-cabral\/","title":{"rendered":"Embal\u00f3 re\u00e7oit Tshisekedi \u00e0 Bissau: \u00ab le fils de Lumumba est venu voir les enfants de NKrumah, de S\u00e9kou Tour\u00e9 et de Cabral \u00bb"},"content":{"rendered":"<div class=\"row single-main-content\">\n<div class=\"main-content content-right col-sx-12 col-sm-12 col-md-9 col-lg-9\">\n<div class=\"content-inner\">\n<div class=\"box box-article\">\n<article id=\"post-160085\" class=\"post-160085 post type-post status-publish format-standard has-post-thumbnail hentry category-la-une\">\n<div class=\"post-image single-image\">\n<figure class=\"wp-single-image\"><\/figure>\n<\/div>\n<div class=\"entry-content clearfix\">\n<div class=\"entry-content-inner padding-left\">\n<div class=\"pf-content\">\n<p>Apr\u00e8s Accra et Conakry, le pr\u00e9sident de la R\u00e9publique d\u00e9mocratique du Congo (RDC), F\u00e9lix-Antoine Tshisekedi Tshilombo, a mis le cap\u00a0sur Bissau pour rencontrer Umaro Sissoco Embal\u00f3.\u00a0\u00a0Le pr\u00e9sident de Guin\u00e9e-Bissau revient ici sur l\u2019importance de cette visite qui s\u2019est achev\u00e9e ce dimanche.<\/p>\n<figure class=\"wp-block-image size-large\"><img data-recalc-dims=\"1\" height=\"464\" width=\"696\" decoding=\"async\" class=\"wp-image-160087\" src=\"https:\/\/i0.wp.com\/mediaguinee.org\/wp-content\/uploads\/2021\/07\/FB_IMG_1626654046575-1024x683.jpg?resize=696%2C464&#038;ssl=1\" srcset=\"https:\/\/mediaguinee.org\/wp-content\/uploads\/2021\/07\/FB_IMG_1626654046575-1024x683.jpg 1024w, https:\/\/mediaguinee.org\/wp-content\/uploads\/2021\/07\/FB_IMG_1626654046575-300x200.jpg 300w, https:\/\/mediaguinee.org\/wp-content\/uploads\/2021\/07\/FB_IMG_1626654046575-768x512.jpg 768w, https:\/\/mediaguinee.org\/wp-content\/uploads\/2021\/07\/FB_IMG_1626654046575-435x290.jpg 435w, https:\/\/mediaguinee.org\/wp-content\/uploads\/2021\/07\/FB_IMG_1626654046575-150x100.jpg 150w, https:\/\/mediaguinee.org\/wp-content\/uploads\/2021\/07\/FB_IMG_1626654046575-370x247.jpg 370w, https:\/\/mediaguinee.org\/wp-content\/uploads\/2021\/07\/FB_IMG_1626654046575.jpg 1080w\" alt=\"\" \/><\/figure>\n<figure class=\"wp-block-image size-large\"><img data-recalc-dims=\"1\" height=\"464\" width=\"696\" decoding=\"async\" class=\"wp-image-160088\" src=\"https:\/\/i0.wp.com\/mediaguinee.org\/wp-content\/uploads\/2021\/07\/FB_IMG_1626654021031-1024x683.jpg?resize=696%2C464&#038;ssl=1\" srcset=\"https:\/\/mediaguinee.org\/wp-content\/uploads\/2021\/07\/FB_IMG_1626654021031-1024x683.jpg 1024w, https:\/\/mediaguinee.org\/wp-content\/uploads\/2021\/07\/FB_IMG_1626654021031-300x200.jpg 300w, https:\/\/mediaguinee.org\/wp-content\/uploads\/2021\/07\/FB_IMG_1626654021031-768x512.jpg 768w, https:\/\/mediaguinee.org\/wp-content\/uploads\/2021\/07\/FB_IMG_1626654021031-435x290.jpg 435w, https:\/\/mediaguinee.org\/wp-content\/uploads\/2021\/07\/FB_IMG_1626654021031-150x100.jpg 150w, https:\/\/mediaguinee.org\/wp-content\/uploads\/2021\/07\/FB_IMG_1626654021031-370x247.jpg 370w, https:\/\/mediaguinee.org\/wp-content\/uploads\/2021\/07\/FB_IMG_1626654021031.jpg 1080w\" alt=\"\" \/><\/figure>\n<p>\u00ab\u00a0J\u2019ai re\u00e7u le pr\u00e9sident F\u00e9lix Tshisekedi\u00a0 en tant que pr\u00e9sident en exercice de l\u2019Union africaine. (\u2026). Il a \u00e9t\u00e9 au Ghana et en Guin\u00e9e-Conakry. Et hier (samedi) il \u00e9tait ici. Mais la Guin\u00e9e-Bissau, avec le Congo, partage le m\u00eame id\u00e9al, c\u2019est Patrice Lumumba, digne fils de d\u2019Afrique. Tout comme Amilcar Cabral, Kwame NKrumah et S\u00e9kou Tour\u00e9. Donc, si vous voyez, c\u2019est une co\u00efncidence mais qui \u00e9tait tr\u00e8s importante et touchante. Le fils de Lumumba qui vient voir les enfants de NKrumah, de S\u00e9kou Tour\u00e9 et de Cabral. \u00c7a montre que c\u2019est un signe tr\u00e8s important et touchant. Donc nous, en tant qu\u2019Africains, on doit honorer ces grands leaders qui, aujourd\u2019hui, ont combattu pour la lib\u00e9ration de d\u2019Afrique. Quand on dit Amilcar Cabral, NKrumah, Sekou Tour\u00e9 et Lumumba, ces p\u00e8res fondateurs de d\u2019Afrique, aujourd\u2019hui nous sommes fiers de suivre leur chemin. O\u00f9 ils sont aujourd\u2019hui au-del\u00e0 de ce monde, ils sont fiers du pr\u00e9sident Tshisekedi. Je ne sais pas qui lui a conseill\u00e9 \u00e7a.\u00a0 Mais c\u2019\u00e9tait vraiment un signe tr\u00e8s important. Lumumba est venu visiter NKrumah, il est parti visiter S\u00e9kou Tour\u00e9 et il a fini par Amilcar Cabral. Donc, la Guin\u00e9e-Bissau et le Congo ont une histoire qui d\u00e9passe les deux pr\u00e9sidents. Et chose qui m\u2019a touch\u00e9, il est m\u00eame en train de penser \u00e0 l\u2019ouverture de l\u2019ambassade de la r\u00e9publique du Congo en Guin\u00e9e-Bissau. \u00c7a, c\u2019est tr\u00e8s important. Et c\u2019est \u00e0 \u00e7a que Lumumba avait pens\u00e9, NKrumah, S\u00e9kou Tour\u00e9 et Amilcar Cabral. Et nous aujourd\u2019hui aussi bien s\u00fbr. Eux, ils ont fait leur temps. Notre g\u00e9n\u00e9ration doit \u00eatre une g\u00e9n\u00e9ration concr\u00e8te, ce n\u2019est pas une g\u00e9n\u00e9ration de r\u00eave bien s\u00fbr. Mais eux, ils ont r\u00eav\u00e9 d\u2019Afrique unie et cette Afrique o\u00f9 il y a F\u00e9lix, il y a Embal\u00f3\u00a0\u00bb,\u00a0a confi\u00e9 Umaro Sissoco Embal\u00f3 devant les journalistes.<\/p>\n<div class=\"code-block code-block-2\"><\/div>\n<figure class=\"wp-block-image size-large\"><img data-recalc-dims=\"1\" height=\"464\" width=\"696\" decoding=\"async\" class=\"wp-image-160089\" src=\"https:\/\/i0.wp.com\/mediaguinee.org\/wp-content\/uploads\/2021\/07\/FB_IMG_1626654017556-1024x683.jpg?resize=696%2C464&#038;ssl=1\" srcset=\"https:\/\/mediaguinee.org\/wp-content\/uploads\/2021\/07\/FB_IMG_1626654017556-1024x683.jpg 1024w, https:\/\/mediaguinee.org\/wp-content\/uploads\/2021\/07\/FB_IMG_1626654017556-300x200.jpg 300w, https:\/\/mediaguinee.org\/wp-content\/uploads\/2021\/07\/FB_IMG_1626654017556-768x512.jpg 768w, https:\/\/mediaguinee.org\/wp-content\/uploads\/2021\/07\/FB_IMG_1626654017556-435x290.jpg 435w, https:\/\/mediaguinee.org\/wp-content\/uploads\/2021\/07\/FB_IMG_1626654017556-150x100.jpg 150w, https:\/\/mediaguinee.org\/wp-content\/uploads\/2021\/07\/FB_IMG_1626654017556-370x247.jpg 370w, https:\/\/mediaguinee.org\/wp-content\/uploads\/2021\/07\/FB_IMG_1626654017556.jpg 1080w\" alt=\"\" \/><\/figure>\n<p><strong>Mediaguinee.com <\/strong><\/p>\n<\/div>\n<\/div>\n<\/div>\n<\/article>\n<\/div>\n<\/div>\n<\/div>\n<\/div>\n","protected":false},"excerpt":{"rendered":"<p>Apr\u00e8s Accra et Conakry, le pr\u00e9sident de la R\u00e9publique d\u00e9mocratique du Congo (RDC), F\u00e9lix-Antoine Tshisekedi Tshilombo, a mis le cap\u00a0sur Bissau pour rencontrer Umaro Sissoco Embal\u00f3.\u00a0\u00a0Le pr\u00e9sident de Guin\u00e9e-Bissau revient ici sur l\u2019importance de cette visite qui s\u2019est achev\u00e9e ce dimanche. \u00ab\u00a0J\u2019ai re\u00e7u le pr\u00e9sident F\u00e9lix Tshisekedi\u00a0 en tant que pr\u00e9sident en exercice de l\u2019Union [&hellip;]<\/p>\n","protected":false},"author":2,"featured_media":9159,"comment_status":"closed","ping_status":"closed","sticky":false,"template":"","format":"standard","meta":{"_jetpack_memberships_contains_paid_content":false,"footnotes":""},"categories":[4,5],"tags":[],"class_list":["post-9158","post","type-post","status-publish","format-standard","has-post-thumbnail","hentry","category-actu","category-politique"],"jetpack_featured_media_url":"https:\/\/i0.wp.com\/liberationinfo.com\/wp-content\/uploads\/2021\/07\/FB_IMG_1626654013404-870x522-1.jpg?fit=870%2C522&ssl=1","jetpack-related-posts":[],"jetpack_sharing_enabled":true,"_links":{"self":[{"href":"https:\/\/liberationinfo.com\/index.php\/wp-json\/wp\/v2\/posts\/9158","targetHints":{"allow":["GET"]}}],"collection":[{"href":"https:\/\/liberationinfo.com\/index.php\/wp-json\/wp\/v2\/posts"}],"about":[{"href":"https:\/\/liberationinfo.com\/index.php\/wp-json\/wp\/v2\/types\/post"}],"author":[{"embeddable":true,"href":"https:\/\/liberationinfo.com\/index.php\/wp-json\/wp\/v2\/users\/2"}],"replies":[{"embeddable":true,"href":"https:\/\/liberationinfo.com\/index.php\/wp-json\/wp\/v2\/comments?post=9158"}],"version-history":[{"count":0,"href":"https:\/\/liberationinfo.com\/index.php\/wp-json\/wp\/v2\/posts\/9158\/revisions"}],"wp:featuredmedia":[{"embeddable":true,"href":"https:\/\/liberationinfo.com\/index.php\/wp-json\/wp\/v2\/media\/9159"}],"wp:attachment":[{"href":"https:\/\/liberationinfo.com\/index.php\/wp-json\/wp\/v2\/media?parent=9158"}],"wp:term":[{"taxonomy":"category","embeddable":true,"href":"https:\/\/liberationinfo.com\/index.php\/wp-json\/wp\/v2\/categories?post=9158"},{"taxonomy":"post_tag","embeddable":true,"href":"https:\/\/liberationinfo.com\/index.php\/wp-json\/wp\/v2\/tags?post=9158"}],"curies":[{"name":"wp","href":"https:\/\/api.w.org\/{rel}","templated":true}]}}