{"id":9092,"date":"2021-07-17T07:41:46","date_gmt":"2021-07-17T07:41:46","guid":{"rendered":"https:\/\/liberationinfo.com\/?p=9092"},"modified":"2021-07-17T15:41:08","modified_gmt":"2021-07-17T15:41:08","slug":"transguineen-le-ministre-tranche-il-ny-a-et-il-ny-aura-jamais-de-doute-sur-le-transguineen","status":"publish","type":"post","link":"https:\/\/liberationinfo.com\/index.php\/transguineen-le-ministre-tranche-il-ny-a-et-il-ny-aura-jamais-de-doute-sur-le-transguineen\/","title":{"rendered":"Transguin\u00e8en: le ministre tranche \u00a0\u00bbIl n\u2019y a et il n\u2019y aura jamais de doute sur le Transguin\u00e9en\u00a0\u00bb"},"content":{"rendered":"<div class=\"jeg_navbar_mobile_wrapper\">\n<div class=\"jeg_navbar_mobile notransition jeg_sticky_nav\">\n<div class=\"jeg_mobile_bottombar jeg_mobile_midbar jeg_container dark\">\n<div class=\"container\">\n<div class=\"jeg_nav_row\">\n<div class=\"jeg_nav_col jeg_nav_center jeg_nav_grow\">\n<div class=\"item_wrap jeg_nav_aligncenter\">\n<div class=\"jeg_nav_item jeg_mobile_logo\">\n<div class=\"site-title\"><\/div>\n<\/div>\n<\/div>\n<\/div>\n<\/div>\n<\/div>\n<\/div>\n<\/div>\n<\/div>\n<div class=\"post-wrapper\">\n<div class=\"post-wrap\">\n<div class=\"jeg_main \">\n<div class=\"jeg_container\">\n<div class=\"jeg_content jeg_singlepage\">\n<div class=\"container\">\n<div class=\"row\">\n<div class=\"jeg_main_content col-md-8\">\n<div class=\"jeg_inner_content\">\n<div class=\"jeg_share_top_container\">\n<div class=\"jeg_share_button clearfix\">\n<div class=\"jeg_share_stats\"><\/div>\n<div class=\"jeg_sharelist\"><\/div>\n<\/div>\n<\/div>\n<div class=\"jeg_ad jeg_article jnews_content_top_ads \">\n<div class=\"ads-wrapper \"><\/div>\n<\/div>\n<div class=\"entry-content no-share\">\n<div class=\"jeg_share_button share-float jeg_sticky_share clearfix share-monocrhome\">\n<div class=\"jeg_share_float_container\"><\/div>\n<\/div>\n<div class=\"content-inner \">\n<p>Le projet du Transguineen est et demeure, sans aucun doute, une priorit\u00e9 que le Gouvernement est entrain d\u2019ex\u00e9cuter.<\/p>\n<p>Le passage par le Liberia des productions mini\u00e8res de la Guin\u00e9e ne concerne que le Nimba et d\u2019autres projets mineurs proches de la fronti\u00e8re lib\u00e9rienne. Rien d\u2019autre.<\/p>\n<p>Il n\u2019y a jamais eu et il n\u2019y aura jamais de \u00ab revirement \u00bb dans la position de l\u2019Etat guin\u00e9en. Renoncer au Transguineen n\u2019a jamais \u00e9t\u00e9 une option dans les discussions avec le Liberia. D\u2019ailleurs, l\u2019Accord guineoliberien de 2013 d\u00e9finissant le cadre des discussions entre les deux pays est clair puisqu\u2019il fixe avec pr\u00e9cision les coordonn\u00e9es (qui n\u2019incluent pas Simandou) des gisements concern\u00e9s par le transit au Liberia. Et puis il y a un projet (Simandou) d\u00e9j\u00e0 en cours d\u2019ex\u00e9cution qui inclut le Transguin\u00e9en dans le cadre de Conventions ratifi\u00e9es par le parlement Guin\u00e9en engageant toutes les parties signataires.<\/p>\n<div class=\"jeg_ad jeg_ad_article jnews_content_inline_ads \">\n<div class=\"ads-wrapper align-center \">\n<div class=\"ads_code\"><\/div>\n<\/div>\n<\/div>\n<p>C\u2019est un non sujet que de parler du Transguineen comme une option en examen, puisque c\u2019est le seul choix pour l\u2019\u00e9vacuation du minerai de Simandou.<\/p>\n<p>Tout le reste n\u2019est que pure sp\u00e9culation partiale et partielle de ceux qui ne veulent pas voir la Guin\u00e9e r\u00e9aliser le plus grand projet transformateur de son histoire: le Transguin\u00e9en transportant la production des exploitations mini\u00e8res du Simandou et d\u2019autres gisements, des produits agricoles, d\u2019autres marchandises et des passagers jusqu\u2019aux c\u00f4tes guin\u00e9ennes de Forecariah.<\/p>\n<p><strong>Minist\u00e8re des Mines et de la G\u00e9ologie<\/strong><\/p>\n<\/div>\n<\/div>\n<\/div>\n<\/div>\n<\/div>\n<\/div>\n<\/div>\n<\/div>\n<\/div>\n<\/div>\n<\/div>\n","protected":false},"excerpt":{"rendered":"<p>Le projet du Transguineen est et demeure, sans aucun doute, une priorit\u00e9 que le Gouvernement est entrain d\u2019ex\u00e9cuter. Le passage par le Liberia des productions mini\u00e8res de la Guin\u00e9e ne concerne que le Nimba et d\u2019autres projets mineurs proches de la fronti\u00e8re lib\u00e9rienne. Rien d\u2019autre. Il n\u2019y a jamais eu et il n\u2019y aura jamais [&hellip;]<\/p>\n","protected":false},"author":2,"featured_media":9094,"comment_status":"closed","ping_status":"closed","sticky":false,"template":"","format":"standard","meta":{"_jetpack_memberships_contains_paid_content":false,"footnotes":""},"categories":[4,5],"tags":[],"class_list":["post-9092","post","type-post","status-publish","format-standard","has-post-thumbnail","hentry","category-actu","category-politique"],"jetpack_featured_media_url":"https:\/\/i0.wp.com\/liberationinfo.com\/wp-content\/uploads\/2021\/07\/Les-voeux-du-MMG.jpg?fit=800%2C493&ssl=1","jetpack-related-posts":[],"jetpack_sharing_enabled":true,"_links":{"self":[{"href":"https:\/\/liberationinfo.com\/index.php\/wp-json\/wp\/v2\/posts\/9092","targetHints":{"allow":["GET"]}}],"collection":[{"href":"https:\/\/liberationinfo.com\/index.php\/wp-json\/wp\/v2\/posts"}],"about":[{"href":"https:\/\/liberationinfo.com\/index.php\/wp-json\/wp\/v2\/types\/post"}],"author":[{"embeddable":true,"href":"https:\/\/liberationinfo.com\/index.php\/wp-json\/wp\/v2\/users\/2"}],"replies":[{"embeddable":true,"href":"https:\/\/liberationinfo.com\/index.php\/wp-json\/wp\/v2\/comments?post=9092"}],"version-history":[{"count":0,"href":"https:\/\/liberationinfo.com\/index.php\/wp-json\/wp\/v2\/posts\/9092\/revisions"}],"wp:featuredmedia":[{"embeddable":true,"href":"https:\/\/liberationinfo.com\/index.php\/wp-json\/wp\/v2\/media\/9094"}],"wp:attachment":[{"href":"https:\/\/liberationinfo.com\/index.php\/wp-json\/wp\/v2\/media?parent=9092"}],"wp:term":[{"taxonomy":"category","embeddable":true,"href":"https:\/\/liberationinfo.com\/index.php\/wp-json\/wp\/v2\/categories?post=9092"},{"taxonomy":"post_tag","embeddable":true,"href":"https:\/\/liberationinfo.com\/index.php\/wp-json\/wp\/v2\/tags?post=9092"}],"curies":[{"name":"wp","href":"https:\/\/api.w.org\/{rel}","templated":true}]}}