{"id":9087,"date":"2021-07-17T07:24:25","date_gmt":"2021-07-17T07:24:25","guid":{"rendered":"https:\/\/liberationinfo.com\/?p=9087"},"modified":"2021-07-17T15:41:04","modified_gmt":"2021-07-17T15:41:04","slug":"afrique-du-sud-le-president-ramaphosa-denonce-une-tentative-de-provoquer-une-insurrection","status":"publish","type":"post","link":"https:\/\/liberationinfo.com\/index.php\/afrique-du-sud-le-president-ramaphosa-denonce-une-tentative-de-provoquer-une-insurrection\/","title":{"rendered":"Afrique du Sud : le pr\u00e9sident Ramaphosa d\u00e9nonce une tentative de provoquer une \u201cinsurrection\u201d"},"content":{"rendered":"<div class=\"entry-header\">\n<h1 class=\"jeg_post_title\"><\/h1>\n<\/div>\n<div class=\"jeg_share_top_container\">\n<div class=\"jeg_share_button clearfix\">\n<div class=\"jeg_share_stats\"><\/div>\n<div class=\"jeg_sharelist\"><\/div>\n<\/div>\n<\/div>\n<div class=\"jeg_ad jeg_article jnews_content_top_ads \">\n<div class=\"ads-wrapper \"><\/div>\n<\/div>\n<div class=\"entry-content no-share\">\n<div class=\"jeg_share_button share-float jeg_sticky_share clearfix share-monocrhome\">\n<div class=\"jeg_share_float_container\"><\/div>\n<\/div>\n<div class=\"content-inner \">\n<p>Depuis le 9 juillet et l\u2019arrestation de l\u2019ancien pr\u00e9sident Jacob Zuma, l\u2019Afrique du Sud est en proie \u00e0 des \u00e9meutes et des pillages.\u00a0Les violences ont fait plus de\u00a0200\u00a0morts, selon un nouveau bilan vendredi. Le pr\u00e9sident Cyril Ramaphosa a d\u00e9nonc\u00e9 vendredi des troubles\u00a0\u201cplanifi\u00e9s et coordonn\u00e9s\u201d par des personnes cherchant \u00e0 provoquer \u201cune insurrection\u201d dans le pays.<\/p>\n<p>Les violences qui agitent l\u2019<a href=\"https:\/\/www.france24.com\/fr\/tag\/afrique-du-sud\/\" target=\"_self\" rel=\"noopener\">Afrique du Sud<\/a>depuis le 9\u00a0juillet et qui ont fait\u00a0au moins 212 morts,\u00a0\u201cont \u00e9t\u00e9 planifi\u00e9s et coordonn\u00e9s\u201d\u00a0par des personnes tentant de \u201cprovoquer une insurrection populaire au sein de notre peuple\u201d\u00a0a accus\u00e9 le pr\u00e9sident<a href=\"https:\/\/www.france24.com\/fr\/tag\/cyril-ramaphosa\/\" target=\"_self\" rel=\"noopener\">Cyril Ramaphosa<\/a>, au cours d\u2019une allocution t\u00e9l\u00e9vis\u00e9e, vendredi 16 juillet au soir.<\/p>\n<div class=\"google-auto-placed ap_container\"><\/div>\n<p>Dans un discours \u00e0 la Nation retransmis \u00e0 la t\u00e9l\u00e9vision le soir m\u00eame, Cyril Ramaphosa a d\u00e9clar\u00e9 que les personnes qu\u2019il jugeait \u00e0 l\u2019origine des violences qui ont secou\u00e9 l\u2019Afrique du Sud ces derniers jours ont cherch\u00e9 \u00e0 \u201cprovoquer une insurrection populaire au sein de notre peuple\u201d.<\/p>\n<div class=\"jeg_ad jeg_ad_article jnews_content_inline_ads \">\n<div class=\"ads-wrapper align-center \">\n<div class=\"ads_code\"><\/div>\n<\/div>\n<\/div>\n<p>\u201cPlus de 2 550 personnes ont \u00e9t\u00e9 arr\u00eat\u00e9es en lien avec les troubles et des dispositions sp\u00e9ciales ont \u00e9t\u00e9 mises en place pour faire en sorte que ces affaires soient prioritaires\u201d, a d\u00e9clar\u00e9 le pr\u00e9sident sud-africain, ajoutant que \u201ctout sera fait pour traduire ces personnes devant la justice\u201d.<\/p>\n<p>Le chef de l\u2019\u00c9tat a \u00e9galement admis que le pays \u00e9tait \u201cpeu pr\u00e9par\u00e9\u00a0\u00e0 une op\u00e9ration orchestr\u00e9e de violence publique, de destruction et de sabotage de cette envergure\u201d.<\/p>\n<div id=\"tms-ad-inread-1848513893329362\" class=\"tms-ad\">\n<div class=\"teads\"><strong>\u201cUn sabotage \u00e9conomique\u201d<\/strong><\/div>\n<\/div>\n<p>Cyril Ramaphosa a \u00e9galement appel\u00e9 vendredi soir ses compatriotes \u00e0 ne pas se ruer dans les magasins, assurant\u00a0qu\u2019il n\u2019y aurait pas de p\u00e9nurie de nourriture et de ravitaillement dans le pays apr\u00e8s des jours de violence,<a href=\"https:\/\/www.france24.com\/fr\/afrique\/20210715-l-afrique-du-sud-redoute-des-p%C3%A9nuries-des-milliers-de-soldats-d%C3%A9ploy%C3%A9s-pour-%C3%A9viter-les-pillages\" target=\"_self\" rel=\"noopener\">d\u2019\u00e9meutes et de pillages<\/a>.<\/p>\n<p>\u201cDepuis le pic des troubles, lundi et mardi, le nombre d\u2019incidents a fortement diminu\u00e9 et le calme est revenu dans la\u00a0plupart des r\u00e9gions\u201d, a encore dit le pr\u00e9sident sud-africain, selon qui 161 centres commerciaux, 11 entrep\u00f4ts, 8 usines et 161\u00a0magasins d\u2019alcools ont \u00e9t\u00e9 endommag\u00e9s lors des \u00e9meutes.<\/p>\n<div class=\"google-auto-placed ap_container\"><\/div>\n<div id=\"tms-block-23583386358841696\" class=\"o-self-promo o-self-promo--nl\">\n<div class=\"o-self-promo-wrapper\"><strong>La veille, la ministre de la pr\u00e9sidence, Khumbudzo Ntshavheni, avait d\u00e9nonc\u00e9\u00a0<a href=\"https:\/\/www.france24.com\/fr\/afrique\/20210715-l-afrique-du-sud-redoute-des-p%C3%A9nuries-des-milliers-de-soldats-d%C3%A9ploy%C3%A9s-pour-%C3%A9viter-les-pillages\" target=\"_self\" rel=\"noopener\">\u201cun sabotage \u00e9conomique\u201d<\/a>.<\/strong><\/div>\n<\/div>\n<div class=\"google-auto-placed ap_container\"><\/div>\n<p><a href=\"https:\/\/www.france24.com\/fr\/afrique\/20210713-afrique-du-sud-des-dizaines-de-morts-dans-des-violences-apr%C3%A8s-l-incarc%C3%A9ration-de-jacob-zuma\" target=\"_self\" rel=\"noopener\">Les premiers incidents ont \u00e9clat\u00e9 dans la province du Kwazulu-Natal, \u00e0 l\u2019est<\/a>, la semaine derni\u00e8re, au lendemain de l\u2019incarc\u00e9ration<a href=\"https:\/\/www.france24.com\/fr\/tag\/jacob-zuma\/\" target=\"_self\" rel=\"noopener\">de l\u2019ex-pr\u00e9sident Jacob Zuma<\/a>, condamn\u00e9 \u00e0 15\u00a0mois de prison ferme pour outrage \u00e0 la justice. Ils se sont ensuite \u00e9tendus \u00e0 l\u2019agglom\u00e9ration de Johannesburg, sur fond de ch\u00f4mage end\u00e9mique et de nouvelles restrictions anti-Covid.<\/p>\n<p>Le pr\u00e9sident, en visite pour la premi\u00e8re fois dans la province zouloue depuis le d\u00e9but de cette crise, une des plus s\u00e9v\u00e8res travers\u00e9es par le pays depuis l\u2019av\u00e8nement de la d\u00e9mocratie post-apartheid, a assur\u00e9 qu\u2019il \u00e9tait rest\u00e9 en contact, heure par heure, avec les responsables de la province et les forces de l\u2019ordre. Il s\u2019est dit \u201cextr\u00eamement pr\u00e9occup\u00e9 par ce qui s\u2019est pass\u00e9 ici\u201d. Les destructions \u201cnous font revenir en arri\u00e8re, en termes de reprise \u00e9conomique\u201d, a encore regrett\u00e9 Cyril Ramaphosa.<\/p>\n<p>Dans l\u2019agglom\u00e9ration de Johannesburg, six morts suppl\u00e9mentaires ont \u00e9t\u00e9 recens\u00e9s vendredi, portant le total \u00e0 32, a d\u00e9taill\u00e9 la ministre de la pr\u00e9sidence, Khumbudzo Ntshavheni,\u00a0lors d\u2019un point-presse,\u00a0alors que dans la province du Kwazulu-Natal, 89 morts suppl\u00e9mentaires ont \u00e9t\u00e9 ajout\u00e9s au d\u00e9compte de jeudi, portant le bilan total \u00e0\u00a0212 morts.<\/p>\n<p>&nbsp;<\/p>\n<p><strong><em>Avec AFP et Reuters<\/em><\/strong><\/p>\n<div id=\"taboola-below-article\" class=\" trc_related_container trc_spotlight_widget tbl-feed-container tbl-feed-partial-width tbl-feed-frame-DIVIDER render-late-effect\">\n<div class=\" tbl-feed-header tbl-logo-right-position\">\n<div class=\"tbl-feed-header-logo\"><\/div>\n<\/div>\n<\/div>\n<\/div>\n<\/div>\n","protected":false},"excerpt":{"rendered":"<p>Depuis le 9 juillet et l\u2019arrestation de l\u2019ancien pr\u00e9sident Jacob Zuma, l\u2019Afrique du Sud est en proie \u00e0 des \u00e9meutes et des pillages.\u00a0Les violences ont fait plus de\u00a0200\u00a0morts, selon un nouveau bilan vendredi. Le pr\u00e9sident Cyril Ramaphosa a d\u00e9nonc\u00e9 vendredi des troubles\u00a0\u201cplanifi\u00e9s et coordonn\u00e9s\u201d par des personnes cherchant \u00e0 provoquer \u201cune insurrection\u201d dans le pays. [&hellip;]<\/p>\n","protected":false},"author":2,"featured_media":9090,"comment_status":"closed","ping_status":"closed","sticky":false,"template":"","format":"standard","meta":{"_jetpack_memberships_contains_paid_content":false,"footnotes":""},"categories":[4,5],"tags":[],"class_list":["post-9087","post","type-post","status-publish","format-standard","has-post-thumbnail","hentry","category-actu","category-politique"],"jetpack_featured_media_url":"https:\/\/i0.wp.com\/liberationinfo.com\/wp-content\/uploads\/2021\/07\/images-25.jpeg?fit=318%2C159&ssl=1","jetpack-related-posts":[],"jetpack_sharing_enabled":true,"_links":{"self":[{"href":"https:\/\/liberationinfo.com\/index.php\/wp-json\/wp\/v2\/posts\/9087","targetHints":{"allow":["GET"]}}],"collection":[{"href":"https:\/\/liberationinfo.com\/index.php\/wp-json\/wp\/v2\/posts"}],"about":[{"href":"https:\/\/liberationinfo.com\/index.php\/wp-json\/wp\/v2\/types\/post"}],"author":[{"embeddable":true,"href":"https:\/\/liberationinfo.com\/index.php\/wp-json\/wp\/v2\/users\/2"}],"replies":[{"embeddable":true,"href":"https:\/\/liberationinfo.com\/index.php\/wp-json\/wp\/v2\/comments?post=9087"}],"version-history":[{"count":0,"href":"https:\/\/liberationinfo.com\/index.php\/wp-json\/wp\/v2\/posts\/9087\/revisions"}],"wp:featuredmedia":[{"embeddable":true,"href":"https:\/\/liberationinfo.com\/index.php\/wp-json\/wp\/v2\/media\/9090"}],"wp:attachment":[{"href":"https:\/\/liberationinfo.com\/index.php\/wp-json\/wp\/v2\/media?parent=9087"}],"wp:term":[{"taxonomy":"category","embeddable":true,"href":"https:\/\/liberationinfo.com\/index.php\/wp-json\/wp\/v2\/categories?post=9087"},{"taxonomy":"post_tag","embeddable":true,"href":"https:\/\/liberationinfo.com\/index.php\/wp-json\/wp\/v2\/tags?post=9087"}],"curies":[{"name":"wp","href":"https:\/\/api.w.org\/{rel}","templated":true}]}}