{"id":9032,"date":"2021-07-15T06:08:06","date_gmt":"2021-07-15T06:08:06","guid":{"rendered":"https:\/\/liberationinfo.com\/?p=9032"},"modified":"2021-07-15T13:10:10","modified_gmt":"2021-07-15T13:10:10","slug":"le-president-alpha-conde-a-abidjan-ce-jeudi-pour-prendre-part-a-lida-20","status":"publish","type":"post","link":"https:\/\/liberationinfo.com\/index.php\/le-president-alpha-conde-a-abidjan-ce-jeudi-pour-prendre-part-a-lida-20\/","title":{"rendered":"Le Pr\u00e9sident Alpha Cond\u00e9 \u00e0 Abidjan ce jeudi pour prendre part \u00e0 l\u2019IDA-20"},"content":{"rendered":"<div class=\"jeg_breadcrumbs jeg_breadcrumb_container\">\n<div id=\"breadcrumbs\"><\/div>\n<\/div>\n<div class=\"jeg_share_top_container\">\n<div class=\"jeg_share_button clearfix\">\n<div class=\"jeg_share_stats\"><\/div>\n<div class=\"jeg_sharelist\"><\/div>\n<\/div>\n<\/div>\n<div class=\"jeg_ad jeg_article jnews_content_top_ads \"><\/div>\n<div class=\"entry-content no-share\">\n<div class=\"jeg_share_button share-float jeg_sticky_share clearfix share-monocrhome\">\n<div class=\"jeg_share_float_container\"><\/div>\n<\/div>\n<div class=\"content-inner \">\n<p>Le Chef de l\u2019Etat guin\u00e9en Alpha Cond\u00e9, fera un aller-retour Conakry-Abidjan ce jeudi. Dans la capitale \u00e9conomique ivoirienne, le pr\u00e9sident Cond\u00e9 et d\u2019autres dirigeants du continent, prendront part, \u00e0 l\u2019h\u00f4tel Sofitel Ivoire, \u00e0 une r\u00e9union de haut niveau sur la 20\u00e8me Reconstitution des Ressources de l\u2019Association Internationale de D\u00e9veloppement (IDA-20).<\/p>\n<p>Cette reconstitution soutiendra une relance forte suite \u00e0 la crise engendr\u00e9e par la pand\u00e9mie de COVID-19, et aidera le continent africain \u00e0 poursuivre sa transformation \u00e9conomique.<\/p>\n<p>A rappeler que l\u2019IDA (l\u2019Association Internationale de D\u00e9veloppement), est une institution de la Banque Mondiale, qui aide les pays \u00e0 revenus faibles, se fixe pour objectif de r\u00e9duire la pauvret\u00e9 en accordant des pr\u00eats et des dons destin\u00e9s \u00e0 des programmes de nature \u00e0 stimuler la croissance \u00e9conomique, \u00e0 r\u00e9duire les in\u00e9galit\u00e9s et \u00e0 am\u00e9liorer la vie des plus d\u00e9munis.<\/p>\n<p>Outre les pr\u00eats concessionnels et les dons, l\u2019IDA conc\u00e8de \u00e9galement des all\u00e8gements de dette substantiels dans le cadre de l\u2019Initiative en faveur des pays pauvres tr\u00e8s endett\u00e9s (Initiative PPTE) et de l\u2019Initiative pour l\u2019all\u00e8gement de la dette multilat\u00e9rale (IADM).<\/p>\n<p>Au terme des travaux, Alpha Cond\u00e9 regagnera Conakry o\u00f9, sauf changement de derni\u00e8re minute, il accueillera, vendredi, son homologue de la RD Congo, F\u00e9lix Tshisekedi, par ailleurs pr\u00e9sident en exercice de l\u2019Union africaine.<\/p>\n<p>&nbsp;<\/p>\n<p><strong>Avec Abidjan.net<\/strong><\/p>\n<\/div>\n<\/div>\n","protected":false},"excerpt":{"rendered":"<p>Le Chef de l\u2019Etat guin\u00e9en Alpha Cond\u00e9, fera un aller-retour Conakry-Abidjan ce jeudi. Dans la capitale \u00e9conomique ivoirienne, le pr\u00e9sident Cond\u00e9 et d\u2019autres dirigeants du continent, prendront part, \u00e0 l\u2019h\u00f4tel Sofitel Ivoire, \u00e0 une r\u00e9union de haut niveau sur la 20\u00e8me Reconstitution des Ressources de l\u2019Association Internationale de D\u00e9veloppement (IDA-20). Cette reconstitution soutiendra une relance [&hellip;]<\/p>\n","protected":false},"author":2,"featured_media":9033,"comment_status":"closed","ping_status":"closed","sticky":false,"template":"","format":"standard","meta":{"_jetpack_memberships_contains_paid_content":false,"footnotes":""},"categories":[4,5],"tags":[],"class_list":["post-9032","post","type-post","status-publish","format-standard","has-post-thumbnail","hentry","category-actu","category-politique"],"jetpack_featured_media_url":"https:\/\/i0.wp.com\/liberationinfo.com\/wp-content\/uploads\/2021\/07\/Alpha-4.jpg?fit=720%2C375&ssl=1","jetpack-related-posts":[],"jetpack_sharing_enabled":true,"_links":{"self":[{"href":"https:\/\/liberationinfo.com\/index.php\/wp-json\/wp\/v2\/posts\/9032","targetHints":{"allow":["GET"]}}],"collection":[{"href":"https:\/\/liberationinfo.com\/index.php\/wp-json\/wp\/v2\/posts"}],"about":[{"href":"https:\/\/liberationinfo.com\/index.php\/wp-json\/wp\/v2\/types\/post"}],"author":[{"embeddable":true,"href":"https:\/\/liberationinfo.com\/index.php\/wp-json\/wp\/v2\/users\/2"}],"replies":[{"embeddable":true,"href":"https:\/\/liberationinfo.com\/index.php\/wp-json\/wp\/v2\/comments?post=9032"}],"version-history":[{"count":0,"href":"https:\/\/liberationinfo.com\/index.php\/wp-json\/wp\/v2\/posts\/9032\/revisions"}],"wp:featuredmedia":[{"embeddable":true,"href":"https:\/\/liberationinfo.com\/index.php\/wp-json\/wp\/v2\/media\/9033"}],"wp:attachment":[{"href":"https:\/\/liberationinfo.com\/index.php\/wp-json\/wp\/v2\/media?parent=9032"}],"wp:term":[{"taxonomy":"category","embeddable":true,"href":"https:\/\/liberationinfo.com\/index.php\/wp-json\/wp\/v2\/categories?post=9032"},{"taxonomy":"post_tag","embeddable":true,"href":"https:\/\/liberationinfo.com\/index.php\/wp-json\/wp\/v2\/tags?post=9032"}],"curies":[{"name":"wp","href":"https:\/\/api.w.org\/{rel}","templated":true}]}}