{"id":8938,"date":"2021-07-11T10:57:41","date_gmt":"2021-07-11T10:57:41","guid":{"rendered":"https:\/\/liberationinfo.com\/?p=8938"},"modified":"2021-07-13T15:00:24","modified_gmt":"2021-07-13T15:00:24","slug":"conakry-le-nouveau-doyen-de-wassoulou-intronise-par-ses-fils","status":"publish","type":"post","link":"https:\/\/liberationinfo.com\/index.php\/conakry-le-nouveau-doyen-de-wassoulou-intronise-par-ses-fils\/","title":{"rendered":"Conakry: le nouveau doyen de Wassoulou intronis\u00e9 par ses fils !"},"content":{"rendered":"<p><strong>C\u2019est dans une ambiance c\u00e9r\u00e9moniale qu\u2019El Hadj\u00a0 Djoumet Sangar\u00e9 a \u00e9t\u00e9 intronis\u00e9 doyen de la communaut\u00e9 de Wassoulou dans les localit\u00e9s de Mandiana, de Kouroussa, de Siguiri, de Kissidougou, de Bok\u00e9&#8230;., en succession de\u00a0 Abdoulaye\u00a0 d\u00e9c\u00e9d\u00e9 en 2019. El Hadj Djoumet Sangar\u00e9 est le 8\u00e8me patriarche de l&rsquo;union de la communaut\u00e9 Wassoulou, est n\u00e9 en 1931 \u00e0 Mandiana.\u00a0<\/strong><\/p>\n<p><a href=\"https:\/\/liberationinfo.com\/?attachment_id=8940\"><img data-recalc-dims=\"1\" loading=\"lazy\" decoding=\"async\" width=\"300\" height=\"215\" class=\"alignnone size-medium wp-image-8940\" src=\"https:\/\/i0.wp.com\/liberationinfo.com\/wp-content\/uploads\/2021\/07\/FB_IMG_16259486155432372-300x215.jpg?resize=300%2C215&#038;ssl=1\" alt=\"\" srcset=\"https:\/\/i0.wp.com\/liberationinfo.com\/wp-content\/uploads\/2021\/07\/FB_IMG_16259486155432372.jpg?resize=300%2C215&amp;ssl=1 300w, https:\/\/i0.wp.com\/liberationinfo.com\/wp-content\/uploads\/2021\/07\/FB_IMG_16259486155432372.jpg?resize=768%2C549&amp;ssl=1 768w, https:\/\/i0.wp.com\/liberationinfo.com\/wp-content\/uploads\/2021\/07\/FB_IMG_16259486155432372.jpg?resize=696%2C498&amp;ssl=1 696w, https:\/\/i0.wp.com\/liberationinfo.com\/wp-content\/uploads\/2021\/07\/FB_IMG_16259486155432372.jpg?resize=587%2C420&amp;ssl=1 587w, https:\/\/i0.wp.com\/liberationinfo.com\/wp-content\/uploads\/2021\/07\/FB_IMG_16259486155432372.jpg?w=800&amp;ssl=1 800w, https:\/\/i0.wp.com\/liberationinfo.com\/wp-content\/uploads\/2021\/07\/FB_IMG_16259486155432372.jpg?resize=120%2C86&amp;ssl=1 120w, https:\/\/i0.wp.com\/liberationinfo.com\/wp-content\/uploads\/2021\/07\/FB_IMG_16259486155432372.jpg?resize=350%2C250&amp;ssl=1 350w, https:\/\/i0.wp.com\/liberationinfo.com\/wp-content\/uploads\/2021\/07\/FB_IMG_16259486155432372.jpg?resize=750%2C536&amp;ssl=1 750w\" sizes=\"auto, (max-width: 300px) 100vw, 300px\" \/><\/a><\/p>\n<p><strong>Cette c\u00e9r\u00e9monie a regroup\u00e9, ce Samedi 10 juillet 2021 au stade Kabinet Kouyat\u00e9 de Matoto, plusieurs personnalit\u00e9s et fils de la localit\u00e9, le directeur g\u00e9n\u00e9ral des douanes,\u00a0 Toumany Sangar\u00e9, le ministre des Hydrocarbures, Zakaria Koulibaly, Honorable d\u00e9put\u00e9e Eva Croos, l&rsquo;ancien ministre de l&rsquo;\u00e9ducation k2 et autres cadres de la communaut\u00e9 Wassoulou.\u00a0<\/strong><\/p>\n<p><strong>Les chasseurs massivement mobilis\u00e9s pour la circonstance ont profit\u00e9, pour retracer les liens historiques et fraternels qui ont exist\u00e9 entre les diff\u00e9rentes communaut\u00e9s de la Guin\u00e9e.\u00a0<\/strong><\/p>\n<p><a href=\"https:\/\/liberationinfo.com\/?attachment_id=8941\"><img data-recalc-dims=\"1\" loading=\"lazy\" decoding=\"async\" width=\"300\" height=\"214\" class=\"alignnone size-medium wp-image-8941\" src=\"https:\/\/i0.wp.com\/liberationinfo.com\/wp-content\/uploads\/2021\/07\/FB_IMG_16259486344363822-300x214.jpg?resize=300%2C214&#038;ssl=1\" alt=\"\" srcset=\"https:\/\/i0.wp.com\/liberationinfo.com\/wp-content\/uploads\/2021\/07\/FB_IMG_16259486344363822.jpg?resize=300%2C214&amp;ssl=1 300w, https:\/\/i0.wp.com\/liberationinfo.com\/wp-content\/uploads\/2021\/07\/FB_IMG_16259486344363822.jpg?resize=768%2C548&amp;ssl=1 768w, https:\/\/i0.wp.com\/liberationinfo.com\/wp-content\/uploads\/2021\/07\/FB_IMG_16259486344363822.jpg?resize=100%2C70&amp;ssl=1 100w, https:\/\/i0.wp.com\/liberationinfo.com\/wp-content\/uploads\/2021\/07\/FB_IMG_16259486344363822.jpg?resize=696%2C497&amp;ssl=1 696w, https:\/\/i0.wp.com\/liberationinfo.com\/wp-content\/uploads\/2021\/07\/FB_IMG_16259486344363822.jpg?resize=588%2C420&amp;ssl=1 588w, https:\/\/i0.wp.com\/liberationinfo.com\/wp-content\/uploads\/2021\/07\/FB_IMG_16259486344363822.jpg?resize=120%2C86&amp;ssl=1 120w, https:\/\/i0.wp.com\/liberationinfo.com\/wp-content\/uploads\/2021\/07\/FB_IMG_16259486344363822.jpg?resize=350%2C250&amp;ssl=1 350w, https:\/\/i0.wp.com\/liberationinfo.com\/wp-content\/uploads\/2021\/07\/FB_IMG_16259486344363822.jpg?resize=750%2C535&amp;ssl=1 750w, https:\/\/i0.wp.com\/liberationinfo.com\/wp-content\/uploads\/2021\/07\/FB_IMG_16259486344363822.jpg?w=800&amp;ssl=1 800w\" sizes=\"auto, (max-width: 300px) 100vw, 300px\" \/><\/a><\/p>\n<p><strong>Toujours soutenant sa th\u00e8se unificatrice, celui que l&rsquo;union de la communaut\u00e9 Wassoulou, le porte-parole de l&rsquo;union Kaba Cond\u00e9 a exhort\u00e9 toute la population de l&rsquo;union de Wassoulou, \u00e0 la sauvegarde de la qui\u00e9tude sociale.<\/strong><\/p>\n<p><strong>Pour le directeur g\u00e9n\u00e9ral des douanes, Toumany Sangar\u00e9 a remerci\u00e9 le pr\u00e9sident de la R\u00e9publique et toutes les autorit\u00e9s qui ont accompagn\u00e9 l&rsquo;intronisation du huiti\u00e8me (8) patriarche de l&rsquo;union de la communaut\u00e9 de wassoulou.\u00a0<\/strong><\/p>\n<p>&lt;&lt;<em>Ce soir on \u00e9tait l\u00e0 pour introniser le doyen,le patriarche de l&rsquo;union de la communaut\u00e9 de wassoulou, donc c&rsquo;est une immense joie que nous avons. Parce que d\u00e9sormais nous reconnaissons en quelqu&rsquo;un la valeur morale et culturelle de wassoulou. Ce vieux qui vient d&rsquo;\u00eatre intronis\u00e9 va incarner d\u00e9sormais la valeur morale et culturelle de tout le wassoulou. Que tu sois de wassoulou- Bat\u00e8,que tu sois de Bassand\u00f4, que tu sois de Mandiana, que tu sois de Siguiri, de Kouroussa, de Bok\u00e9, de Kissidougou, tu r\u00e9ponds \u00e0 ces quatre noms ( Diallo, Diakit\u00e9, Sidib\u00e9 et Sangar\u00e9), tu appartiens \u00e0 l&rsquo;union de la communaut\u00e9 de Wassoulou. Donc chacun se reconna\u00eetra d\u00e9sormais \u00e0 ce vieux, qui va r\u00e9gler tous les probl\u00e8mes et autour de qui tous les probl\u00e8mes doivent \u00eatre r\u00e9gl\u00e9s. Donc c&rsquo;est une grande soir\u00e9e pour nous, je voudrais profiter de cette occasion pour remercier tr\u00e8s sinc\u00e8rement le pr\u00e9sident de la R\u00e9publique, le professeur Alpha Cond\u00e9 qui donne l&rsquo;occasion \u00e0 chaque communaut\u00e9 de se retrouver et de r\u00e9pondre \u00e0 ses valeurs<\/em>&gt;&gt;, <strong>a-t-il affirm\u00e9\u00a0<\/strong><\/p>\n<p>&nbsp;<\/p>\n<p><strong>A noter enfin que le Doyen Djoumet Sangar\u00e9 est \u00e2g\u00e9 de 90 ans, r\u00e9side \u00e0 Conakry depuis plusieurs ann\u00e9es mari\u00e9 \u00e0 deux femmes et p\u00e8re de 13 enfants dont cinq (5) filles.\u00a0<\/strong><\/p>\n<p><strong>Mohamed\u00a0 Camara\u00a0<\/strong><\/p>\n<p><strong>621 50 18 47\u00a0<\/strong><\/p>\n","protected":false},"excerpt":{"rendered":"<p>C\u2019est dans une ambiance c\u00e9r\u00e9moniale qu\u2019El Hadj\u00a0 Djoumet Sangar\u00e9 a \u00e9t\u00e9 intronis\u00e9 doyen de la communaut\u00e9 de Wassoulou dans les localit\u00e9s de Mandiana, de Kouroussa, de Siguiri, de Kissidougou, de Bok\u00e9&#8230;., en succession de\u00a0 Abdoulaye\u00a0 d\u00e9c\u00e9d\u00e9 en 2019. El Hadj Djoumet Sangar\u00e9 est le 8\u00e8me patriarche de l&rsquo;union de la communaut\u00e9 Wassoulou, est n\u00e9 en [&hellip;]<\/p>\n","protected":false},"author":2,"featured_media":8939,"comment_status":"closed","ping_status":"closed","sticky":false,"template":"","format":"standard","meta":{"_jetpack_memberships_contains_paid_content":false,"footnotes":""},"categories":[4,5,6],"tags":[],"class_list":["post-8938","post","type-post","status-publish","format-standard","has-post-thumbnail","hentry","category-actu","category-politique","category-societe"],"jetpack_featured_media_url":"https:\/\/i0.wp.com\/liberationinfo.com\/wp-content\/uploads\/2021\/07\/FB_IMG_16259485983005796.jpg?fit=800%2C571&ssl=1","jetpack-related-posts":[],"jetpack_sharing_enabled":true,"_links":{"self":[{"href":"https:\/\/liberationinfo.com\/index.php\/wp-json\/wp\/v2\/posts\/8938","targetHints":{"allow":["GET"]}}],"collection":[{"href":"https:\/\/liberationinfo.com\/index.php\/wp-json\/wp\/v2\/posts"}],"about":[{"href":"https:\/\/liberationinfo.com\/index.php\/wp-json\/wp\/v2\/types\/post"}],"author":[{"embeddable":true,"href":"https:\/\/liberationinfo.com\/index.php\/wp-json\/wp\/v2\/users\/2"}],"replies":[{"embeddable":true,"href":"https:\/\/liberationinfo.com\/index.php\/wp-json\/wp\/v2\/comments?post=8938"}],"version-history":[{"count":0,"href":"https:\/\/liberationinfo.com\/index.php\/wp-json\/wp\/v2\/posts\/8938\/revisions"}],"wp:featuredmedia":[{"embeddable":true,"href":"https:\/\/liberationinfo.com\/index.php\/wp-json\/wp\/v2\/media\/8939"}],"wp:attachment":[{"href":"https:\/\/liberationinfo.com\/index.php\/wp-json\/wp\/v2\/media?parent=8938"}],"wp:term":[{"taxonomy":"category","embeddable":true,"href":"https:\/\/liberationinfo.com\/index.php\/wp-json\/wp\/v2\/categories?post=8938"},{"taxonomy":"post_tag","embeddable":true,"href":"https:\/\/liberationinfo.com\/index.php\/wp-json\/wp\/v2\/tags?post=8938"}],"curies":[{"name":"wp","href":"https:\/\/api.w.org\/{rel}","templated":true}]}}