{"id":8894,"date":"2021-07-09T19:56:31","date_gmt":"2021-07-09T19:56:31","guid":{"rendered":"https:\/\/liberationinfo.com\/?p=8894"},"modified":"2021-07-10T18:10:41","modified_gmt":"2021-07-10T18:10:41","slug":"semaine-de-lelectricite-dr-ibrahima-kassory-fofana-salue-les-reformes-de-la-nouvelle-equipe-de-ledg","status":"publish","type":"post","link":"https:\/\/liberationinfo.com\/index.php\/semaine-de-lelectricite-dr-ibrahima-kassory-fofana-salue-les-reformes-de-la-nouvelle-equipe-de-ledg\/","title":{"rendered":"Semaine de l\u2019\u00e9lectricit\u00e9: Dr Ibrahima Kassory Fofana salue les r\u00e9formes de la nouvelle \u00e9quipe de l&rsquo;EDG."},"content":{"rendered":"<p>&nbsp;<\/p>\n<p><strong>Encourager les r\u00e9formes entam\u00e9es par la nouvelle \u00e9quipe dirigeante, le Premier ministre chef du gouvernement, Dr Ibrahima Kassory Fofana a salu\u00e9 les efforts des nouvelles autorit\u00e9s de l&rsquo;\u00e9lectricit\u00e9 de Guin\u00e9e (EDG).<\/strong><\/p>\n<p><strong>Le premier ministre chef du gouvernement, Dr Ibrahima Kassory Fofana a pr\u00e9sid\u00e9, ce vendredi 09 juillet la cl\u00f4ture de la semaine de l\u2019\u00e9lectricit\u00e9, initi\u00e9e par la direction g\u00e9n\u00e9rale de l&rsquo;\u00e9lectricit\u00e9 de Guin\u00e9e (EDG). Au cours de cette semaine, des sensibilisations, conf\u00e9rences-d\u00e9bats, colloques Universitaires et des activit\u00e9s sportives ont \u00e9t\u00e9 organis\u00e9es, pour expliquer les diff\u00e9rentes avanc\u00e9es enregistr\u00e9es par le chef de l\u2019Etat, Pr Alpha Cond\u00e9 depuis 2010. Dans le cadre de la desserte de l&rsquo;\u00e9lectricit\u00e9 dans le pays.\u00a0<\/strong><\/p>\n<p><a href=\"https:\/\/liberationinfo.com\/?attachment_id=8896\"><img data-recalc-dims=\"1\" loading=\"lazy\" decoding=\"async\" width=\"300\" height=\"225\" class=\"alignnone size-medium wp-image-8896\" src=\"https:\/\/i0.wp.com\/liberationinfo.com\/wp-content\/uploads\/2021\/07\/received_534298064283212-300x225.jpeg?resize=300%2C225&#038;ssl=1\" alt=\"\" srcset=\"https:\/\/i0.wp.com\/liberationinfo.com\/wp-content\/uploads\/2021\/07\/received_534298064283212.jpeg?resize=300%2C225&amp;ssl=1 300w, https:\/\/i0.wp.com\/liberationinfo.com\/wp-content\/uploads\/2021\/07\/received_534298064283212.jpeg?resize=768%2C576&amp;ssl=1 768w, https:\/\/i0.wp.com\/liberationinfo.com\/wp-content\/uploads\/2021\/07\/received_534298064283212.jpeg?resize=80%2C60&amp;ssl=1 80w, https:\/\/i0.wp.com\/liberationinfo.com\/wp-content\/uploads\/2021\/07\/received_534298064283212.jpeg?resize=265%2C198&amp;ssl=1 265w, https:\/\/i0.wp.com\/liberationinfo.com\/wp-content\/uploads\/2021\/07\/received_534298064283212.jpeg?resize=696%2C522&amp;ssl=1 696w, https:\/\/i0.wp.com\/liberationinfo.com\/wp-content\/uploads\/2021\/07\/received_534298064283212.jpeg?resize=560%2C420&amp;ssl=1 560w, https:\/\/i0.wp.com\/liberationinfo.com\/wp-content\/uploads\/2021\/07\/received_534298064283212.jpeg?resize=750%2C563&amp;ssl=1 750w, https:\/\/i0.wp.com\/liberationinfo.com\/wp-content\/uploads\/2021\/07\/received_534298064283212.jpeg?w=816&amp;ssl=1 816w\" sizes=\"auto, (max-width: 300px) 100vw, 300px\" \/><\/a><\/p>\n<p><strong>En pr\u00e9sence de plusieurs membres du gouvernement, la ministre de l\u2019Energie Hadja Bountouraby Yattara, le ministre de l&rsquo;\u00e9conomie et des finances, Mamady Camara, le ministre de la communication Amara Sompar\u00e9, le conseiller sp\u00e9cial du pr\u00e9sident de la R\u00e9publique, Bah Ousmane, le directeur g\u00e9n\u00e9ral de l&rsquo;EDG Bangaly Matty et des cadres du d\u00e9partement de l\u2019\u00e9nergie et de la direction g\u00e9n\u00e9rale de l&rsquo;EDG.\u00a0<\/strong><\/p>\n<p><strong>Pour la cheffe du d\u00e9partement de l\u2019\u00e9nergie, Hadja Bountouraby Yattara, les nouvelles r\u00e9formes entam\u00e9es visent \u00e0 r\u00e9duire de fa\u00e7on significative la subvention de l\u2019Etat et assurer la s\u00e9curit\u00e9 des recettes.\u00a0<\/strong><\/p>\n<p>&nbsp;<\/p>\n<p><a href=\"https:\/\/liberationinfo.com\/?attachment_id=8897\"><img data-recalc-dims=\"1\" loading=\"lazy\" decoding=\"async\" width=\"300\" height=\"225\" class=\"alignnone size-medium wp-image-8897\" src=\"https:\/\/i0.wp.com\/liberationinfo.com\/wp-content\/uploads\/2021\/07\/received_499807064463925-300x225.jpeg?resize=300%2C225&#038;ssl=1\" alt=\"\" srcset=\"https:\/\/i0.wp.com\/liberationinfo.com\/wp-content\/uploads\/2021\/07\/received_499807064463925.jpeg?resize=300%2C225&amp;ssl=1 300w, https:\/\/i0.wp.com\/liberationinfo.com\/wp-content\/uploads\/2021\/07\/received_499807064463925.jpeg?resize=768%2C576&amp;ssl=1 768w, https:\/\/i0.wp.com\/liberationinfo.com\/wp-content\/uploads\/2021\/07\/received_499807064463925.jpeg?resize=80%2C60&amp;ssl=1 80w, https:\/\/i0.wp.com\/liberationinfo.com\/wp-content\/uploads\/2021\/07\/received_499807064463925.jpeg?resize=265%2C198&amp;ssl=1 265w, https:\/\/i0.wp.com\/liberationinfo.com\/wp-content\/uploads\/2021\/07\/received_499807064463925.jpeg?resize=696%2C522&amp;ssl=1 696w, https:\/\/i0.wp.com\/liberationinfo.com\/wp-content\/uploads\/2021\/07\/received_499807064463925.jpeg?resize=560%2C420&amp;ssl=1 560w, https:\/\/i0.wp.com\/liberationinfo.com\/wp-content\/uploads\/2021\/07\/received_499807064463925.jpeg?resize=750%2C563&amp;ssl=1 750w, https:\/\/i0.wp.com\/liberationinfo.com\/wp-content\/uploads\/2021\/07\/received_499807064463925.jpeg?w=816&amp;ssl=1 816w\" sizes=\"auto, (max-width: 300px) 100vw, 300px\" \/><\/a><\/p>\n<p>&lt;&lt;<em>Cette initiative de la direction g\u00e9n\u00e9rale de l&rsquo;\u00e9lectricit\u00e9 de Guin\u00e9e EDG, s&rsquo;inscrit en droite ligne de la politique g\u00e9n\u00e9rale de d\u00e9veloppement de la Guin\u00e9e en mati\u00e8re d&rsquo;\u00e9lectricit\u00e9. Les r\u00e9formes entam\u00e9es par l&rsquo;EDG vise \u00e0 r\u00e9duire de fa\u00e7on significative la subvention de l&rsquo;Etat, assurer la s\u00e9curit\u00e9 des recettes, renforcer les capacit\u00e9s et veiller au respect des engagements de l&rsquo;ensemble des acteurs du secteur. Pour mieux cerner le contexte les enjeux de la semaine de l&rsquo;\u00e9lectricit\u00e9, il serait utile de rappeler le contexte. Nous rappelons tous qu&rsquo;il y a dix ans l&rsquo;\u00e9lectricit\u00e9 etait une denr\u00e9e rare pour la population guin\u00e9enne. Le secteur de l&rsquo;\u00e9nergie joue un r\u00f4le centrale dans l&rsquo;\u00e9lan de d\u00e9veloppement <\/em><em>que monsieur le pr\u00e9sident de la R\u00e9publique a imprim\u00e9 \u00e0 notre cher pays depuis son accession au pouvoir. Aujourd&rsquo;hui la desserte en courant \u00e9lectrique s&rsquo;est consid\u00e9rablement am\u00e9lior\u00e9e gr\u00e2ce \u00e0 la construction nouvelles sources de production de l&rsquo;\u00e9lectricit\u00e9<\/em>&gt;&gt;, <strong>a fait savoir la ministre de l\u2019Energie.\u00a0<\/strong><\/p>\n<p><a href=\"https:\/\/liberationinfo.com\/?attachment_id=8898\"><img data-recalc-dims=\"1\" loading=\"lazy\" decoding=\"async\" width=\"300\" height=\"225\" class=\"alignnone size-medium wp-image-8898\" src=\"https:\/\/i0.wp.com\/liberationinfo.com\/wp-content\/uploads\/2021\/07\/received_4389412901110393-300x225.jpeg?resize=300%2C225&#038;ssl=1\" alt=\"\" srcset=\"https:\/\/i0.wp.com\/liberationinfo.com\/wp-content\/uploads\/2021\/07\/received_4389412901110393.jpeg?resize=300%2C225&amp;ssl=1 300w, https:\/\/i0.wp.com\/liberationinfo.com\/wp-content\/uploads\/2021\/07\/received_4389412901110393.jpeg?resize=768%2C576&amp;ssl=1 768w, https:\/\/i0.wp.com\/liberationinfo.com\/wp-content\/uploads\/2021\/07\/received_4389412901110393.jpeg?resize=80%2C60&amp;ssl=1 80w, https:\/\/i0.wp.com\/liberationinfo.com\/wp-content\/uploads\/2021\/07\/received_4389412901110393.jpeg?resize=265%2C198&amp;ssl=1 265w, https:\/\/i0.wp.com\/liberationinfo.com\/wp-content\/uploads\/2021\/07\/received_4389412901110393.jpeg?resize=696%2C522&amp;ssl=1 696w, https:\/\/i0.wp.com\/liberationinfo.com\/wp-content\/uploads\/2021\/07\/received_4389412901110393.jpeg?resize=560%2C420&amp;ssl=1 560w, https:\/\/i0.wp.com\/liberationinfo.com\/wp-content\/uploads\/2021\/07\/received_4389412901110393.jpeg?resize=750%2C563&amp;ssl=1 750w, https:\/\/i0.wp.com\/liberationinfo.com\/wp-content\/uploads\/2021\/07\/received_4389412901110393.jpeg?w=816&amp;ssl=1 816w\" sizes=\"auto, (max-width: 300px) 100vw, 300px\" \/><\/a><\/p>\n<p><strong>Avant d\u2019expliquer les objectifs de cette semaine de l\u2019\u00e9lectricit\u00e9 organis\u00e9e par l&rsquo;EDG , dans les perspectives de la modernisation d&rsquo;une entreprise qui \u00e9tait dansles difficult\u00e9s depuis plusieurs ann\u00e9es.<\/strong><\/p>\n<p><em>&lt;&lt; cette premi\u00e8re \u00e9dition de la semaine de l&rsquo;\u00e9lectricit\u00e9 organis\u00e9e \u00e0 travers des colloques universitaires, de la sensibilisation dans les quartiers, des interventions m\u00e9diatiques a atteint tous ses objectifs car au tant l&rsquo;EDG \u00e0 la responsabilit\u00e9 de fournir une \u00e9lectrique de qualit\u00e9 \u00e0 tous au tant chaque consommateurs et acteurs ont le devoir de tenir ses engagements envers l&rsquo;EDG. C&rsquo;est le lieu d&rsquo;affimer avec certitude que cette semaine a \u00e9t\u00e9 fructueuse en \u00e9change franc et constructif qui ont abouti \u00e0 des r\u00e9sultats \u00e0 la hauteur de toutes les attentes. Je suis persuad\u00e9e que chaque citoyen adoptera une consommation \u00e9lectrique responsable et \u00e9conomique afin de permettre l&rsquo;\u00e9lectricit\u00e9 \u00e0 tous&gt;<\/em>&gt;, <strong>a-t-elle martel\u00e9.\u00a0<\/strong><\/p>\n<p><strong>Pour sa part, le directeur g\u00e9n\u00e9ral de l&rsquo;EDG, Bangaly Matty a vant\u00e9 les m\u00e9rites de la gouvernance actuelle pour l&rsquo;am\u00e9lioration significative enregistr\u00e9es dans le domaine de l&rsquo;\u00e9nergie en Guin\u00e9e depuis 10 ans.\u00a0<\/strong><\/p>\n<p>&nbsp;<\/p>\n<p><a href=\"https:\/\/liberationinfo.com\/?attachment_id=8899\"><img data-recalc-dims=\"1\" loading=\"lazy\" decoding=\"async\" width=\"300\" height=\"245\" class=\"alignnone size-medium wp-image-8899\" src=\"https:\/\/i0.wp.com\/liberationinfo.com\/wp-content\/uploads\/2021\/07\/received_1130915237420704-300x245.jpeg?resize=300%2C245&#038;ssl=1\" alt=\"\" srcset=\"https:\/\/i0.wp.com\/liberationinfo.com\/wp-content\/uploads\/2021\/07\/received_1130915237420704.jpeg?resize=300%2C245&amp;ssl=1 300w, https:\/\/i0.wp.com\/liberationinfo.com\/wp-content\/uploads\/2021\/07\/received_1130915237420704.jpeg?resize=768%2C628&amp;ssl=1 768w, https:\/\/i0.wp.com\/liberationinfo.com\/wp-content\/uploads\/2021\/07\/received_1130915237420704.jpeg?resize=696%2C569&amp;ssl=1 696w, https:\/\/i0.wp.com\/liberationinfo.com\/wp-content\/uploads\/2021\/07\/received_1130915237420704.jpeg?resize=513%2C420&amp;ssl=1 513w, https:\/\/i0.wp.com\/liberationinfo.com\/wp-content\/uploads\/2021\/07\/received_1130915237420704.jpeg?resize=750%2C614&amp;ssl=1 750w, https:\/\/i0.wp.com\/liberationinfo.com\/wp-content\/uploads\/2021\/07\/received_1130915237420704.jpeg?w=880&amp;ssl=1 880w\" sizes=\"auto, (max-width: 300px) 100vw, 300px\" \/><\/a><\/p>\n<p>&lt;<em>&lt; Le message fort ici est que 78% des moyens de production d&rsquo;EDG ont \u00e9t\u00e9 obtenus pendant\u00a0 les dix derni\u00e8res ann\u00e9es. Donc, de 1950 en 1984 la Guin\u00e9e disposait que 99,7 MWHT. De 1984 \u00e0 2010 on avait 194 MWHT et pendants les dix derni\u00e8res ann\u00e9es, on a eu une installation 1040 MWHT. <\/em><br \/>\n<em>L&rsquo;autre contexte c&rsquo;est l&rsquo;insuffisance des recettes,un d\u00e9fi auquel fait face l&rsquo;EDG, aujourd&rsquo;hui en moyenne les recettes font appelle 30% du co\u00fbt d&rsquo;exploitation et cela est d\u00fb \u00e0 deux \u00e9l\u00e9ments. Le premier \u00e9l\u00e9ment est le fait que le prix moyen est tr\u00e8s bas comparativement au co\u00fbt d&rsquo;exploitation, c&rsquo;est \u00e0 dire le prix de revient et le deuxi\u00e8me d\u00e9fi le nombre de clients au compteur se situe autour de 30% il y a beaucoup d&rsquo;abonn\u00e9s qui ne payent pas soit la facture ou \u00e0 un co\u00fbt moyen \u00e9lev\u00e9. Donc le cap entre les recettes et le co\u00fbt est 70% c&rsquo;est \u00e9norme<\/em>&gt;&gt;, <strong>a-t-il indiqu\u00e9.\u00a0<\/strong><\/p>\n<p><a href=\"https:\/\/liberationinfo.com\/?attachment_id=8900\"><img data-recalc-dims=\"1\" loading=\"lazy\" decoding=\"async\" width=\"300\" height=\"225\" class=\"alignnone size-medium wp-image-8900\" src=\"https:\/\/i0.wp.com\/liberationinfo.com\/wp-content\/uploads\/2021\/07\/received_333267831664826-300x225.jpeg?resize=300%2C225&#038;ssl=1\" alt=\"\" srcset=\"https:\/\/i0.wp.com\/liberationinfo.com\/wp-content\/uploads\/2021\/07\/received_333267831664826.jpeg?resize=300%2C225&amp;ssl=1 300w, https:\/\/i0.wp.com\/liberationinfo.com\/wp-content\/uploads\/2021\/07\/received_333267831664826.jpeg?resize=768%2C576&amp;ssl=1 768w, https:\/\/i0.wp.com\/liberationinfo.com\/wp-content\/uploads\/2021\/07\/received_333267831664826.jpeg?resize=80%2C60&amp;ssl=1 80w, https:\/\/i0.wp.com\/liberationinfo.com\/wp-content\/uploads\/2021\/07\/received_333267831664826.jpeg?resize=265%2C198&amp;ssl=1 265w, https:\/\/i0.wp.com\/liberationinfo.com\/wp-content\/uploads\/2021\/07\/received_333267831664826.jpeg?resize=696%2C522&amp;ssl=1 696w, https:\/\/i0.wp.com\/liberationinfo.com\/wp-content\/uploads\/2021\/07\/received_333267831664826.jpeg?resize=560%2C420&amp;ssl=1 560w, https:\/\/i0.wp.com\/liberationinfo.com\/wp-content\/uploads\/2021\/07\/received_333267831664826.jpeg?resize=750%2C563&amp;ssl=1 750w, https:\/\/i0.wp.com\/liberationinfo.com\/wp-content\/uploads\/2021\/07\/received_333267831664826.jpeg?w=816&amp;ssl=1 816w\" sizes=\"auto, (max-width: 300px) 100vw, 300px\" \/><\/a><\/p>\n<p><strong>Et d&rsquo;ajouter<\/strong>, &lt;&lt;il souligne que du point de vue des ressources humaines aujourd&rsquo;hui 78% du personnel de l&rsquo;EDG a plus de 40 ans parmi eux 51% ont 50 ans. Les cons\u00e9quences \u00e0 cela pour une entreprise industrielle la pyramide des \u00e2ges pour notre compagnie est invers\u00e9e et cela a un grand impact sur la productivit\u00e9. Les cadres de haut niveau au nombre de 61 vont aller \u00e0 la retraite pendant les 5 prochaine ann\u00e9es. Cela repr\u00e9sente un grand risque de comp\u00e9tences auxquel nous devons faire face rapidement&gt;&gt;,<strong> a-t-il mentionn\u00e9<\/strong>.<\/p>\n<p><a href=\"https:\/\/liberationinfo.com\/index.php\/semaine-de-lelectricite-dr-ibrahima-kassory-fofana-salue-les-reformes-de-la-nouvelle-equipe-de-ledg\/received_364506925099272\/\"><img data-recalc-dims=\"1\" loading=\"lazy\" decoding=\"async\" width=\"300\" height=\"225\" class=\"alignnone size-medium wp-image-8904\" src=\"https:\/\/i0.wp.com\/liberationinfo.com\/wp-content\/uploads\/2021\/07\/received_364506925099272-300x225.jpeg?resize=300%2C225&#038;ssl=1\" alt=\"\" srcset=\"https:\/\/i0.wp.com\/liberationinfo.com\/wp-content\/uploads\/2021\/07\/received_364506925099272.jpeg?resize=300%2C225&amp;ssl=1 300w, https:\/\/i0.wp.com\/liberationinfo.com\/wp-content\/uploads\/2021\/07\/received_364506925099272.jpeg?resize=768%2C576&amp;ssl=1 768w, https:\/\/i0.wp.com\/liberationinfo.com\/wp-content\/uploads\/2021\/07\/received_364506925099272.jpeg?resize=80%2C60&amp;ssl=1 80w, https:\/\/i0.wp.com\/liberationinfo.com\/wp-content\/uploads\/2021\/07\/received_364506925099272.jpeg?resize=265%2C198&amp;ssl=1 265w, https:\/\/i0.wp.com\/liberationinfo.com\/wp-content\/uploads\/2021\/07\/received_364506925099272.jpeg?resize=696%2C522&amp;ssl=1 696w, https:\/\/i0.wp.com\/liberationinfo.com\/wp-content\/uploads\/2021\/07\/received_364506925099272.jpeg?resize=560%2C420&amp;ssl=1 560w, https:\/\/i0.wp.com\/liberationinfo.com\/wp-content\/uploads\/2021\/07\/received_364506925099272.jpeg?resize=750%2C563&amp;ssl=1 750w, https:\/\/i0.wp.com\/liberationinfo.com\/wp-content\/uploads\/2021\/07\/received_364506925099272.jpeg?w=816&amp;ssl=1 816w\" sizes=\"auto, (max-width: 300px) 100vw, 300px\" \/><\/a><\/p>\n<p><strong>En prenant la parole le chef du gouvernement, Dr Ibrahima Kassory Fofana a f\u00e9licit\u00e9 la nouvelle direction g\u00e9n\u00e9rale de l&rsquo;EDG, pour les r\u00e9formes courageuses pour la rationalisation des recettes et la r\u00e9duction de la subvention de l\u2019Etat. Une subvention qui co\u00fbte 400 \u00e0 500 millions de dollars par an.\u00a0<\/strong><\/p>\n<p>&lt;&lt;<em>Nous sommes arriv\u00e9s \u00e0 la cl\u00f4ture de la semaine de l&rsquo;\u00e9lectricit\u00e9 au terme de dix jours d&rsquo;intenses d&rsquo;activit\u00e9s d&rsquo;\u00e9changes et d&rsquo;informations et de sensibilisations dans les cinq communes de Conakry. La semaine qui s&rsquo;ach\u00e8ve aura permis de rapprocher les services en charge de la gestion de notre secteur \u00e9lectrique et les citoyens \u00e0 travers un dialogue ouvert et f\u00e9cond autour des probl\u00e9matiques de la fourniture et de la consommation de l&rsquo;\u00e9lectricit\u00e9. La semaine de l&rsquo;\u00e9lectricit\u00e9 aura permis de mettre en lumi\u00e8re l&rsquo;ambition et les r\u00e9alisations de son pr\u00e9sident son excellence le professeur Alpha Cond\u00e9 pour l&rsquo;effort du secteur \u00e9nerg\u00e9tique productif et durable au b\u00e9n\u00e9fice des populations et aux entreprises guin\u00e9ennes. Il me plait de f\u00e9liciter les acteurs qui ont contribu\u00e9 \u00e0 la r\u00e9ussite de cette \u00e9dition en particulier le minist\u00e8re de l&rsquo;\u00e9nergie et sa dynamique ministre et la direction d&rsquo;EDG et son dynamique directeur<\/em>&gt;&gt;,<strong> a-t-il affirm\u00e9 le premier ministre.\u00a0<\/strong><\/p>\n<p><a href=\"https:\/\/liberationinfo.com\/index.php\/semaine-de-lelectricite-dr-ibrahima-kassory-fofana-salue-les-reformes-de-la-nouvelle-equipe-de-ledg\/received_354271586279736\/\"><img data-recalc-dims=\"1\" loading=\"lazy\" decoding=\"async\" width=\"300\" height=\"225\" class=\"alignnone size-medium wp-image-8909\" src=\"https:\/\/i0.wp.com\/liberationinfo.com\/wp-content\/uploads\/2021\/07\/received_354271586279736-300x225.jpeg?resize=300%2C225&#038;ssl=1\" alt=\"\" srcset=\"https:\/\/i0.wp.com\/liberationinfo.com\/wp-content\/uploads\/2021\/07\/received_354271586279736.jpeg?resize=300%2C225&amp;ssl=1 300w, https:\/\/i0.wp.com\/liberationinfo.com\/wp-content\/uploads\/2021\/07\/received_354271586279736.jpeg?resize=768%2C576&amp;ssl=1 768w, https:\/\/i0.wp.com\/liberationinfo.com\/wp-content\/uploads\/2021\/07\/received_354271586279736.jpeg?resize=80%2C60&amp;ssl=1 80w, https:\/\/i0.wp.com\/liberationinfo.com\/wp-content\/uploads\/2021\/07\/received_354271586279736.jpeg?resize=265%2C198&amp;ssl=1 265w, https:\/\/i0.wp.com\/liberationinfo.com\/wp-content\/uploads\/2021\/07\/received_354271586279736.jpeg?resize=696%2C522&amp;ssl=1 696w, https:\/\/i0.wp.com\/liberationinfo.com\/wp-content\/uploads\/2021\/07\/received_354271586279736.jpeg?resize=560%2C420&amp;ssl=1 560w, https:\/\/i0.wp.com\/liberationinfo.com\/wp-content\/uploads\/2021\/07\/received_354271586279736.jpeg?resize=750%2C563&amp;ssl=1 750w, https:\/\/i0.wp.com\/liberationinfo.com\/wp-content\/uploads\/2021\/07\/received_354271586279736.jpeg?w=816&amp;ssl=1 816w\" sizes=\"auto, (max-width: 300px) 100vw, 300px\" \/><\/a><\/p>\n<p><strong>Avant d\u2019ajouter<\/strong> : &lt;&lt;<em>il est opportun de souligner que sous l&rsquo;impulsion du professeur Alpha Cond\u00e9, le d\u00e9fi de l&rsquo;\u00e9nergie en Guin\u00e9e \u00e0 \u00e9t\u00e9 relev\u00e9 ou camp\u00e9 comme jamais auparavant. Il est tout aussi loisible d&rsquo;observer que l&rsquo;engagement r\u00e9solu de monsieur le pr\u00e9sident dans ce secteur a produit des r\u00e9sultats tangibles dont les r\u00e9tomb\u00e9es directes ou indirectes sont visibles sur le bien-\u00eatre des m\u00e9nages et sur les activit\u00e9s \u00e9conomiques en terme de vie de nos citoyens et concitoyens et en terme de la productivit\u00e9 des entreprises. De l&rsquo;ach\u00e8vement r\u00e9cent de Souapiti la deuxi\u00e8me centrale hydro\u00e9lectrique du pays en une d\u00e9cennie \u00e0 la restructuration de la soci\u00e9t\u00e9 les r\u00e9formes et les actions entreprises n&rsquo;ont jamais cess\u00e9 d\u00e9montrer les progr\u00e8s de plus en plus important, tangible dans ce secteur crucial de l&rsquo;\u00e9conomie. La capacit\u00e9 \u00e9nerg\u00e9tique install\u00e9e est pass\u00e9e 274 MWHT en 2010 \u00e0 peine dix ans \u00e0 1200 MWHT aujourd&rsquo;hui environ 335 % d&rsquo;augmentation de puissance(&#8230; ), Nous sommes en droit d&rsquo;\u00eatre fier de ce qui a \u00e9t\u00e9 accompli et de ce qui est en cour de r\u00e9alisation de ce qui est envisager \u00e0 court et long terme<\/em>&gt;&gt;,<strong>a-t-il conclut.\u00a0<\/strong><\/p>\n<p><strong>Mohamed\u00a0 Camara <\/strong><\/p>\n<p><strong>621 50 18 47\u00a0<\/strong><\/p>\n","protected":false},"excerpt":{"rendered":"<p>&nbsp; Encourager les r\u00e9formes entam\u00e9es par la nouvelle \u00e9quipe dirigeante, le Premier ministre chef du gouvernement, Dr Ibrahima Kassory Fofana a salu\u00e9 les efforts des nouvelles autorit\u00e9s de l&rsquo;\u00e9lectricit\u00e9 de Guin\u00e9e (EDG). Le premier ministre chef du gouvernement, Dr Ibrahima Kassory Fofana a pr\u00e9sid\u00e9, ce vendredi 09 juillet la cl\u00f4ture de la semaine de l\u2019\u00e9lectricit\u00e9, [&hellip;]<\/p>\n","protected":false},"author":2,"featured_media":8895,"comment_status":"closed","ping_status":"closed","sticky":false,"template":"","format":"standard","meta":{"_jetpack_memberships_contains_paid_content":false,"footnotes":""},"categories":[4,5],"tags":[],"class_list":["post-8894","post","type-post","status-publish","format-standard","has-post-thumbnail","hentry","category-actu","category-politique"],"jetpack_featured_media_url":"https:\/\/i0.wp.com\/liberationinfo.com\/wp-content\/uploads\/2021\/07\/FB_IMG_16258357330227629.jpg?fit=800%2C519&ssl=1","jetpack-related-posts":[],"jetpack_sharing_enabled":true,"_links":{"self":[{"href":"https:\/\/liberationinfo.com\/index.php\/wp-json\/wp\/v2\/posts\/8894","targetHints":{"allow":["GET"]}}],"collection":[{"href":"https:\/\/liberationinfo.com\/index.php\/wp-json\/wp\/v2\/posts"}],"about":[{"href":"https:\/\/liberationinfo.com\/index.php\/wp-json\/wp\/v2\/types\/post"}],"author":[{"embeddable":true,"href":"https:\/\/liberationinfo.com\/index.php\/wp-json\/wp\/v2\/users\/2"}],"replies":[{"embeddable":true,"href":"https:\/\/liberationinfo.com\/index.php\/wp-json\/wp\/v2\/comments?post=8894"}],"version-history":[{"count":0,"href":"https:\/\/liberationinfo.com\/index.php\/wp-json\/wp\/v2\/posts\/8894\/revisions"}],"wp:featuredmedia":[{"embeddable":true,"href":"https:\/\/liberationinfo.com\/index.php\/wp-json\/wp\/v2\/media\/8895"}],"wp:attachment":[{"href":"https:\/\/liberationinfo.com\/index.php\/wp-json\/wp\/v2\/media?parent=8894"}],"wp:term":[{"taxonomy":"category","embeddable":true,"href":"https:\/\/liberationinfo.com\/index.php\/wp-json\/wp\/v2\/categories?post=8894"},{"taxonomy":"post_tag","embeddable":true,"href":"https:\/\/liberationinfo.com\/index.php\/wp-json\/wp\/v2\/tags?post=8894"}],"curies":[{"name":"wp","href":"https:\/\/api.w.org\/{rel}","templated":true}]}}