{"id":7881,"date":"2021-05-29T07:44:42","date_gmt":"2021-05-29T07:44:42","guid":{"rendered":"https:\/\/liberationinfo.com\/?p=7881"},"modified":"2021-05-29T07:48:16","modified_gmt":"2021-05-29T07:48:16","slug":"quelle-position-la-cedeao-va-t-elle-adopter-face-a-la-situation-au-mali","status":"publish","type":"post","link":"https:\/\/liberationinfo.com\/index.php\/quelle-position-la-cedeao-va-t-elle-adopter-face-a-la-situation-au-mali\/","title":{"rendered":"Quelle position la C\u00e9d\u00e9ao va-t-elle adopter face \u00e0 la situation au Mali ?"},"content":{"rendered":"<div class=\"row single-main-content\">\n<div class=\"main-content content-right col-sx-12 col-sm-12 col-md-9 col-lg-9\">\n<div class=\"content-inner\">\n<div class=\"box box-article\">\n<article id=\"post-155361\" class=\"post-155361 post type-post status-publish format-standard has-post-thumbnail hentry category-la-une\">\n<div class=\"post-image single-image\"><\/div>\n<div class=\"entry-content clearfix\">\n<div class=\"entry-content-inner padding-left\">\n<div class=\"pf-content\">\n<p>Face \u00e0 la situation \u00e0 Bamako, quelle position la C\u00e9d\u00e9ao va-t-elle adopter\u00a0? On a appris, vendredi 28 mai, que les chefs d\u2019\u00c9tat\u00a0de la communaut\u00e9 ouest-africaine avaient rendez-vous dimanche \u00e0 Accra pour un sommet d\u00e9di\u00e9 au dossier malien.<\/p>\n<p>Dans les diff\u00e9rentes chancelleries contact\u00e9es au sein de la sous-r\u00e9gion, on ne cache pas une lassitude et un fort agacement face \u00e0 la tournure des \u00e9v\u00e9nements \u00e0 Bamako.\u00a0La transition malienne \u00ab\u00a0tenait\u00a0\u00bb sur un atelage civilo-militaire inconfortable, reconnaissent plusieurs ministres ouest-africains des Affaires \u00e9trang\u00e8res, mais tous regrettent cette interruption sur la route devant mener le Mali \u00e0 des \u00e9lections.<\/p>\n<div class=\"code-block code-block-2\"><\/div>\n<p><strong>Parler d\u2019une seule voix<\/strong><\/p>\n<p>Le pr\u00e9sident en exercice de la C\u00e9d\u00e9ao, le Ghan\u00e9en Nana Akuffo-Addo, a invit\u00e9 ses pairs, dimanche 30 mai \u00e0 Accra, pour que la communaut\u00e9 r\u00e9gionale parle d\u2019une seule voix face \u00e0 une situation qui la met dans une position d\u00e9licate.\u00a0Imposer de nouvelles sanctions au Mali fragiliserait une \u00e9conomie d\u00e9j\u00e0 \u00e9prouv\u00e9e par les pr\u00e9c\u00e9dentes mesures prises apr\u00e8s le coup d\u2019\u00c9tat d\u2019ao\u00fbt 2020, et par l\u2019impact de la pand\u00e9mie de Covid-19.<\/p>\n<p><strong>Un recul d\u00e9mocratique\u00a0<\/strong><\/p>\n<p>Cependant, \u00ab<em>\u00a0nous ne pouvons pas renier nos principes\u00a0<\/em>\u00bb, dit un ministre.\u00a0La prise en main de la transition par les militaires au Tchad a d\u00e9j\u00e0 laiss\u00e9 un go\u00fbt amer. \u00ab<em>\u00a0Nous ne voulons pas que ce genre de pratique prosp\u00e8re<\/em>\u00a0\u00bb,\u00a0dit un autre.\u00a0Si le respect des institutions n\u2019est pas d\u00e9fendu, c\u2019est un recul d\u00e9mocratique.<\/p>\n<p><strong>RFI<\/strong><\/p>\n<\/div>\n<\/div>\n<\/div>\n<\/article>\n<\/div>\n<\/div>\n<\/div>\n<\/div>\n","protected":false},"excerpt":{"rendered":"<p>Face \u00e0 la situation \u00e0 Bamako, quelle position la C\u00e9d\u00e9ao va-t-elle adopter\u00a0? On a appris, vendredi 28 mai, que les chefs d\u2019\u00c9tat\u00a0de la communaut\u00e9 ouest-africaine avaient rendez-vous dimanche \u00e0 Accra pour un sommet d\u00e9di\u00e9 au dossier malien. Dans les diff\u00e9rentes chancelleries contact\u00e9es au sein de la sous-r\u00e9gion, on ne cache pas une lassitude et un [&hellip;]<\/p>\n","protected":false},"author":2,"featured_media":7883,"comment_status":"closed","ping_status":"closed","sticky":false,"template":"","format":"standard","meta":{"_jetpack_memberships_contains_paid_content":false,"footnotes":""},"categories":[4,5],"tags":[],"class_list":["post-7881","post","type-post","status-publish","format-standard","has-post-thumbnail","hentry","category-actu","category-politique"],"jetpack_featured_media_url":"https:\/\/i0.wp.com\/liberationinfo.com\/wp-content\/uploads\/2021\/05\/La-photo-de-famille-des-chefs-dEtat-apres-la-ceremonie-du-55eme-sommet-de-la-Cedeao.jpg?fit=1250%2C833&ssl=1","jetpack-related-posts":[],"jetpack_sharing_enabled":true,"_links":{"self":[{"href":"https:\/\/liberationinfo.com\/index.php\/wp-json\/wp\/v2\/posts\/7881","targetHints":{"allow":["GET"]}}],"collection":[{"href":"https:\/\/liberationinfo.com\/index.php\/wp-json\/wp\/v2\/posts"}],"about":[{"href":"https:\/\/liberationinfo.com\/index.php\/wp-json\/wp\/v2\/types\/post"}],"author":[{"embeddable":true,"href":"https:\/\/liberationinfo.com\/index.php\/wp-json\/wp\/v2\/users\/2"}],"replies":[{"embeddable":true,"href":"https:\/\/liberationinfo.com\/index.php\/wp-json\/wp\/v2\/comments?post=7881"}],"version-history":[{"count":0,"href":"https:\/\/liberationinfo.com\/index.php\/wp-json\/wp\/v2\/posts\/7881\/revisions"}],"wp:featuredmedia":[{"embeddable":true,"href":"https:\/\/liberationinfo.com\/index.php\/wp-json\/wp\/v2\/media\/7883"}],"wp:attachment":[{"href":"https:\/\/liberationinfo.com\/index.php\/wp-json\/wp\/v2\/media?parent=7881"}],"wp:term":[{"taxonomy":"category","embeddable":true,"href":"https:\/\/liberationinfo.com\/index.php\/wp-json\/wp\/v2\/categories?post=7881"},{"taxonomy":"post_tag","embeddable":true,"href":"https:\/\/liberationinfo.com\/index.php\/wp-json\/wp\/v2\/tags?post=7881"}],"curies":[{"name":"wp","href":"https:\/\/api.w.org\/{rel}","templated":true}]}}