{"id":7734,"date":"2021-05-25T10:15:10","date_gmt":"2021-05-25T10:15:10","guid":{"rendered":"https:\/\/liberationinfo.com\/?p=7734"},"modified":"2021-05-25T18:58:08","modified_gmt":"2021-05-25T18:58:08","slug":"journee-africaine-voici-la-declaration-de-moussa-faki-mahamat-president-de-la-commission-de-lua","status":"publish","type":"post","link":"https:\/\/liberationinfo.com\/index.php\/journee-africaine-voici-la-declaration-de-moussa-faki-mahamat-president-de-la-commission-de-lua\/","title":{"rendered":"Journ\u00e9e africaine : voici la d\u00e9claration de Moussa Faki Mahamat, pr\u00e9sident de la commission de l\u2019UA"},"content":{"rendered":"<div class=\"entry-header\">\n<h1 class=\"jeg_post_title\"><\/h1>\n<\/div>\n<div class=\"jeg_featured featured_image\">\n<div class=\"thumbnail-container animate-lazy\"><\/div>\n<\/div>\n<div class=\"jeg_share_top_container\">\n<div class=\"jeg_share_button clearfix\">\n<div class=\"jeg_sharelist\"><\/div>\n<div><\/div>\n<div class=\"jeg_sharelist\"><strong>\u00a0chers Concitoyens d\u2019Afrique et de la Diaspora,<\/strong><\/div>\n<\/div>\n<\/div>\n<div class=\"entry-content no-share\">\n<div class=\"content-inner \">\n<p>&nbsp;<\/p>\n<p>Nous c\u00e9l\u00e9brons aujourd\u2019hui la naissance de l\u2019Organisation de l\u2019Unit\u00e9 africaine (OUA), en souvenir de ce jour historique du 25 Mai 1963 ou une vingtaine de Chefs d\u2019\u00c9tat africains cr\u00e9aient, dans l\u2019enthousiasme \u00e0 Addis-Abeba, cette Organisation Continentale. Celle-ci s\u2019\u00e9tait fix\u00e9e pour ambition l\u2019ind\u00e9pendance totale de l\u2019Afrique sur le plan politique et \u00e9conomique et la r\u00e9alisation de son unit\u00e9.<\/p>\n<p>&nbsp;<\/p>\n<p>Cinquante-huit ans apr\u00e8s, l\u2019Union africaine qui a pris le relais de l\u2019OUA, poursuit cette ambition avec plus ou moins de r\u00e9ussite. Elle le fait concr\u00e8tement sur le terrain, mais elle le fait aussi sur la base des principes. Ces principes sont ceux de la renaissance Africaine, de l\u2019esprit du Panafricanisme, de l\u2019identit\u00e9 culturelle et des valeurs partag\u00e9es, chers aux p\u00e8res fondateurs et d\u00e9finis dans l\u2019Acte constitutif de l\u2019UA, de l\u2019Agenda 2063 de l\u2019UA et d\u2019autres instruments continentaux.<\/p>\n<p>&nbsp;<\/p>\n<p>Ces principes et valeurs ont un r\u00f4le important \u00e0 jouer dans la construction de l\u2019Afrique que nous voulons.<\/p>\n<p>&nbsp;<\/p>\n<p>En effet, l\u2019Union africaine a prescrit aux \u00c9tats africains de chercher dans leurs rep\u00e8res culturels et leurs valeurs ancestrales le soubassement de leur essor, tout en s\u2019inscrivant dans l\u2019\u00e9volution du monde. Longtemps anesth\u00e9si\u00e9 par les effets de la colonisation, l\u2019Africain doit puiser au plus profond de son patrimoine culturel et artistique les cl\u00e9s de son \u00e9panouissement.<\/p>\n<p>&nbsp;<\/p>\n<p>C\u2019est ce message que voudrait v\u00e9hiculer l\u2019UA \u00e0 travers le th\u00e8me de l\u2019ann\u00e9e 2021 consacr\u00e9 aux Arts, culture et patrimoine comme leviers pour construire l\u2019Afrique que nous voulons.<\/p>\n<p>&nbsp;<\/p>\n<p><strong>Chers Concitoyens, Mesdames, Messieurs,<\/strong><\/p>\n<p>&nbsp;<\/p>\n<p>Nous avions voulu combiner symboliquement le th\u00e8me de l\u2019ann\u00e9e avec la Journ\u00e9e de l\u2019Afrique pour proc\u00e9der au lancement de l\u2019entr\u00e9e en vigueur de la Charte de la Renaissance Culturelle africaine adopt\u00e9e depuis 2006 \u00e0 Khartoum au Soudan.<\/p>\n<p>&nbsp;<\/p>\n<p>L\u2019un des objectifs de cette Charte est de renforcer le r\u00f4le de la culture dans la promotion de la paix et de la bonne gouvernance. L\u2019Union africaine est consciente du r\u00f4le que les arts, les expressions audiovisuelles et cin\u00e9matographiques ainsi que d\u2019autres industries cr\u00e9atives jouent dans le processus d\u2019int\u00e9gration africaine en tant que facteur de paix, de compr\u00e9hension et de pr\u00e9vention des conflits ainsi que de croissance socio-\u00e9conomique.<\/p>\n<p>&nbsp;<\/p>\n<p>En d\u00e9pit de la domination culturelle qui, au cours de la traite des esclaves et de l\u2019\u00e8re coloniale, a conduit \u00e0 la d\u00e9personnalisation d\u2019une partie des peuples africains, a falsifi\u00e9 leur histoire, a syst\u00e9matiquement d\u00e9nigr\u00e9 et combattu les valeurs africaines, et a tent\u00e9 de remplacer progressivement et officiellement leurs langues par celle du colonisateur, les peuples africains ont pu trouver dans la culture africaine la force n\u00e9cessaire \u00e0 la r\u00e9sistance et \u00e0 la lib\u00e9ration du Continent.<\/p>\n<p>&nbsp;<\/p>\n<p>L\u2019Union africaine estime que l\u2019unit\u00e9 de l\u2019Afrique se fonde d\u2019abord et avant tout sur son histoire. L\u2019histoire de l\u2019Afrique, qui fait partie de notre identit\u00e9 culturelle, est un imp\u00e9ratif pour le d\u00e9veloppement du Continent.<\/p>\n<p>&nbsp;<\/p>\n<p>Elle est aussi un vecteur de formation de la personnalit\u00e9 africaine et d\u2019affirmation des peuples africains dans le monde. L\u2019Afrique ne peut s\u2019imposer dans le multilat\u00e9ralisme et les partenariats avec le reste du monde que par l\u2019affirmation, sans complexe, ni ombrage de son \u00eatre, de sa personnalit\u00e9 et de son identit\u00e9 sur une base de totale \u00e9galit\u00e9 avec les autres.<\/p>\n<p>&nbsp;<\/p>\n<p><strong>Mesdames, Messieurs,<\/strong><\/p>\n<p>&nbsp;<\/p>\n<p>L\u2019Afrique a longtemps occult\u00e9 le r\u00f4le de la culture dans la promotion et la formation des Nations. J\u2019entends, au cours de ce mandat, corriger cette tendance en m\u2019int\u00e9ressant, plus que je ne l\u2019ai fait par le pass\u00e9, \u00e0 la culture et \u00e0 la pens\u00e9e africaines. J\u2019ai indiqu\u00e9 que je ferai appel aux universitaires et aux sociologues de tous les espaces culturels pour apporter leur contribution \u00e0 l\u2019\u00e9dification d\u2019un consensus africain solide et r\u00e9alisable.<\/p>\n<p>&nbsp;<\/p>\n<p>Les diff\u00e9rentes r\u00e9flexions en rapport avec le th\u00e8me de l\u2019ann\u00e9e, que m\u00e8neront aujourd\u2019hui d\u2019\u00e9minentes personnalit\u00e9s africaines pour marquer cette journ\u00e9e de l\u2019Afrique, s\u2019inscrivent bien dans cette dynamique. Je voudrais leur exprimer toute ma reconnaissance et les assurer que leurs contributions intellectuelles ne manqueront pas d\u2019abreuver notre soif de renaissance culturelle de l\u2019Afrique.<\/p>\n<p>&nbsp;<\/p>\n<p>Je souhaite \u00e0 tous les Africains, du Continent comme ceux de la Diaspora, joyeux anniversaire.<\/p>\n<p>&nbsp;<\/p>\n<p><strong>Que Dieu b\u00e9nisse l\u2019Afrique<\/strong><\/p>\n<\/div>\n<\/div>\n","protected":false},"excerpt":{"rendered":"<p>\u00a0chers Concitoyens d\u2019Afrique et de la Diaspora, &nbsp; Nous c\u00e9l\u00e9brons aujourd\u2019hui la naissance de l\u2019Organisation de l\u2019Unit\u00e9 africaine (OUA), en souvenir de ce jour historique du 25 Mai 1963 ou une vingtaine de Chefs d\u2019\u00c9tat africains cr\u00e9aient, dans l\u2019enthousiasme \u00e0 Addis-Abeba, cette Organisation Continentale. Celle-ci s\u2019\u00e9tait fix\u00e9e pour ambition l\u2019ind\u00e9pendance totale de l\u2019Afrique sur le [&hellip;]<\/p>\n","protected":false},"author":2,"featured_media":7738,"comment_status":"closed","ping_status":"closed","sticky":false,"template":"","format":"standard","meta":{"_jetpack_memberships_contains_paid_content":false,"footnotes":""},"categories":[4,5],"tags":[],"class_list":["post-7734","post","type-post","status-publish","format-standard","has-post-thumbnail","hentry","category-actu","category-politique"],"jetpack_featured_media_url":"https:\/\/i0.wp.com\/liberationinfo.com\/wp-content\/uploads\/2021\/05\/moussa-faki.gif?fit=548%2C665&ssl=1","jetpack-related-posts":[],"jetpack_sharing_enabled":true,"_links":{"self":[{"href":"https:\/\/liberationinfo.com\/index.php\/wp-json\/wp\/v2\/posts\/7734","targetHints":{"allow":["GET"]}}],"collection":[{"href":"https:\/\/liberationinfo.com\/index.php\/wp-json\/wp\/v2\/posts"}],"about":[{"href":"https:\/\/liberationinfo.com\/index.php\/wp-json\/wp\/v2\/types\/post"}],"author":[{"embeddable":true,"href":"https:\/\/liberationinfo.com\/index.php\/wp-json\/wp\/v2\/users\/2"}],"replies":[{"embeddable":true,"href":"https:\/\/liberationinfo.com\/index.php\/wp-json\/wp\/v2\/comments?post=7734"}],"version-history":[{"count":0,"href":"https:\/\/liberationinfo.com\/index.php\/wp-json\/wp\/v2\/posts\/7734\/revisions"}],"wp:featuredmedia":[{"embeddable":true,"href":"https:\/\/liberationinfo.com\/index.php\/wp-json\/wp\/v2\/media\/7738"}],"wp:attachment":[{"href":"https:\/\/liberationinfo.com\/index.php\/wp-json\/wp\/v2\/media?parent=7734"}],"wp:term":[{"taxonomy":"category","embeddable":true,"href":"https:\/\/liberationinfo.com\/index.php\/wp-json\/wp\/v2\/categories?post=7734"},{"taxonomy":"post_tag","embeddable":true,"href":"https:\/\/liberationinfo.com\/index.php\/wp-json\/wp\/v2\/tags?post=7734"}],"curies":[{"name":"wp","href":"https:\/\/api.w.org\/{rel}","templated":true}]}}