{"id":759,"date":"2020-07-30T18:36:58","date_gmt":"2020-07-30T17:36:58","guid":{"rendered":"http:\/\/liberationinfo.com\/?p=759"},"modified":"2020-07-30T18:36:58","modified_gmt":"2020-07-30T17:36:58","slug":"peches-le-repos-biologique-debute-le-1er-aout-prochain-pour-une-periode-dun-mois-frederic-loua","status":"publish","type":"post","link":"https:\/\/liberationinfo.com\/index.php\/peches-le-repos-biologique-debute-le-1er-aout-prochain-pour-une-periode-dun-mois-frederic-loua\/","title":{"rendered":"P\u00eaches : le repos biologique d\u00e9bute le 1er ao\u00fbt prochain pour une p\u00e9riode d\u2019un mois (Fr\u00e9d\u00e9ric Loua)"},"content":{"rendered":"<p>Dans une d\u00e9claration rendue publique ce jeudi 30 juillet 2020, le ministre des P\u00eaches, de l\u2019Aquaculture et de l\u2019\u00c9conomie Maritime, a annonc\u00e9 la suspension des activit\u00e9s de p\u00eaches artisanales avanc\u00e9es et industrielles pendant un mois.<\/p>\n<p>Le repos biologique sera donc observ\u00e9 du 1er au 31 ao\u00fbt prochain a annonc\u00e9 le ministre.<\/p>\n<p>Selon Fr\u00e9d\u00e9ric Loua, la p\u00e9riode de repos biologique pourrait \u00eatre reconduite au mois de septembre, si les produits halieutiques disponibles sur le territoire guin\u00e9en pourraient satisfaire la demande des populations en cette p\u00e9riode de crise sanitaire.<\/p>\n<div class=\"jeg_ad jeg_ad_article jnews_content_inline_ads \">\n<div class=\"ads-wrapper align-center \">\n<div class=\"ads_code\"><ins class=\"adsbygoogle\" data-ad-client=\"ca-pub-1870189416508001\" data-ad-slot=\"5141807392\" data-ad-format=\"auto\" data-full-width-responsive=\"true\" data-adsbygoogle-status=\"done\"><ins id=\"aswift_1_expand\"><ins id=\"aswift_1_anchor\"><\/ins><\/ins><\/ins><\/div>\n<\/div>\n<\/div>\n<p><a href=\"https:\/\/mosaiqueguinee.com\/wp-content\/uploads\/2020\/07\/COMMUNIQUE-DE-PRESSE.docx\">COMMUNIQUE DE PRESSE<\/a><\/p>\n<p>liberationinfo.com<\/p>\n","protected":false},"excerpt":{"rendered":"<p>Dans une d\u00e9claration rendue publique ce jeudi 30 juillet 2020, le ministre des P\u00eaches, de l\u2019Aquaculture et de l\u2019\u00c9conomie Maritime, a annonc\u00e9 la suspension des activit\u00e9s de p\u00eaches artisanales avanc\u00e9es et industrielles pendant un mois. Le repos biologique sera donc observ\u00e9 du 1er au 31 ao\u00fbt prochain a annonc\u00e9 le ministre. Selon Fr\u00e9d\u00e9ric Loua, la [&hellip;]<\/p>\n","protected":false},"author":2,"featured_media":760,"comment_status":"open","ping_status":"open","sticky":false,"template":"","format":"standard","meta":{"_jetpack_memberships_contains_paid_content":false,"footnotes":""},"categories":[4,5,6],"tags":[],"class_list":["post-759","post","type-post","status-publish","format-standard","has-post-thumbnail","hentry","category-actu","category-politique","category-societe"],"jetpack_featured_media_url":"https:\/\/i0.wp.com\/liberationinfo.com\/wp-content\/uploads\/2020\/07\/t%C3%A9l%C3%A9chargement-27.jpg?fit=640%2C426&ssl=1","jetpack-related-posts":[],"jetpack_sharing_enabled":true,"_links":{"self":[{"href":"https:\/\/liberationinfo.com\/index.php\/wp-json\/wp\/v2\/posts\/759","targetHints":{"allow":["GET"]}}],"collection":[{"href":"https:\/\/liberationinfo.com\/index.php\/wp-json\/wp\/v2\/posts"}],"about":[{"href":"https:\/\/liberationinfo.com\/index.php\/wp-json\/wp\/v2\/types\/post"}],"author":[{"embeddable":true,"href":"https:\/\/liberationinfo.com\/index.php\/wp-json\/wp\/v2\/users\/2"}],"replies":[{"embeddable":true,"href":"https:\/\/liberationinfo.com\/index.php\/wp-json\/wp\/v2\/comments?post=759"}],"version-history":[{"count":0,"href":"https:\/\/liberationinfo.com\/index.php\/wp-json\/wp\/v2\/posts\/759\/revisions"}],"wp:featuredmedia":[{"embeddable":true,"href":"https:\/\/liberationinfo.com\/index.php\/wp-json\/wp\/v2\/media\/760"}],"wp:attachment":[{"href":"https:\/\/liberationinfo.com\/index.php\/wp-json\/wp\/v2\/media?parent=759"}],"wp:term":[{"taxonomy":"category","embeddable":true,"href":"https:\/\/liberationinfo.com\/index.php\/wp-json\/wp\/v2\/categories?post=759"},{"taxonomy":"post_tag","embeddable":true,"href":"https:\/\/liberationinfo.com\/index.php\/wp-json\/wp\/v2\/tags?post=759"}],"curies":[{"name":"wp","href":"https:\/\/api.w.org\/{rel}","templated":true}]}}