{"id":7524,"date":"2021-05-17T12:37:30","date_gmt":"2021-05-17T12:37:30","guid":{"rendered":"https:\/\/liberationinfo.com\/?p=7524"},"modified":"2021-05-17T15:58:30","modified_gmt":"2021-05-17T15:58:30","slug":"me-paul-yomba-denonce-les-sanctions-de-lue-cest-une-decision-unilaterale-et-arbitraire","status":"publish","type":"post","link":"https:\/\/liberationinfo.com\/index.php\/me-paul-yomba-denonce-les-sanctions-de-lue-cest-une-decision-unilaterale-et-arbitraire\/","title":{"rendered":"Me Paul Yomba, d\u00e9nonce les sanctions de l&rsquo;UE: \u2018\u2019c\u2019est une d\u00e9cision unilat\u00e9rale et arbitraire\u201d"},"content":{"rendered":"<div class=\"entry-header clearfix\">\n<header class=\"entry-header-title\">\n<h1 class=\"entry-title\"><\/h1>\n<\/header>\n<\/div>\n<div class=\"row single-main-content\">\n<div class=\"main-content content-right col-sx-12 col-sm-12 col-md-9 col-lg-9\">\n<div class=\"content-inner\">\n<div class=\"box box-article\">\n<article id=\"post-154354\" class=\"post-154354 post type-post status-publish format-standard has-post-thumbnail hentry category-la-une\">\n<div class=\"post-image single-image\"><\/div>\n<div class=\"entry-content clearfix\">\n<div class=\"entry-content-inner padding-left\">\n<div class=\"pf-content\">\n<p><strong>La d\u00e9cision de la commission de l\u2019Union europ\u00e9enne de sanctionner certains membres du conseil national de la d\u00e9mocratie et du d\u00e9veloppement CNDD\u00a0 ne fait pas que des heureux, du c\u00f4t\u00e9 des avocats des personnes incrimin\u00e9s,\u00a0 on d\u00e9nonce \u00a0\u00bbune immixtion\u2019\u2019, dans les affaires int\u00e9rieures d&rsquo;un \u00c9tat souverain et une \u00a0\u00bbsanction unilat\u00e9rale\u2019\u2019 de la part des Europ\u00e9ens. Pour Me Paul Yomba cette d\u00e9cision ne se repose sur aucune base l\u00e9gale parceque les cinq personnalit\u00e9s interdites de voyager sur le territoire Europ\u00e9en est ill\u00e9gal.\u00a0 S&rsquo;agit de Moussa\u00a0 Dadis\u00a0 Camara, Claude Pivi, Ch\u00e9rif Diaby, Moussa Ti\u00e9gboro Camara et Aboubacar Sidiki Diakit\u00e9 \u2018\u2019Toumba\u2019\u2019, tous impliqu\u00e9s dans le massacre du stade de\u00a0 28 septembre 2009.<\/strong><\/p>\n<p>&nbsp;<\/p>\n<div class=\"code-block code-block-2\"><\/div>\n<p><em>\u00ab\u00a0Ma r\u00e9action, c\u2019est vraiment la surprise, l\u2019\u00e9tonnement et l\u2019amertume face \u00e0 cette d\u00e9cision in\u00e9quitable, injuste et irrespectueuse des r\u00e8gles et proc\u00e9dures de l\u2019Etat de droit. C\u2019est une d\u00e9cision qui viole m\u00eame les principes \u00e9l\u00e9mentaires des droits fondamentaux des citoyens dont l\u2019Union europ\u00e9enne pr\u00e9tend en \u00eatre la gardienne. Rendre une telle d\u00e9cision \u00e0 l\u2019insu m\u00eame des personnes concern\u00e9es, rendre une telle d\u00e9cision sans attendre un jugement rendu par les juridictions nationales et rendre une telle d\u00e9cision pr\u00e9matur\u00e9e ne remonte m\u00eame pas du moyen \u00e2ge. Alors, la d\u00e9cision rendue par la commission des euros-d\u00e9put\u00e9s n\u2019est m\u00eame pas notifi\u00e9e jusqu\u2019\u00e0 ce jour aux personnes concern\u00e9es. Ce nous met dans l\u2019impossibilit\u00e9 totale de l\u2019attaquer parce qu\u2019elle sera attaqu\u00e9e devant la cour des Droits de l\u2019Homme. Ces donneurs de le\u00e7ons doivent encore aller apprendre les le\u00e7ons de droit, de d\u00e9mocratie et de l\u2019Etat de droit. Qu\u2019en serait-t-il par exemple si \u00e0 l\u2019issue d\u2019un proc\u00e8s ces personnes venaient \u00e0 \u00eatre acquitt\u00e9es\u00a0? Alors, \u00e7a seraient de graves pr\u00e9judices qui leur \u00e9t\u00e9 port\u00e9es (\u2026) Il s\u2019agit d\u2019une d\u00e9cision unilat\u00e9rale, arbitraire, elle viole les principes de pr\u00e9somption d\u2019innocence. L\u2019Union europ\u00e9enne n\u2019est pas \u00e0 ses d\u00e9buts dans ses immixtions dans les affaires int\u00e9rieures des Etats\u2026\u00a0\u00bb<\/em><\/p>\n<p><strong>Mohamed Camara\u00a0<\/strong><\/p>\n<\/div>\n<\/div>\n<\/div>\n<\/article>\n<\/div>\n<\/div>\n<\/div>\n<\/div>\n","protected":false},"excerpt":{"rendered":"<p>La d\u00e9cision de la commission de l\u2019Union europ\u00e9enne de sanctionner certains membres du conseil national de la d\u00e9mocratie et du d\u00e9veloppement CNDD\u00a0 ne fait pas que des heureux, du c\u00f4t\u00e9 des avocats des personnes incrimin\u00e9s,\u00a0 on d\u00e9nonce \u00a0\u00bbune immixtion\u2019\u2019, dans les affaires int\u00e9rieures d&rsquo;un \u00c9tat souverain et une \u00a0\u00bbsanction unilat\u00e9rale\u2019\u2019 de la part des Europ\u00e9ens. [&hellip;]<\/p>\n","protected":false},"author":2,"featured_media":7526,"comment_status":"open","ping_status":"open","sticky":false,"template":"","format":"standard","meta":{"_jetpack_memberships_contains_paid_content":false,"footnotes":""},"categories":[4,5],"tags":[],"class_list":["post-7524","post","type-post","status-publish","format-standard","has-post-thumbnail","hentry","category-actu","category-politique"],"jetpack_featured_media_url":"https:\/\/i0.wp.com\/liberationinfo.com\/wp-content\/uploads\/2021\/05\/Me-Paul-Yomba.jpeg?fit=836%2C437&ssl=1","jetpack-related-posts":[],"jetpack_sharing_enabled":true,"_links":{"self":[{"href":"https:\/\/liberationinfo.com\/index.php\/wp-json\/wp\/v2\/posts\/7524","targetHints":{"allow":["GET"]}}],"collection":[{"href":"https:\/\/liberationinfo.com\/index.php\/wp-json\/wp\/v2\/posts"}],"about":[{"href":"https:\/\/liberationinfo.com\/index.php\/wp-json\/wp\/v2\/types\/post"}],"author":[{"embeddable":true,"href":"https:\/\/liberationinfo.com\/index.php\/wp-json\/wp\/v2\/users\/2"}],"replies":[{"embeddable":true,"href":"https:\/\/liberationinfo.com\/index.php\/wp-json\/wp\/v2\/comments?post=7524"}],"version-history":[{"count":0,"href":"https:\/\/liberationinfo.com\/index.php\/wp-json\/wp\/v2\/posts\/7524\/revisions"}],"wp:featuredmedia":[{"embeddable":true,"href":"https:\/\/liberationinfo.com\/index.php\/wp-json\/wp\/v2\/media\/7526"}],"wp:attachment":[{"href":"https:\/\/liberationinfo.com\/index.php\/wp-json\/wp\/v2\/media?parent=7524"}],"wp:term":[{"taxonomy":"category","embeddable":true,"href":"https:\/\/liberationinfo.com\/index.php\/wp-json\/wp\/v2\/categories?post=7524"},{"taxonomy":"post_tag","embeddable":true,"href":"https:\/\/liberationinfo.com\/index.php\/wp-json\/wp\/v2\/tags?post=7524"}],"curies":[{"name":"wp","href":"https:\/\/api.w.org\/{rel}","templated":true}]}}