{"id":7383,"date":"2021-05-10T11:49:44","date_gmt":"2021-05-10T11:49:44","guid":{"rendered":"https:\/\/liberationinfo.com\/?p=7383"},"modified":"2021-05-10T12:11:57","modified_gmt":"2021-05-10T12:11:57","slug":"feguifoot-le-candidat-akb-aussi-pret-a-retirer-sa-candidature-a-une-condition-le-ministre-tibou-ma-appele","status":"publish","type":"post","link":"https:\/\/liberationinfo.com\/index.php\/feguifoot-le-candidat-akb-aussi-pret-a-retirer-sa-candidature-a-une-condition-le-ministre-tibou-ma-appele\/","title":{"rendered":"Congr\u00e8s de F\u00e9guifoot: AKB pourrait retirer sa candidature s&rsquo;il est re\u00e7u \u00e0 Sekhoureyah  par le pr\u00e9sident de la R\u00e9publique !"},"content":{"rendered":"<div class=\"jeg_navbar_mobile_wrapper\">\n<div class=\"jeg_navbar_mobile jeg_sticky_nav\">\n<div class=\"jeg_mobile_bottombar jeg_mobile_midbar jeg_container normal\">\n<div class=\"container\">\n<div class=\"jeg_nav_row\">\n<div class=\"jeg_nav_col jeg_nav_center jeg_nav_grow\">\n<div class=\"item_wrap jeg_nav_aligncenter\">\n<div class=\"jeg_nav_item jeg_mobile_logo\">\n<div class=\"site-title\"><\/div>\n<\/div>\n<\/div>\n<\/div>\n<\/div>\n<\/div>\n<\/div>\n<\/div>\n<\/div>\n<div class=\"post-wrapper\">\n<div class=\"post-wrap\">\n<div class=\"jeg_main \">\n<div class=\"jeg_container\">\n<div class=\"jeg_content jeg_singlepage\">\n<div class=\"container\">\n<div class=\"row\">\n<div class=\"jeg_main_content col-md-8\">\n<div class=\"jeg_inner_content\">\n<div class=\"entry-header\">\n<div class=\"jeg_meta_container\">\n<div class=\"jeg_post_meta jeg_post_meta_1\">\n<div class=\"meta_right\"><\/div>\n<\/div>\n<\/div>\n<\/div>\n<div class=\"jeg_featured featured_image\">\n<div><\/div>\n<div><\/div>\n<div><\/div>\n<div><\/div>\n<div><\/div>\n<div><\/div>\n<div><\/div>\n<div><\/div>\n<div><\/div>\n<div class=\"thumbnail-container animate-lazy\"><strong>Consid\u00e9r\u00e9 \u00e0 tort ou \u00e0 raison comme le pion de l&rsquo;ancien pr\u00e9sident de la f\u00e9d\u00e9ration guin\u00e9enne de foot ball, Mamadou Antonio Souar\u00e9 pour avoir une certaine main mise sur la Feguifoot apr\u00e8s son \u00e9viction pour faute de son \u00e9ligibilit\u00e9 par les\u00a0 textes qui r\u00e9gissent la F\u00e9d\u00e9.<\/strong><\/div>\n<div><\/div>\n<div><\/div>\n<div><strong>Apr\u00e8s la rencontre du chef de l&rsquo;\u00e9tat avec les principaux protagonistes autour d&rsquo;une candidature unique du richissime homme d&rsquo;affaires guin\u00e9enn, Kerfala person Camara KPC, Abdoul Karim Bangoura serait dispos\u00e9 de retirer sa candidature dans la course de la pr\u00e9sidence de la Feguifoot s&rsquo;il obtient un entretien t\u00eate-\u00e0-t\u00eate avec le pr\u00e9sident Alpha Cond\u00e9.<\/strong><\/div>\n<div><\/div>\n<\/div>\n<div class=\"jeg_ad jeg_article jnews_content_top_ads \">\n<div class=\"ads-wrapper \"><\/div>\n<\/div>\n<div class=\"entry-content no-share\">\n<div><\/div>\n<div class=\"jeg_share_button share-float jeg_sticky_share clearfix share-monocrhome\"><strong>Invit\u00e9 de la radio Djoma M\u00e9dias dans l&rsquo;\u00e9mission \u00a0\u00bb wonkhaya f\u00e9n\u00a0\u00bb, de ce Lundi 10 Mai 2021, l&rsquo;ancien soci\u00e9taire du syli national a \u00e9t\u00e9 contact\u00e9 par le conseil personnel du chef de l&rsquo;\u00e9tat, Tibou Camara, pour le retrait de sa candidature \u00e0 l&rsquo;\u00e9lection du 18 Mai prochain.<\/strong><\/div>\n<div class=\"content-inner \">\n<p>&nbsp;<\/p>\n<p><strong><em>\u00ab<\/em><\/strong><em>C\u2019est le ministre Tibou Kamara m\u2019a appel\u00e9, il m\u2019a transmis le message du chef de l\u2019Etat. Je lui ai dit malgr\u00e9 tout le respect que je vous dois, j\u2019ai vous ai entendu mais je vais vous dire une chose: sachez que moi je ne suis pas d\u2019accord\u00bb<\/em><strong><em>,<\/em><em> a-t-il expliqu\u00e9 Abdoul Karim Bangoura\u00a0<\/em><\/strong><\/p>\n<p><strong>Avant de solliciter \u00e0 son tour une t\u00eate-\u00e0-t\u00eate avec le patron de Sekhoureyah:<\/strong><\/p>\n<div>\n<div class=\"ctaButton\"><strong>Et de poursuivre :\u00a0<em>\u00ab<\/em><\/strong><em>Je lui ai demand\u00e9 de peser de tout son poids pour que moi aussi je puisse m\u2019entretenir avec le pr\u00e9sident, comme les autres. Apr\u00e8s ma rencontre avec le pr\u00e9sident, quand je l\u2019aurais donn\u00e9 mes explications, je prendrai tout ce qu\u2019il me dira de bouche \u00e0 oreille. Je lui ai dit qu\u2019\u00e0 cette condition, oui ! Mais sans cela, je ne suis pas d\u2019accord avec ce que vous avez arr\u00eat\u00e9\u00bb<\/em><strong><em>, <\/em><em>a-t-il affirm\u00e9\u00a0<\/em><\/strong><\/div>\n<\/div>\n<div class=\"jeg_ad jeg_ad_article jnews_content_inline_2_ads \">\n<div class=\"ads-wrapper align-center \">\n<div class=\"ads_code\"><\/div>\n<\/div>\n<\/div>\n<div>\n<div class=\"centered-text-area\">\n<div class=\"centered-text\">\n<div><\/div>\n<div><strong>Pour terminer, le conseiller personnel du chef de l&rsquo;\u00e9tat Tibou Camara a demand\u00e9 \u00a0AKB\u00a0 s\u2019il s\u2019est vu avec Antonio, s\u2019ils ont parl\u00e9 apr\u00e8s la rencontre au palais au cours de laquelle le fameux consensus aurait \u00e9t\u00e9 trouv\u00e9. L\u2019ancien international dit ne pas dig\u00e9rer cela. <em>\u00ab<\/em><\/strong><em>Cela commence \u00e0 m\u2019\u00e9nerver. Je lui ai dit ceci: que le pr\u00e9sident Antonio et moi parlions ou pas, moi Abdoul Karim Bangoura, je ne souscrit pas \u00e0 ce que vous avez d\u00e9cid\u00e9 entre vous l\u00e0-bas\u00bb<strong>, a-t-il fustig\u00e9, l&rsquo;ancien international guin\u00e9en Abdoul Karim Bangoura.<\/strong><\/em><\/div>\n<\/div>\n<\/div>\n<\/div>\n<div><\/div>\n<div><\/div>\n<div><strong>Mohamed Camara<\/strong><\/div>\n<div><\/div>\n<div><strong>621 50 18 47<\/strong><\/div>\n<div><\/div>\n<\/div>\n<\/div>\n<\/div>\n<\/div>\n<\/div>\n<\/div>\n<\/div>\n<\/div>\n<\/div>\n<\/div>\n<\/div>\n","protected":false},"excerpt":{"rendered":"<p>Consid\u00e9r\u00e9 \u00e0 tort ou \u00e0 raison comme le pion de l&rsquo;ancien pr\u00e9sident de la f\u00e9d\u00e9ration guin\u00e9enne de foot ball, Mamadou Antonio Souar\u00e9 pour avoir une certaine main mise sur la Feguifoot apr\u00e8s son \u00e9viction pour faute de son \u00e9ligibilit\u00e9 par les\u00a0 textes qui r\u00e9gissent la F\u00e9d\u00e9. Apr\u00e8s la rencontre du chef de l&rsquo;\u00e9tat avec les [&hellip;]<\/p>\n","protected":false},"author":2,"featured_media":7388,"comment_status":"open","ping_status":"open","sticky":false,"template":"","format":"standard","meta":{"_jetpack_memberships_contains_paid_content":false,"footnotes":""},"categories":[4,7],"tags":[],"class_list":["post-7383","post","type-post","status-publish","format-standard","has-post-thumbnail","hentry","category-actu","category-sport"],"jetpack_featured_media_url":"https:\/\/i0.wp.com\/liberationinfo.com\/wp-content\/uploads\/2021\/05\/FB_IMG_16206482593026548.jpg?fit=480%2C233&ssl=1","jetpack-related-posts":[],"jetpack_sharing_enabled":true,"_links":{"self":[{"href":"https:\/\/liberationinfo.com\/index.php\/wp-json\/wp\/v2\/posts\/7383","targetHints":{"allow":["GET"]}}],"collection":[{"href":"https:\/\/liberationinfo.com\/index.php\/wp-json\/wp\/v2\/posts"}],"about":[{"href":"https:\/\/liberationinfo.com\/index.php\/wp-json\/wp\/v2\/types\/post"}],"author":[{"embeddable":true,"href":"https:\/\/liberationinfo.com\/index.php\/wp-json\/wp\/v2\/users\/2"}],"replies":[{"embeddable":true,"href":"https:\/\/liberationinfo.com\/index.php\/wp-json\/wp\/v2\/comments?post=7383"}],"version-history":[{"count":0,"href":"https:\/\/liberationinfo.com\/index.php\/wp-json\/wp\/v2\/posts\/7383\/revisions"}],"wp:featuredmedia":[{"embeddable":true,"href":"https:\/\/liberationinfo.com\/index.php\/wp-json\/wp\/v2\/media\/7388"}],"wp:attachment":[{"href":"https:\/\/liberationinfo.com\/index.php\/wp-json\/wp\/v2\/media?parent=7383"}],"wp:term":[{"taxonomy":"category","embeddable":true,"href":"https:\/\/liberationinfo.com\/index.php\/wp-json\/wp\/v2\/categories?post=7383"},{"taxonomy":"post_tag","embeddable":true,"href":"https:\/\/liberationinfo.com\/index.php\/wp-json\/wp\/v2\/tags?post=7383"}],"curies":[{"name":"wp","href":"https:\/\/api.w.org\/{rel}","templated":true}]}}