{"id":7184,"date":"2021-05-01T20:18:44","date_gmt":"2021-05-01T20:18:44","guid":{"rendered":"https:\/\/liberationinfo.com\/?p=7184"},"modified":"2021-05-01T20:22:03","modified_gmt":"2021-05-01T20:22:03","slug":"renvoi-de-la-convention-de-relance-de-lex-salguidia-les-surprises-du-ministre-detat-tibou-kamara","status":"publish","type":"post","link":"https:\/\/liberationinfo.com\/index.php\/renvoi-de-la-convention-de-relance-de-lex-salguidia-les-surprises-du-ministre-detat-tibou-kamara\/","title":{"rendered":"Renvoi de la convention de relance de l\u2019ex-Salguidia : les surprises du Ministre d\u2019\u00c9tat Tibou Kamara"},"content":{"rendered":"<div class=\"entry-header\">\n<h1 class=\"jeg_post_title\"><\/h1>\n<div class=\"jeg_meta_container\">\n<div class=\"jeg_post_meta jeg_post_meta_1\">\n<div class=\"meta_right\"><\/div>\n<\/div>\n<\/div>\n<\/div>\n<div class=\"jeg_featured featured_image\">\n<div class=\"thumbnail-container animate-lazy\"><\/div>\n<\/div>\n<div class=\"jeg_share_top_container\">\n<div class=\"jeg_share_button clearfix\">\n<div class=\"jeg_share_stats\"><\/div>\n<div class=\"jeg_sharelist\"><\/div>\n<\/div>\n<\/div>\n<div class=\"jeg_ad jeg_article jnews_content_top_ads \">\n<div class=\"ads-wrapper \"><\/div>\n<\/div>\n<div class=\"entry-content no-share\">\n<div class=\"jeg_share_button share-float jeg_sticky_share clearfix share-monocrhome\">\n<div class=\"jeg_share_float_container\"><\/div>\n<\/div>\n<div class=\"content-inner \">\n<p>Alors que l\u2019adoption de la convention de relance de l\u2019usine de l\u2019ex-Salguidia \u00e9tait attendue \u00e0 la pl\u00e9ni\u00e8re d\u2019hier vendredi 30 avril 2021, \u00e0 la surprise g\u00e9n\u00e9rale, le pr\u00e9sident de l\u2019Assembl\u00e9e nationale a rejet\u00e9 ladite convention avec pour motif qu\u2019elle comporterait certains manquements qui n\u00e9cessitent une seconde lecture.<\/p>\n<p>&nbsp;<\/p>\n<p>Interrog\u00e9 ce samedi par votre quotidien \u00e9lectronique en ligne lerevelateur224.com, le Ministre d\u2019\u00c9tat, Ministre de l\u2019Industrie et des PME Tibou Kamara se dit surpris et s\u2019interroge sur les motivations r\u00e9elles qui ont conduit \u00e0 ce renvoi.<\/p>\n<p>&nbsp;<\/p>\n<p><em>\u2018\u2019 la premi\u00e8re surprise pour moi, c\u2019est le motif du renvoi pour une seconde lecture qui a \u00e9t\u00e9 soulev\u00e9. Je suis autant surpris que je m\u2019interroge sur les motivations r\u00e9elles de ce renvoi alors que la convention mise en cause a suivi toutes les \u00e9tapes : \u00e9tude en commission, inter commission, explication de vote. A toutes ces \u00e9tapes, chacun a pu examiner la convention, en saisir les contours, la port\u00e9e et les enjeux<\/em>.<\/p>\n<p>&nbsp;<\/p>\n<p><em>Deuxi\u00e8me surprise, la commission saisie sur le fond, coup de th\u00e9\u00e2tre, c\u2019est une autre commission, en l\u2019occurrence, Environnement qui n\u2019a rien \u00e0 voir avec la convention qui n\u2019est pas de son domaine de comp\u00e9tences. Un m\u00e9lange de genres qui peut aussi expliquer le quiproquo malheureux.<\/em><\/p>\n<p>&nbsp;<\/p>\n<p><em>Troisi\u00e8me surprise, dans son rapport, la commission a express\u00e9ment soulign\u00e9 que la convention peut passer en pl\u00e9ni\u00e8re, apr\u00e8s avoir planch\u00e9 sur toutes les questions et avoir re\u00e7u des r\u00e9ponses qui la satisfont.<\/em><\/p>\n<p>&nbsp;<\/p>\n<p><em>Quatri\u00e8me surprise, si toutefois, la convention m\u00e9ritait d\u2019\u00eatre mieux expliqu\u00e9e et explicit\u00e9e , il aurait fallu le faire savoir pendant les d\u00e9bats et les travaux en commission , inter-commission, ou au cours des s\u00e9ances d\u2019explication de vote. Voil\u00e0 le v\u00e9ritable manquement et impair politique dont le Minist\u00e8re de l\u2019industrie ne peut, en aucun cas, \u00eatre tenu pour responsable. Nous sommes victimes dans cette affaire.<\/em><\/p>\n<p>&nbsp;<\/p>\n<p><em>Cinqui\u00e8me surprise, avant d\u2019\u00eatre d\u00e9pos\u00e9e \u00e0 l\u2019Assembl\u00e9e nationale, la convention \u00e9labor\u00e9e est pass\u00e9e par tous les services comp\u00e9tents de l\u2019\u00c9tat, de l\u2019administration, de la Pr\u00e9sidence au Minist\u00e8re de l\u2019\u00e9conomie et des finances. Le processus a \u00e9t\u00e9 totalement transparent et rigoureux, respectueux des r\u00e8gles et proc\u00e9dures , en tenant compte de la s\u00e9curit\u00e9 de l\u2019investissement et de l\u2019investisseur et des int\u00e9r\u00eats vitaux du pays.<\/em><\/p>\n<p>&nbsp;<\/p>\n<p><em>C\u2019est au tour de l\u2019Assembl\u00e9e Nationale de se prononcer souverainement. Nous restons ouverts \u00e0 toutes les questions et nous n\u2019avons pas de doute \u00e0 propos de la bonne foi des d\u00e9put\u00e9s et de leur Pr\u00e9sident dans leurs r\u00f4les de force critique du Gouvernement et de pouvoir de contr\u00f4le de notre action . Nous ne croirons jamais \u00e0 une posture de blocage ou \u00e0 un pouvoir concurrent ou adverse de l\u2019Ex\u00e9cutif.<\/em><\/p>\n<p>&nbsp;<\/p>\n<p><em>Sixi\u00e8me surprise, dans le capital social, il faut consid\u00e9rer les comptes courants associ\u00e9s pour mieux comprendre et \u00eatre \u00e9difi\u00e9s aussi. On parle de faible participation de l\u2019\u00c9tat dans le capital qui est de 20%, sans doute un manque d\u2019informations. A titre de comparaison, les compagnies mini\u00e8res dont les investissements sont les plus importants, l\u2019\u00c9tat a 10% dans certaines, et 15 % pour d\u2019autres.<\/em><\/p>\n<p>&nbsp;<\/p>\n<p><em>En tout \u00e9tat de cause, comme pour ces questions, les autres aussi ont leurs r\u00e9ponses aussi qui sont d\u00e9j\u00e0 donn\u00e9es mais nous pourrons toujours nous r\u00e9p\u00e9ter autant de fois que ce sera n\u00e9cessaire \u00e0 la compr\u00e9hension de chacun et de tous\u2019\u2019.<\/em><\/p>\n<p>&nbsp;<\/p>\n<p>Plus loin, face \u00e0 l\u2019incompr\u00e9hensive attitude adopt\u00e9e par le parlement, le Ministre d\u2019\u00c9tat rappelle la nature de la relation qui devrait caract\u00e9riser un gouvernement et sa majorit\u00e9 au parlement.<\/p>\n<p>&nbsp;<\/p>\n<p><em>\u2018\u2019 Nous voulons avec l\u2019Assembl\u00e9e Nationale, o\u00f9 nous avons une majorit\u00e9 \u00e9crasante des relations politiques et de travail de confiance, de courtoisie d\u00e9mocratique et d\u2019\u00e9l\u00e9gance r\u00e9publicaine. C\u2019est ce que veut l\u2019\u00e9thique d\u00e9mocratique, c\u2019est ce que commande l\u2019int\u00e9r\u00eat national\u2019\u2019<\/em>.<\/p>\n<p>&nbsp;<\/p>\n<p>Enfin, le Ministre d\u2019\u00c9tat Tibou Kamara se dit pr\u00eat \u00e0 se pr\u00eater \u00e0 tout exercice souhait\u00e9 pour lever tout doute si cela est le probl\u00e8me r\u00e9el pour satisfaire toute curiosit\u00e9 fond\u00e9e ou non.<\/p>\n<p>&nbsp;<\/p>\n<p><strong>Entretien r\u00e9alis\u00e9 par lerevelateur224.com<\/strong><\/p>\n<div id=\"taboola-below-article\" class=\" trc_related_container trc_spotlight_widget tbl-feed-container tbl-feed-partial-width tbl-feed-frame-DIVIDER render-late-effect\">\n<div class=\" tbl-feed-header tbl-logo-right-position\">\n<div class=\"tbl-feed-header-logo\"><\/div>\n<\/div>\n<div id=\"taboola-below-article-pl1\" class=\" trc_related_container trc_spotlight_widget trc_elastic trc_elastic_thumbs-feed-01 tbl-feed-card tbl-feed-card \">\n<div class=\"trc_rbox_container\">\n<div>\n<div id=\"trc_wrapper_86945\" class=\"trc_rbox thumbs-feed-01 trc-content-sponsored \">\n<div id=\"outer_86945\" class=\"trc_rbox_outer\">\n<div id=\"rbox-t2v\" class=\"trc_rbox_div trc_rbox_border_elm\">\n<div id=\"internal_trc_86945\">\n<div class=\"videoCube trc_spotlight_item origin-undefined thumbnail_top syndicatedItem textItem videoCube_1_child trc-first-recommendation trc-spotlight-first-recommendation \">\n<div class=\"thumbBlock_holder\"><\/div>\n<\/div>\n<\/div>\n<\/div>\n<\/div>\n<\/div>\n<\/div>\n<\/div>\n<\/div>\n<\/div>\n<\/div>\n<\/div>\n","protected":false},"excerpt":{"rendered":"<p>Alors que l\u2019adoption de la convention de relance de l\u2019usine de l\u2019ex-Salguidia \u00e9tait attendue \u00e0 la pl\u00e9ni\u00e8re d\u2019hier vendredi 30 avril 2021, \u00e0 la surprise g\u00e9n\u00e9rale, le pr\u00e9sident de l\u2019Assembl\u00e9e nationale a rejet\u00e9 ladite convention avec pour motif qu\u2019elle comporterait certains manquements qui n\u00e9cessitent une seconde lecture. &nbsp; Interrog\u00e9 ce samedi par votre quotidien \u00e9lectronique [&hellip;]<\/p>\n","protected":false},"author":2,"featured_media":7186,"comment_status":"open","ping_status":"open","sticky":false,"template":"","format":"standard","meta":{"_jetpack_memberships_contains_paid_content":false,"footnotes":""},"categories":[4,5],"tags":[],"class_list":["post-7184","post","type-post","status-publish","format-standard","has-post-thumbnail","hentry","category-actu","category-politique"],"jetpack_featured_media_url":"https:\/\/i0.wp.com\/liberationinfo.com\/wp-content\/uploads\/2021\/05\/tibou-kamara_jpeg.jpeg?fit=750%2C430&ssl=1","jetpack-related-posts":[],"jetpack_sharing_enabled":true,"_links":{"self":[{"href":"https:\/\/liberationinfo.com\/index.php\/wp-json\/wp\/v2\/posts\/7184","targetHints":{"allow":["GET"]}}],"collection":[{"href":"https:\/\/liberationinfo.com\/index.php\/wp-json\/wp\/v2\/posts"}],"about":[{"href":"https:\/\/liberationinfo.com\/index.php\/wp-json\/wp\/v2\/types\/post"}],"author":[{"embeddable":true,"href":"https:\/\/liberationinfo.com\/index.php\/wp-json\/wp\/v2\/users\/2"}],"replies":[{"embeddable":true,"href":"https:\/\/liberationinfo.com\/index.php\/wp-json\/wp\/v2\/comments?post=7184"}],"version-history":[{"count":0,"href":"https:\/\/liberationinfo.com\/index.php\/wp-json\/wp\/v2\/posts\/7184\/revisions"}],"wp:featuredmedia":[{"embeddable":true,"href":"https:\/\/liberationinfo.com\/index.php\/wp-json\/wp\/v2\/media\/7186"}],"wp:attachment":[{"href":"https:\/\/liberationinfo.com\/index.php\/wp-json\/wp\/v2\/media?parent=7184"}],"wp:term":[{"taxonomy":"category","embeddable":true,"href":"https:\/\/liberationinfo.com\/index.php\/wp-json\/wp\/v2\/categories?post=7184"},{"taxonomy":"post_tag","embeddable":true,"href":"https:\/\/liberationinfo.com\/index.php\/wp-json\/wp\/v2\/tags?post=7184"}],"curies":[{"name":"wp","href":"https:\/\/api.w.org\/{rel}","templated":true}]}}