{"id":7177,"date":"2021-05-01T16:04:53","date_gmt":"2021-05-01T16:04:53","guid":{"rendered":"https:\/\/liberationinfo.com\/?p=7177"},"modified":"2021-05-01T16:05:47","modified_gmt":"2021-05-01T16:05:47","slug":"fete-des-travailleurs-ou-des-chomeurs-et-si-on-se-sur-lessentiel-par-safayiou-diallo","status":"publish","type":"post","link":"https:\/\/liberationinfo.com\/index.php\/fete-des-travailleurs-ou-des-chomeurs-et-si-on-se-sur-lessentiel-par-safayiou-diallo\/","title":{"rendered":"F\u00eate des travailleurs ou des ch\u00f4meurs : Et si on se\u00a0 sur l\u2019essentiel? (Par Safayiou Diallo)"},"content":{"rendered":"<div class=\"row single-main-content\">\n<div class=\"main-content content-right col-sx-12 col-sm-12 col-md-9 col-lg-9\">\n<div class=\"content-inner\">\n<div class=\"box box-article\">\n<article id=\"post-152763\" class=\"post-152763 post type-post status-publish format-standard has-post-thumbnail hentry category-la-une\">\n<div class=\"post-image single-image\"><\/div>\n<div class=\"entry-content clearfix\">\n<div class=\"entry-content-inner padding-left\">\n<div class=\"pf-content\">\n<p>Nous c\u00e9l\u00e9brons cette journ\u00e9e internationale des travailleurs dans un contexte de crise sanitaire marqu\u00e9 par l\u2019apparition de la Covid-19. M\u00eame si pour le moment il est t\u00f4t d\u2019\u00e9valuer les effets n\u00e9gatifs du Coronavirus sur l\u2019activit\u00e9 \u00e9conomique, notre \u00e9conomie subit de plein fouet l\u2019impact de ce dernier car, \u00e0 date des secteurs comme le tourisme, l\u2019h\u00f4tellerie, le transport, la culture, le commerce, entre autres, sont durement affect\u00e9s.<\/p>\n<p>Au lieu de c\u00e9l\u00e9brer uniquement le travail, nous aurions pu mettre cette journ\u00e9e \u00e0 profit pour \u00e9voquer des sujets d\u2019envergure nationale notamment le ch\u00f4mage des jeunes. Il serait, en effet, plus judicieux d\u2019organiser des salons de l\u2019emploi dans les Universit\u00e9s afin de recevoir les personnes d\u00e9sireuses de faire un premier pas vers le march\u00e9 du travail et\/ou ceux qui ont perdu d\u00e9j\u00e0 leur emploi au cours de l\u2019ann\u00e9e ind\u00e9pendamment de leur volont\u00e9 en raison notamment de la contraction de l\u2019activit\u00e9 \u00e9conomique due \u00e0 la Civid-19. Une telle initiative devrait permettre de recr\u00e9er un lien \u00e9troit entre employeurs et ch\u00f4meurs et mettre fin \u00e0 cette sensation du c\u00f4t\u00e9 des chercheurs d\u2019emploi d\u2019\u00eatre de plus en plus exclus du monde du travail par le nombre de filtres qui les s\u00e9parent de l\u2019entreprise.<\/p>\n<div class=\"code-block code-block-2\"><\/div>\n<p>En accueillant ceux qui attendent d\u00e9sesp\u00e9r\u00e9ment qu\u2019on leur ouvre la porte et susciter des rencontres qui pourront aboutir certainement \u00e0 des offres de stages ou des contrats de travail, ce moment privil\u00e9gi\u00e9 serait aussi une occasion pour les employeurs \u00e0 la qu\u00eate des nouveaux talents de faire la promotion de leur entreprise ainsi que les produits qu\u2019ils proposent \u00e0 leur client\u00e8le vari\u00e9e.<\/p>\n<p>De l\u2019autre c\u00f4t\u00e9, cette journ\u00e9e devrait ainsi permettre d\u2019ouvrir un vaste chantier sur la probl\u00e9matique de l\u2019emploi en Guin\u00e9e en montrant ce que l\u2019Etat peut faire pour maintenir ne serait-ce que les emplois cr\u00e9\u00e9s dans cette situation difficile.\u00a0 De plus, les syndicalistes devraient saisir cette occasion pour trouver les voies et moyens d\u2019engager des r\u00e9formes novatrices dans les relations professionnelles avec les employeurs \u00e0 travers un nouveau contrat social fond\u00e9 sur un partenariat responsable visant le renforcement du pouvoir d\u2019achat des travailleurs durant cette p\u00e9riode de crise sanitaire marqu\u00e9e par la d\u00e9pr\u00e9ciation sans pr\u00e9c\u00e9dent de la monnaie locale mais aussi l\u2019inflation.<\/p>\n<p>A notre humble avis, cette crise sanitaire suscite beaucoup des d\u00e9bats sur ce march\u00e9 de travail car, elle a d\u00e9montr\u00e9 que les entreprises peuvent \u00eatre performantes avec peu de travailleurs dans les bureaux (dans la plupart des entreprises, c\u2019est seulement 50% des employ\u00e9s qui ont contribu\u00e9 \u00e0 l\u2019augmentation plus que pr\u00e9vu des profits. Le reste des employ\u00e9s \u00e9taient en cong\u00e9s de confinement). Cette nouvelle tendance, d\u00e9montre \u00e0 suffisance que dans les prochaines ann\u00e9es, l\u2019\u00e9mergence du t\u00e9l\u00e9travail mais aussi la diminution des effectifs qui s\u2019en suivront, constitueront des menaces substantielles \u00e0 la cr\u00e9ation des nouveaux emplois. C\u2019est pourquoi, l\u2019entrepreneuriat semble \u00eatre une solution p\u00e9renne \u00e0 ce probl\u00e8me.<\/p>\n<p>De plus, la Covid-19, nous montre la voie \u00e0 suivre et nous rappelle qu\u2019il est important d\u2019investir dor\u00e9navant dans le secteur de la sant\u00e9 qui permettra \u00e0 moyen terme de renflouer la tr\u00e9sorerie essentielle au d\u00e9veloppement \u00e9conomique et \u00e9viter ainsi aux guin\u00e9ens de se rendre \u00e0 tout moment dans les pays voisins et lointains pour des soins sanitaires. Cet investissement permettra \u00e9galement aux jeunes dont 50% ont moins de 30 ans (cf. enqu\u00eate d\u00e9mographique r\u00e9alis\u00e9e en 2016 par le Minist\u00e8re du Plan) de trouver une opportunit\u00e9 d\u2019emploi car, le ch\u00f4mage est un ph\u00e9nom\u00e8ne structurel qui frappe davantage les personnes \u00e2g\u00e9es de 20 \u00e0 29 ans et surtout ceux dipl\u00f4m\u00e9s.<\/p>\n<p>En somme, dans un pays en d\u00e9veloppement comme la Guin\u00e9e, les perspectives et le mod\u00e8le de d\u00e9veloppement \u00e9conomique, social et politique des d\u00e9cennies prochaines d\u00e9pendront notamment de notre aptitude \u00e0 cr\u00e9er un nombre suffisant d\u2019emplois d\u00e9cents, susceptible de r\u00e9duire le ch\u00f4mage et la pauvret\u00e9. De nos jours, s\u2019attaquer \u00e0 la probl\u00e9matique du ch\u00f4mage semble \u00eatre indispensable en R\u00e9publique de Guin\u00e9e car, les jeunes sont les plus concern\u00e9s par ce ph\u00e9nom\u00e8ne. Ils sont soit sans emploi, soit cantonn\u00e9s dans des emplois tr\u00e8s peu r\u00e9mun\u00e9r\u00e9s, voire pas du tout r\u00e9mun\u00e9r\u00e9s, appartenant souvent au secteur de l\u2019\u00e9conomie informelle o\u00f9 les heures et les conditions de travail sont inacceptables\u2026<\/p>\n<p><strong>Safayiou DIALLO<\/strong><\/p>\n<p>Analyste Economique<\/p>\n<\/div>\n<\/div>\n<\/div>\n<\/article>\n<\/div>\n<\/div>\n<\/div>\n<\/div>\n","protected":false},"excerpt":{"rendered":"<p>Nous c\u00e9l\u00e9brons cette journ\u00e9e internationale des travailleurs dans un contexte de crise sanitaire marqu\u00e9 par l\u2019apparition de la Covid-19. M\u00eame si pour le moment il est t\u00f4t d\u2019\u00e9valuer les effets n\u00e9gatifs du Coronavirus sur l\u2019activit\u00e9 \u00e9conomique, notre \u00e9conomie subit de plein fouet l\u2019impact de ce dernier car, \u00e0 date des secteurs comme le tourisme, l\u2019h\u00f4tellerie, [&hellip;]<\/p>\n","protected":false},"author":2,"featured_media":7178,"comment_status":"open","ping_status":"open","sticky":false,"template":"","format":"standard","meta":{"_jetpack_memberships_contains_paid_content":false,"footnotes":""},"categories":[4,5],"tags":[],"class_list":["post-7177","post","type-post","status-publish","format-standard","has-post-thumbnail","hentry","category-actu","category-politique"],"jetpack_featured_media_url":"https:\/\/i0.wp.com\/liberationinfo.com\/wp-content\/uploads\/2021\/05\/safayiou-870x522-1.jpg?fit=870%2C522&ssl=1","jetpack-related-posts":[],"jetpack_sharing_enabled":true,"_links":{"self":[{"href":"https:\/\/liberationinfo.com\/index.php\/wp-json\/wp\/v2\/posts\/7177","targetHints":{"allow":["GET"]}}],"collection":[{"href":"https:\/\/liberationinfo.com\/index.php\/wp-json\/wp\/v2\/posts"}],"about":[{"href":"https:\/\/liberationinfo.com\/index.php\/wp-json\/wp\/v2\/types\/post"}],"author":[{"embeddable":true,"href":"https:\/\/liberationinfo.com\/index.php\/wp-json\/wp\/v2\/users\/2"}],"replies":[{"embeddable":true,"href":"https:\/\/liberationinfo.com\/index.php\/wp-json\/wp\/v2\/comments?post=7177"}],"version-history":[{"count":0,"href":"https:\/\/liberationinfo.com\/index.php\/wp-json\/wp\/v2\/posts\/7177\/revisions"}],"wp:featuredmedia":[{"embeddable":true,"href":"https:\/\/liberationinfo.com\/index.php\/wp-json\/wp\/v2\/media\/7178"}],"wp:attachment":[{"href":"https:\/\/liberationinfo.com\/index.php\/wp-json\/wp\/v2\/media?parent=7177"}],"wp:term":[{"taxonomy":"category","embeddable":true,"href":"https:\/\/liberationinfo.com\/index.php\/wp-json\/wp\/v2\/categories?post=7177"},{"taxonomy":"post_tag","embeddable":true,"href":"https:\/\/liberationinfo.com\/index.php\/wp-json\/wp\/v2\/tags?post=7177"}],"curies":[{"name":"wp","href":"https:\/\/api.w.org\/{rel}","templated":true}]}}