{"id":7159,"date":"2021-04-30T17:55:22","date_gmt":"2021-04-30T17:55:22","guid":{"rendered":"https:\/\/liberationinfo.com\/?p=7159"},"modified":"2021-04-30T18:01:34","modified_gmt":"2021-04-30T18:01:34","slug":"la-date-de-lassemblee-elective-decalee-de-quelques-jours-la-commission-electorale-rouvre-lappel-a-candidatures-pour-le-poste-de-president-de-la-feguifoot","status":"publish","type":"post","link":"https:\/\/liberationinfo.com\/index.php\/la-date-de-lassemblee-elective-decalee-de-quelques-jours-la-commission-electorale-rouvre-lappel-a-candidatures-pour-le-poste-de-president-de-la-feguifoot\/","title":{"rendered":"La date de l\u2019Assembl\u00e9e \u00e9lective d\u00e9cal\u00e9e de quelques jours, la Commission \u00e9lectorale rouvre l\u2019appel \u00e0 candidatures pour le poste de Pr\u00e9sident de la FEGUIFOOT"},"content":{"rendered":"<section class=\"elementor-section elementor-inner-section elementor-element elementor-element-88055dd elementor-section-boxed elementor-section-height-default elementor-section-height-default\" data-id=\"88055dd\" data-element_type=\"section\" data-settings=\"{&quot;background_background&quot;:&quot;classic&quot;}\">\n<div class=\"elementor-container elementor-column-gap-default\">\n<div class=\"elementor-row\">\n<div class=\"elementor-column elementor-col-50 elementor-inner-column elementor-element elementor-element-5ce9fa1\" data-id=\"5ce9fa1\">\n<div class=\"elementor-column-wrap elementor-element-populated\">\n<div class=\"elementor-widget-wrap\">\n<div class=\"elementor-element elementor-element-faad123 elementor-widget elementor-widget-post-info\" data-id=\"faad123\">\n<div class=\"elementor-widget-container\">\n<p>&nbsp;<\/p>\n<\/div>\n<\/div>\n<\/div>\n<\/div>\n<\/div>\n<\/div>\n<\/div>\n<\/section>\n<div class=\"elementor-element elementor-element-cfaca1c elementor-widget elementor-widget-theme-post-featured-image elementor-widget-image\" data-id=\"cfaca1c\">\n<div class=\"elementor-widget-container\">\n<div class=\"elementor-image\"><\/div>\n<\/div>\n<\/div>\n<div class=\"elementor-element elementor-element-571fb1f1 elementor-widget elementor-widget-theme-post-content\" data-id=\"571fb1f1\">\n<div class=\"elementor-widget-container\">\n<p>L\u2019Assembl\u00e9e g\u00e9n\u00e9rale \u00e9lective de la F\u00e9d\u00e9ration Guin\u00e9enne de Football a \u00e9t\u00e9 d\u00e9cal\u00e9e de quelques jours par le Comit\u00e9 ex\u00e9cutif de la FEGUIFOOT (18 Mai 2021 au lieu du 14). La Commission \u00e9lectorale a d\u00e9cid\u00e9 de rouvrir l\u2019appel \u00e0 candidatures pour le poste de Pr\u00e9sident, pour la p\u00e9riode allant du 3 au 5 mai 2021, apr\u00e8s le retrait de la candidature d\u2019Antonio Souar\u00e9 et l\u2019invalidation de celle d\u2019Aboubacar Tour\u00e9 \u2018\u2019Bouba Tri\u2019\u2019, qui \u00e9taient les deux candidats d\u00e9clar\u00e9s au poste de Pr\u00e9sident de la FEGUIFOOT.<\/p>\n<p>Voici le communiqu\u00e9 publi\u00e9 ce vendredi 30 avril par la Commission \u00e9lectorale de la F\u00e9d\u00e9ration Guin\u00e9enne de Football.<\/p>\n<figure class=\"wp-block-image size-large\"><img data-recalc-dims=\"1\" height=\"984\" width=\"696\" decoding=\"async\" class=\"wp-image-10293\" src=\"https:\/\/i0.wp.com\/www.feguifoot.com\/wp-content\/uploads\/2021\/04\/Communique-N%C2%B0003-C.EL-FGF-2021-1-724x1024.jpg?resize=696%2C984&#038;ssl=1\" srcset=\"https:\/\/www.feguifoot.com\/wp-content\/uploads\/2021\/04\/Communique-N\u00b0003-C.EL-FGF-2021-1-724x1024.jpg 724w, https:\/\/www.feguifoot.com\/wp-content\/uploads\/2021\/04\/Communique-N\u00b0003-C.EL-FGF-2021-1-212x300.jpg 212w, https:\/\/www.feguifoot.com\/wp-content\/uploads\/2021\/04\/Communique-N\u00b0003-C.EL-FGF-2021-1-768x1086.jpg 768w, https:\/\/www.feguifoot.com\/wp-content\/uploads\/2021\/04\/Communique-N\u00b0003-C.EL-FGF-2021-1-1087x1536.jpg 1087w, https:\/\/www.feguifoot.com\/wp-content\/uploads\/2021\/04\/Communique-N\u00b0003-C.EL-FGF-2021-1-1449x2048.jpg 1449w, https:\/\/www.feguifoot.com\/wp-content\/uploads\/2021\/04\/Communique-N\u00b0003-C.EL-FGF-2021-1.jpg 1654w\" alt=\"\" \/><\/figure>\n<\/div>\n<\/div>\n<div class=\"elementor-element elementor-element-86ebd7b elementor-share-buttons--skin-flat elementor-share-buttons--view-icon-text elementor-share-buttons--shape-square elementor-grid-0 elementor-share-buttons--color-official elementor-widget elementor-widget-share-buttons\" data-id=\"86ebd7b\">\n<div class=\"elementor-widget-container\">\n<div class=\"elementor-grid\">\n<div class=\"elementor-grid-item\">\n<div class=\"elementor-share-btn elementor-share-btn_facebook\"><\/div>\n<\/div>\n<\/div>\n<\/div>\n<\/div>\n","protected":false},"excerpt":{"rendered":"<p>&nbsp; L\u2019Assembl\u00e9e g\u00e9n\u00e9rale \u00e9lective de la F\u00e9d\u00e9ration Guin\u00e9enne de Football a \u00e9t\u00e9 d\u00e9cal\u00e9e de quelques jours par le Comit\u00e9 ex\u00e9cutif de la FEGUIFOOT (18 Mai 2021 au lieu du 14). La Commission \u00e9lectorale a d\u00e9cid\u00e9 de rouvrir l\u2019appel \u00e0 candidatures pour le poste de Pr\u00e9sident, pour la p\u00e9riode allant du 3 au 5 mai 2021, [&hellip;]<\/p>\n","protected":false},"author":2,"featured_media":7161,"comment_status":"open","ping_status":"open","sticky":false,"template":"","format":"standard","meta":{"_jetpack_memberships_contains_paid_content":false,"footnotes":""},"categories":[4,7],"tags":[],"class_list":["post-7159","post","type-post","status-publish","format-standard","has-post-thumbnail","hentry","category-actu","category-sport"],"jetpack_featured_media_url":"https:\/\/i0.wp.com\/liberationinfo.com\/wp-content\/uploads\/2021\/04\/Aboubacar-Dorah-Koita.jpg?fit=1395%2C712&ssl=1","jetpack-related-posts":[],"jetpack_sharing_enabled":true,"_links":{"self":[{"href":"https:\/\/liberationinfo.com\/index.php\/wp-json\/wp\/v2\/posts\/7159","targetHints":{"allow":["GET"]}}],"collection":[{"href":"https:\/\/liberationinfo.com\/index.php\/wp-json\/wp\/v2\/posts"}],"about":[{"href":"https:\/\/liberationinfo.com\/index.php\/wp-json\/wp\/v2\/types\/post"}],"author":[{"embeddable":true,"href":"https:\/\/liberationinfo.com\/index.php\/wp-json\/wp\/v2\/users\/2"}],"replies":[{"embeddable":true,"href":"https:\/\/liberationinfo.com\/index.php\/wp-json\/wp\/v2\/comments?post=7159"}],"version-history":[{"count":0,"href":"https:\/\/liberationinfo.com\/index.php\/wp-json\/wp\/v2\/posts\/7159\/revisions"}],"wp:featuredmedia":[{"embeddable":true,"href":"https:\/\/liberationinfo.com\/index.php\/wp-json\/wp\/v2\/media\/7161"}],"wp:attachment":[{"href":"https:\/\/liberationinfo.com\/index.php\/wp-json\/wp\/v2\/media?parent=7159"}],"wp:term":[{"taxonomy":"category","embeddable":true,"href":"https:\/\/liberationinfo.com\/index.php\/wp-json\/wp\/v2\/categories?post=7159"},{"taxonomy":"post_tag","embeddable":true,"href":"https:\/\/liberationinfo.com\/index.php\/wp-json\/wp\/v2\/tags?post=7159"}],"curies":[{"name":"wp","href":"https:\/\/api.w.org\/{rel}","templated":true}]}}