{"id":7136,"date":"2021-04-29T21:34:49","date_gmt":"2021-04-29T21:34:49","guid":{"rendered":"https:\/\/liberationinfo.com\/?p=7136"},"modified":"2021-04-29T21:38:07","modified_gmt":"2021-04-29T21:38:07","slug":"gouvernement-dr-zalikatou-diallo-nommee-ministre-de-lunite-nationale-et-de-la-citoyennete","status":"publish","type":"post","link":"https:\/\/liberationinfo.com\/index.php\/gouvernement-dr-zalikatou-diallo-nommee-ministre-de-lunite-nationale-et-de-la-citoyennete\/","title":{"rendered":"Gouvernement : Dr Zalikatou Diallo nomm\u00e9e, ministre de  l\u2019unit\u00e9 nationale et de la Citoyennet\u00e9"},"content":{"rendered":"<div class=\"entry-header\">\n<h1 class=\"jeg_post_title\"><\/h1>\n<\/div>\n<div class=\"jeg_share_top_container\">\n<div class=\"jeg_share_button clearfix\">\n<div class=\"jeg_share_stats\"><\/div>\n<div class=\"jeg_sharelist\"><\/div>\n<\/div>\n<\/div>\n<div class=\"jeg_ad jeg_article jnews_content_top_ads \">\n<div class=\"ads-wrapper \"><\/div>\n<\/div>\n<div class=\"entry-content no-share\">\n<div class=\"jeg_share_button share-float jeg_sticky_share clearfix share-monocrhome\">\n<div class=\"jeg_share_float_container\"><\/div>\n<\/div>\n<div class=\"content-inner \">\n<p>Apr\u00e8s plusieurs mois \u00e0 la t\u00eate du minist\u00e8re de la citoyennet\u00e9, Mamadou Taran Diallo quitte officiellement le gouvernement de la quatri\u00e8me R\u00e9publique. Il a \u00e9t\u00e9 remplac\u00e9 par l&rsquo;honorable Dr Zalikatou Diallo, premi\u00e8re vice-pr\u00e9sidente de l&rsquo;assembl\u00e9e nationale. Le d\u00e9cret a \u00e9t\u00e9 lu dans les ondes de la radio t\u00e9l\u00e9vision nationale.<\/p>\n<p>&nbsp;<\/p>\n<p>Nous y reviendrons !<\/p>\n<div class=\"jeg_ad jeg_ad_article jnews_content_inline_ads \">\n<div class=\"ads-wrapper align-center \">\n<div class=\"ads_code\"><\/div>\n<\/div>\n<\/div>\n<p>&nbsp;<\/p>\n<p>Lib\u00e9rationinfos.com<\/p>\n<\/div>\n<\/div>\n","protected":false},"excerpt":{"rendered":"<p>Apr\u00e8s plusieurs mois \u00e0 la t\u00eate du minist\u00e8re de la citoyennet\u00e9, Mamadou Taran Diallo quitte officiellement le gouvernement de la quatri\u00e8me R\u00e9publique. Il a \u00e9t\u00e9 remplac\u00e9 par l&rsquo;honorable Dr Zalikatou Diallo, premi\u00e8re vice-pr\u00e9sidente de l&rsquo;assembl\u00e9e nationale. Le d\u00e9cret a \u00e9t\u00e9 lu dans les ondes de la radio t\u00e9l\u00e9vision nationale. &nbsp; Nous y reviendrons ! &nbsp; [&hellip;]<\/p>\n","protected":false},"author":2,"featured_media":7138,"comment_status":"open","ping_status":"open","sticky":false,"template":"","format":"standard","meta":{"_jetpack_memberships_contains_paid_content":false,"footnotes":""},"categories":[4,5],"tags":[],"class_list":["post-7136","post","type-post","status-publish","format-standard","has-post-thumbnail","hentry","category-actu","category-politique"],"jetpack_featured_media_url":"https:\/\/i0.wp.com\/liberationinfo.com\/wp-content\/uploads\/2021\/04\/download-29.jpeg?fit=259%2C194&ssl=1","jetpack-related-posts":[],"jetpack_sharing_enabled":true,"_links":{"self":[{"href":"https:\/\/liberationinfo.com\/index.php\/wp-json\/wp\/v2\/posts\/7136","targetHints":{"allow":["GET"]}}],"collection":[{"href":"https:\/\/liberationinfo.com\/index.php\/wp-json\/wp\/v2\/posts"}],"about":[{"href":"https:\/\/liberationinfo.com\/index.php\/wp-json\/wp\/v2\/types\/post"}],"author":[{"embeddable":true,"href":"https:\/\/liberationinfo.com\/index.php\/wp-json\/wp\/v2\/users\/2"}],"replies":[{"embeddable":true,"href":"https:\/\/liberationinfo.com\/index.php\/wp-json\/wp\/v2\/comments?post=7136"}],"version-history":[{"count":0,"href":"https:\/\/liberationinfo.com\/index.php\/wp-json\/wp\/v2\/posts\/7136\/revisions"}],"wp:featuredmedia":[{"embeddable":true,"href":"https:\/\/liberationinfo.com\/index.php\/wp-json\/wp\/v2\/media\/7138"}],"wp:attachment":[{"href":"https:\/\/liberationinfo.com\/index.php\/wp-json\/wp\/v2\/media?parent=7136"}],"wp:term":[{"taxonomy":"category","embeddable":true,"href":"https:\/\/liberationinfo.com\/index.php\/wp-json\/wp\/v2\/categories?post=7136"},{"taxonomy":"post_tag","embeddable":true,"href":"https:\/\/liberationinfo.com\/index.php\/wp-json\/wp\/v2\/tags?post=7136"}],"curies":[{"name":"wp","href":"https:\/\/api.w.org\/{rel}","templated":true}]}}