{"id":6993,"date":"2021-04-23T06:18:02","date_gmt":"2021-04-23T05:18:02","guid":{"rendered":"https:\/\/liberationinfo.com\/?p=6993"},"modified":"2021-04-23T06:22:57","modified_gmt":"2021-04-23T05:22:57","slug":"tchad-les-funerailles-didriss-deby-itno-en-presence-de-plusieurs-chefs-detat","status":"publish","type":"post","link":"https:\/\/liberationinfo.com\/index.php\/tchad-les-funerailles-didriss-deby-itno-en-presence-de-plusieurs-chefs-detat\/","title":{"rendered":"Tchad: les fun\u00e9railles d&rsquo;Idriss D\u00e9by Itno en pr\u00e9sence de plusieurs chefs d&rsquo;\u00c9tat"},"content":{"rendered":"<div class=\"t-content t-content--article\">\n<article data-article-content=\"\">\n<div class=\"t-content__main-media\"><\/div>\n<p class=\"t-content__chapo\">Le pr\u00e9sident tchadien est mort mardi 20 avril sur la zone de combats, dans le nord-ouest du pays. Une dizaine de chefs d\u2019\u00c9tats \u00e9trangers sont sur place ce vendredi pour rendre un dernier hommage national au mar\u00e9chal du Tchad.<\/p>\n<div class=\"t-content__body u-clearfix\">\n<div class=\"m-interstitial\">\n<div class=\"m-interstitial__ad\">\n<div class=\"m-block-ad \">\n<div class=\"m-block-ad__label m-block-ad__label--report-enabled\"><span class=\"m-block-ad__label__text\">PUBLICIT\u00c9<\/span><button class=\"m-block-ad__label__report-link\" title=\"Signaler cette publicit\u00e9\" data-tms-ad-report=\"\"><\/button><\/div>\n<div id=\"tms-block-8788795598540702\" class=\"m-block-ad__content\">\n<div id=\"google_ads_iframe_\/33480810\/web\/rfi\/fr\/article\/pave1_0__container__\"><\/div>\n<\/div>\n<\/div>\n<\/div>\n<\/div>\n<p><em>Avec notre correspondant \u00e0 Ndjamena,<\/em>\u00a0<strong>Madjiasra Nako<\/strong><\/p>\n<p>Onze chefs d\u2019\u00c9tats parmi lesquels le Fran\u00e7ais, Emmanuel Macron, le Congolais F\u00e9lix Tshisekedi, le Nig\u00e9rien Mohamed Bazoum ou encore le repr\u00e9sentant de la diplomatie europ\u00e9enne Josep Borrell sont \u00e0 Ndjamena, la capitale tchadienne,\u00a0pour les obs\u00e8ques du\u00a0<a href=\"https:\/\/www.rfi.fr\/fr\/afrique\/20210420-idriss-d%C3%A9by-le-mar%C3%A9chal-pr%C3%A9sident-tu%C3%A9-par-les-rebelles\" target=\"_self\"><strong>pr\u00e9sident Idriss D\u00e9by<\/strong><\/a>. Une absence remarqu\u00e9e, celle du Congolais Denis\u00a0Sassou-Nguesso qui a invoqu\u00e9 des raisons familiales.<\/p>\n<p>\u00c0 l\u2019arriv\u00e9e de la d\u00e9pouille mortelle \u00e0 9h sur la place de la Nation, Idriss D\u00e9by recevra les hommages de sa famille biologique, politique, de ses compagnons d\u2019armes puis des chefs d\u2019\u00c9tats \u00e9trangers qui seront pr\u00e9sents sur la place\u00a0en face du palais pr\u00e9sidentiel o\u00f9 des tentes ont \u00e9t\u00e9 dress\u00e9es.<\/p>\n<div id=\"tms-ad-inread-40778549159992905\" class=\"tms-ad\">\n<div id=\"divVideoStepAdBottom\" class=\"divVideoStep\"><\/div>\n<\/div>\n<p>Ensuite, le vice-pr\u00e9sident du<a href=\"https:\/\/www.rfi.fr\/fr\/afrique\/20210422-tchad-la-charte-qui-dessine-la-transition-consacre-les-pleins-pouvoirs-pour-le-fils-d-idriss-d%C3%A9by\" target=\"_self\"><strong>\u00a0conseil militaire de transition<\/strong><\/a>, le g\u00e9n\u00e9ral Djimadoum Tiraina, un des fid\u00e8les d\u2019Idriss D\u00e9by qui a \u00e9t\u00e9 son dernier ministre de la D\u00e9fense, doit prononcer l\u2019oraison fun\u00e8bre. Les attributs de mar\u00e9chal seront d\u00e9pos\u00e9s sur le cercueil pendant que vont tonner 21 coups de canons pour saluer la m\u00e9moire du disparu.<\/p>\n<p>La d\u00e9pouille sera remise \u00e0 la famille, le temps d\u2019une pri\u00e8re \u00e0 la grande mosqu\u00e9e de Ndjamena avant le d\u00e9part pour Amdjarass, non loin de son village natal o\u00f9 le corps d\u2019Idriss D\u00e9by Itno reposera d\u00e9sormais.<\/p>\n<h2>Macron et D\u00e9by, une relation de proximit\u00e9<\/h2>\n<p>Le pr\u00e9sident fran\u00e7ais fait donc partis des chefs d&rsquo;\u00c9tat qui\u00a0assisteront\u00a0aux obs\u00e8ques d&rsquo;Idriss D\u00e9by. Il sera accompagn\u00e9\u00a0de Franck Paris, son conseiller Afrique, et de Jean-Yves Le Drian, son ministre des Affaires \u00e9trang\u00e8res.<\/p>\n<p>Avant son d\u00e9part pour la capitale tchadienne, Emmanuel Macron s\u2019\u00e9tait entretenu par t\u00e9l\u00e9phone avec Hinda D\u00e9by, l\u2019\u00e9pouse d&rsquo;Idriss D\u00e9by. Puis, d\u00e8s son arriv\u00e9e dans la capitale tchadienne, il a rencontr\u00e9 en t\u00eate-\u00e0-t\u00eate le fils du d\u00e9funt pr\u00e9sident,\u00a0<a href=\"https:\/\/www.rfi.fr\/fr\/afrique\/20210420-tchad-mahamat-idriss-d%C3%A9by-un-pur-produit-de-l-arm%C3%A9e-%C3%A0-la-t%C3%AAte-du-conseil-militaire\" target=\"_self\"><strong>Mahamat Idriss D\u00e9by<\/strong><\/a>, qui dirige d\u00e9sormais le conseil militaire de transition.<\/p>\n<div id=\"tms-block-4340541983956758\" class=\"o-self-promo o-self-promo--app\">\n<div class=\"o-self-promo-wrapper\">\n<p class=\"o-self-promo__text\">Suivez toute l&rsquo;actualit\u00e9 internationale en t\u00e9l\u00e9chargeant l&rsquo;application RFI<\/p>\n<\/div>\n<\/div>\n<p>Emmanuel Macron aura entretenu pendant pr\u00e8s de quatre ans une relation de proximit\u00e9 avec Idriss D\u00e9by,\u00a0<a href=\"https:\/\/www.rfi.fr\/fr\/afrique\/20210420-mort-d-idriss-d%C3%A9by-la-france-perd-un-partenaire-incontournable-au-sahel\" target=\"_self\"><strong>alli\u00e9 ind\u00e9fectible de la France\u00a0<\/strong><\/a>depuis 1990. Un premier t\u00eate-\u00e0-t\u00eate \u00e0 l\u2019\u00c9lys\u00e9e \u00e0 l\u2019\u00e9t\u00e9 2017 rapidement suivi d\u2019une conf\u00e9rence de donateurs pour aider le pays en difficult\u00e9 financi\u00e8re. \u00c0 peine install\u00e9 \u00e0 l\u2019\u00c9lys\u00e9e, Emmanuel Macron choisit de perp\u00e9tuer le lien \u00e9tabli avec Idriss D\u00e9by par ses pr\u00e9d\u00e9cesseurs.<\/p>\n<p>Le pr\u00e9sident tchadien a fait de la diplomatie militaire un axe central de sa politique. Strat\u00e9gie d\u2019autant plus payante qu\u2019en 2017, la France d\u00e9cide d\u2019acc\u00e9l\u00e9rer la mise en \u0153uvre de la force conjointe du G5 Sahel. Plus aguerrie que ses homologues sah\u00e9liennes, l\u2019arm\u00e9e tchadienne va jouer un r\u00f4le central dans cette nouvelle entit\u00e9 alors que les soldats tchadiens sont d\u00e9j\u00e0 parmi les plus nombreux au sein de la Minusma.<\/p>\n<p>Dans ce contexte, Emmanuel Macron peut difficilement se passer d\u2019Idriss D\u00e9by \u00e0 qui il rend visite fin 2018. Paris vole m\u00eame \u00e0 son secours d\u00e9but 2019 alors que son pouvoir semble menacer par les rebelles. L\u2019aviation fran\u00e7aise bombarde une colonne de l\u2019UFR venue de Libye. La France aura beau demander au pr\u00e9sident tchadien d\u2019organiser les \u00e9lections l\u00e9gislatives qu\u2019il repousse depuis 2015, Idriss D\u00e9by fait longtemps la sourde oreille. Comme il tarde \u00e0 respecter un autre de ses engagements : celui d\u2019envoyer 1\u00a0200 soldats dans la zone dite des trois fronti\u00e8res. Mis en difficult\u00e9 par les attaques de Boko Haram, Idriss D\u00e9by a fait comme souvent monter les ench\u00e8res et r\u00e9clam\u00e9\u00a0un appui sonnant et tr\u00e9buchant de son \u00e9ternel alli\u00e9.<\/p>\n<p>Selon l\u2019\u00c9lys\u00e9e, Macron s&rsquo;est aussi entretenu jeudi soir avec le pr\u00e9sident de la transition malienne, le pr\u00e9sident mauritanien et\u00a0celui du Niger. Puis avec Moussa Faki Mahamat, le pr\u00e9sident de la commission de l&rsquo;Union africaine.<\/p>\n<p>Avec RFI<\/p>\n<\/div>\n<\/article>\n<\/div>\n","protected":false},"excerpt":{"rendered":"<p>Le pr\u00e9sident tchadien est mort mardi 20 avril sur la zone de combats, dans le nord-ouest du pays. Une dizaine de chefs d\u2019\u00c9tats \u00e9trangers sont sur place ce vendredi pour rendre un dernier hommage national au mar\u00e9chal du Tchad. PUBLICIT\u00c9 Avec notre correspondant \u00e0 Ndjamena,\u00a0Madjiasra Nako Onze chefs d\u2019\u00c9tats parmi lesquels le Fran\u00e7ais, Emmanuel Macron, [&hellip;]<\/p>\n","protected":false},"author":2,"featured_media":6995,"comment_status":"open","ping_status":"open","sticky":false,"template":"","format":"standard","meta":{"_jetpack_memberships_contains_paid_content":false,"footnotes":""},"categories":[4,5],"tags":[],"class_list":["post-6993","post","type-post","status-publish","format-standard","has-post-thumbnail","hentry","category-actu","category-politique"],"jetpack_featured_media_url":"https:\/\/i0.wp.com\/liberationinfo.com\/wp-content\/uploads\/2021\/04\/unnamed-4.jpg?fit=512%2C381&ssl=1","jetpack-related-posts":[],"jetpack_sharing_enabled":true,"_links":{"self":[{"href":"https:\/\/liberationinfo.com\/index.php\/wp-json\/wp\/v2\/posts\/6993","targetHints":{"allow":["GET"]}}],"collection":[{"href":"https:\/\/liberationinfo.com\/index.php\/wp-json\/wp\/v2\/posts"}],"about":[{"href":"https:\/\/liberationinfo.com\/index.php\/wp-json\/wp\/v2\/types\/post"}],"author":[{"embeddable":true,"href":"https:\/\/liberationinfo.com\/index.php\/wp-json\/wp\/v2\/users\/2"}],"replies":[{"embeddable":true,"href":"https:\/\/liberationinfo.com\/index.php\/wp-json\/wp\/v2\/comments?post=6993"}],"version-history":[{"count":0,"href":"https:\/\/liberationinfo.com\/index.php\/wp-json\/wp\/v2\/posts\/6993\/revisions"}],"wp:featuredmedia":[{"embeddable":true,"href":"https:\/\/liberationinfo.com\/index.php\/wp-json\/wp\/v2\/media\/6995"}],"wp:attachment":[{"href":"https:\/\/liberationinfo.com\/index.php\/wp-json\/wp\/v2\/media?parent=6993"}],"wp:term":[{"taxonomy":"category","embeddable":true,"href":"https:\/\/liberationinfo.com\/index.php\/wp-json\/wp\/v2\/categories?post=6993"},{"taxonomy":"post_tag","embeddable":true,"href":"https:\/\/liberationinfo.com\/index.php\/wp-json\/wp\/v2\/tags?post=6993"}],"curies":[{"name":"wp","href":"https:\/\/api.w.org\/{rel}","templated":true}]}}