{"id":6927,"date":"2021-04-21T11:48:27","date_gmt":"2021-04-21T10:48:27","guid":{"rendered":"https:\/\/liberationinfo.com\/?p=6927"},"modified":"2021-04-21T11:54:37","modified_gmt":"2021-04-21T10:54:37","slug":"idriss-deby-itno-victime-du-syndrome-dolibrius-edito-fim-fm-de-mamadou-dian-diallo","status":"publish","type":"post","link":"https:\/\/liberationinfo.com\/index.php\/idriss-deby-itno-victime-du-syndrome-dolibrius-edito-fim-fm-de-mamadou-dian-diallo\/","title":{"rendered":"Idriss D\u00e9by Itno, victime du syndrome d\u2019olibrius (Edito FIM FM de Mamadou Dian Diallo)"},"content":{"rendered":"<div class=\"entry-header\">\n<h1 class=\"jeg_post_title\"><\/h1>\n<h2 class=\"jeg_post_subtitle\">La disparition du mar\u00e9chal Idriss D\u00e9by Itno ce mardi, \u00e0 l\u2019\u00e2ge de 68 ans, sur le front de guerre, o\u00f9 il s\u2019\u00e9tait rendu d\u2019urgence, au lendemain de sa r\u00e9\u00e9lection pour un sixi\u00e8me mandat \u00e0 la t\u00eate du Tchad, pour freiner l\u2019avanc\u00e9e des troupes du FACT, mouvement\u00a0rebelle qui tente une perc\u00e9e vers N\u2019Djamena, est un v\u00e9ritable cr\u00e8ve c\u0153ur pour les partisans du mar\u00e9chal. Cette fin de r\u00e8gne due \u00e0 une mort subite vient refermer une page de trente et un an d\u2019une pr\u00e9sidence marqu\u00e9e par un pouvoir solitaire voire dictatorial.<\/h2>\n<div class=\"jeg_meta_container\">\n<div class=\"jeg_post_meta jeg_post_meta_1\">\n<div class=\"meta_left\">\n<div class=\"jeg_meta_author\"><\/div>\n<\/div>\n<\/div>\n<\/div>\n<\/div>\n<div class=\"jeg_ad jeg_article jnews_content_top_ads \">\n<div class=\"ads-wrapper \"><\/div>\n<\/div>\n<div class=\"entry-content no-share\">\n<div class=\"jeg_share_button share-float jeg_sticky_share clearfix share-monocrhome\">\n<div class=\"jeg_share_float_container\"><\/div>\n<\/div>\n<div class=\"content-inner \">\n<p>Les trente ans qu\u2019il aura pass\u00e9s aux commandes du Tchad, l\u2019avaient quasiment rendu invincible aux yeux d\u2019une opinion m\u00e9dus\u00e9e. Car Idriss Deby qui\u00a0succ\u00e9da \u00e0 Hiss\u00e8ne Habr\u00e9 en 1990, qu\u2019il\u00a0chassa du pouvoir, avait toujours r\u00e9ussi \u00e0 passer entre les eaux, face aux mouvements s\u00e9ditieux. L\u2019occasion faisant le larron, avec la b\u00e9n\u00e9diction de la France, ce chef de guerre \u00e9tait devenu l\u2019interlocuteur privil\u00e9gi\u00e9 des occidentaux, dans un sahel \u00e9cum\u00e9 par des hordes terroristes. D\u2019o\u00f9 d\u2019ailleurs la long\u00e9vit\u00e9 de ce fils d\u2019un berger du groupe\u00a0ethnique\u00a0zaghawa, que l\u2019on trouve des deux c\u00f4t\u00e9s de la fronti\u00e8re tchado-soudanaise.<\/p>\n<p>&nbsp;<\/p>\n<p><em>\u00ab Il faut savoir quitter le pouvoir avant que le pouvoir ne vous quitte \u00bb<\/em>. Cet aphorisme, Deby l\u2019aura appris \u00e0 ses d\u00e9pens.<\/p>\n<p>&nbsp;<\/p>\n<p>La nouvelle de son d\u00e9c\u00e8s, juste au lendemain de sa r\u00e9\u00e9lection avait m\u00eame \u00e9t\u00e9 per\u00e7ue par certains observateurs comme une blague de\u00a0mauvais go\u00fbt.<\/p>\n<p>&nbsp;<\/p>\n<p>Mais venant de l\u2019arm\u00e9e, il faut se r\u00e9soudre \u00e0 la triste r\u00e9alit\u00e9 des faits, Idriss Deby est bel et bien mort des suites de blessures re\u00e7ues au front lors de combats contre la r\u00e9bellion.<\/p>\n<p>&nbsp;<\/p>\n<p>Le roi est mort, vive le roi, peut-on tout de m\u00eame s\u2019exclamer puisque c\u2019est l\u2019un des\u00a0fils\u00a0du mar\u00e9chal en la personne de Mahamat Idriss D\u00e9by\u00a0Itno, g\u00e9n\u00e9ral quatre \u00e9toiles \u00e2g\u00e9 de 37 ans, responsable de la garde pr\u00e9sidentielle, qui a pris les rennes du pouvoir.<\/p>\n<p>&nbsp;<\/p>\n<p>Dans la foul\u00e9e, un conseil militaire de transition (CMT)\u00a0a \u00e9t\u00e9 mis en place pour g\u00e9rer une\u00a0transition de 18 mois, qui devra aboutir \u00e0 la tenue\u00a0d\u2019\u00e9lections \u201clibres et d\u00e9mocratiques\u201d.<\/p>\n<p>&nbsp;<\/p>\n<p>Cette fin de Deby n\u2019a rien de surprenant, car comme le disent les Saintes \u00c9critures :\u00a0<em>\u00ab celui qui r\u00e8gne par l\u2019\u00e9p\u00e9e p\u00e9rira par l\u2019\u00e9p\u00e9e \u00bb.<\/em><\/p>\n<p>&nbsp;<\/p>\n<p><strong>Mamadou Dian Bald\u00e9<\/strong><\/p>\n<\/div>\n<\/div>\n","protected":false},"excerpt":{"rendered":"<p>La disparition du mar\u00e9chal Idriss D\u00e9by Itno ce mardi, \u00e0 l\u2019\u00e2ge de 68 ans, sur le front de guerre, o\u00f9 il s\u2019\u00e9tait rendu d\u2019urgence, au lendemain de sa r\u00e9\u00e9lection pour un sixi\u00e8me mandat \u00e0 la t\u00eate du Tchad, pour freiner l\u2019avanc\u00e9e des troupes du FACT, mouvement\u00a0rebelle qui tente une perc\u00e9e vers N\u2019Djamena, est un v\u00e9ritable [&hellip;]<\/p>\n","protected":false},"author":2,"featured_media":6931,"comment_status":"open","ping_status":"open","sticky":false,"template":"","format":"standard","meta":{"_jetpack_memberships_contains_paid_content":false,"footnotes":""},"categories":[4,1,5],"tags":[],"class_list":["post-6927","post","type-post","status-publish","format-standard","has-post-thumbnail","hentry","category-actu","category-non-classe","category-politique"],"jetpack_featured_media_url":"https:\/\/i0.wp.com\/liberationinfo.com\/wp-content\/uploads\/2021\/04\/IDRISS-DEBY.jpg?fit=700%2C352&ssl=1","jetpack-related-posts":[],"jetpack_sharing_enabled":true,"_links":{"self":[{"href":"https:\/\/liberationinfo.com\/index.php\/wp-json\/wp\/v2\/posts\/6927","targetHints":{"allow":["GET"]}}],"collection":[{"href":"https:\/\/liberationinfo.com\/index.php\/wp-json\/wp\/v2\/posts"}],"about":[{"href":"https:\/\/liberationinfo.com\/index.php\/wp-json\/wp\/v2\/types\/post"}],"author":[{"embeddable":true,"href":"https:\/\/liberationinfo.com\/index.php\/wp-json\/wp\/v2\/users\/2"}],"replies":[{"embeddable":true,"href":"https:\/\/liberationinfo.com\/index.php\/wp-json\/wp\/v2\/comments?post=6927"}],"version-history":[{"count":0,"href":"https:\/\/liberationinfo.com\/index.php\/wp-json\/wp\/v2\/posts\/6927\/revisions"}],"wp:featuredmedia":[{"embeddable":true,"href":"https:\/\/liberationinfo.com\/index.php\/wp-json\/wp\/v2\/media\/6931"}],"wp:attachment":[{"href":"https:\/\/liberationinfo.com\/index.php\/wp-json\/wp\/v2\/media?parent=6927"}],"wp:term":[{"taxonomy":"category","embeddable":true,"href":"https:\/\/liberationinfo.com\/index.php\/wp-json\/wp\/v2\/categories?post=6927"},{"taxonomy":"post_tag","embeddable":true,"href":"https:\/\/liberationinfo.com\/index.php\/wp-json\/wp\/v2\/tags?post=6927"}],"curies":[{"name":"wp","href":"https:\/\/api.w.org\/{rel}","templated":true}]}}