{"id":6858,"date":"2021-04-19T15:51:38","date_gmt":"2021-04-19T14:51:38","guid":{"rendered":"https:\/\/liberationinfo.com\/?p=6858"},"modified":"2021-04-19T15:51:38","modified_gmt":"2021-04-19T14:51:38","slug":"congo-tentative-de-conciliation-alpha-conde-dribble-denis-sassou-nguesso-et-umaru-embalo","status":"publish","type":"post","link":"https:\/\/liberationinfo.com\/index.php\/congo-tentative-de-conciliation-alpha-conde-dribble-denis-sassou-nguesso-et-umaru-embalo\/","title":{"rendered":"Congo\/Tentative de conciliation : Alpha Cond\u00e9 dribble Denis Sassou Nguesso et Umaru Embalo"},"content":{"rendered":"<div class=\"entry-header\">\n<h1 class=\"jeg_post_title\"><\/h1>\n<h2 class=\"jeg_post_subtitle\">En se rendant \u00e0 Brazzaville pour les besoins de l\u2019investiture du pr\u00e9sident Denis Sassou Nguesso, le chef d\u2019\u00e9tat guin\u00e9en Alpha Cond\u00e9 rendait la monnaie \u00e0 sa pi\u00e8ce au dirigeant congolais. Mais, pour certains de ses pairs l\u2019occasion de r\u00e9concilier les pr\u00e9sidents des deux Guin\u00e9e \u00e9tait trop belle pour la laisser passer. Mais c\u2019\u00e9tait sans compter avec Alpha Cond\u00e9 qui ne voulait m\u00eame pas voir Umaru Embalo en photo encore moins lui serrer la main. Le protocole du pr\u00e9sident congolais a d\u00fb se raviser pour ne pas subir la col\u00e8re de Cond\u00e9 quand on a voulu le mettre apr\u00e8s le \u00ab g\u00e9n\u00e9ral \u00bb.<\/h2>\n<div class=\"jeg_meta_container\">\n<div class=\"jeg_post_meta jeg_post_meta_1\">\n<div class=\"meta_left\">\n<div class=\"jeg_meta_author\"><\/div>\n<\/div>\n<div class=\"meta_right\">\n<div class=\"jeg_meta_comment\"><\/div>\n<\/div>\n<\/div>\n<\/div>\n<\/div>\n<div class=\"jeg_featured featured_image\">\n<div class=\"thumbnail-container animate-lazy\"><\/div>\n<\/div>\n<div class=\"jeg_share_top_container\">\n<div class=\"jeg_share_button clearfix\">\n<div class=\"jeg_share_stats\"><\/div>\n<div class=\"jeg_sharelist\"><\/div>\n<\/div>\n<\/div>\n<div class=\"jeg_ad jeg_article jnews_content_top_ads \">\n<div class=\"ads-wrapper \"><\/div>\n<\/div>\n<div class=\"entry-content no-share\">\n<div class=\"jeg_share_button share-float jeg_sticky_share clearfix share-monocrhome\">\n<div class=\"jeg_share_float_container\"><\/div>\n<\/div>\n<div class=\"content-inner \">\n<p>Le chef de l\u2019\u00c9tat guin\u00e9en est arriv\u00e9 au Congo Brazzaville pour prendre part \u00e0 l\u2019investiture de son ami de plus de 40 ans.<a href=\"https:\/\/atlanticactu.com\/guinee-emeutes-suite-a-larrestation-de-ousmane-sonko-alpha-conde-fait-du-garawouale-a-macky-sall\/\">Alpha Cond\u00e9<\/a>a s\u00e9journ\u00e9 dans la capitale Brazzaville depuis le jeudi 15 avril, ainsi que plusieurs dirigeants africains qui \u00e9taient \u00e9galement invit\u00e9s pour prendre part \u00e0 la c\u00e9r\u00e9monie prestation de serment du chef d\u2019\u00c9tat congolais.<\/p>\n<p>D\u00e8s la soir\u00e9e de son arriv\u00e9e, le pr\u00e9sident congolais en compagnie de certains de ses pairs qui \u00e9taient pr\u00e9sents \u00e0 Brazzaville, ont essay\u00e9 d\u2019amadouer Alpha Cond\u00e9 qui avait donn\u00e9 des gages concernant le S\u00e9n\u00e9gal, \u00e0 revoir sa position avec le \u00ab g\u00e9n\u00e9ral \u00bb de Bissau. A peine l\u2019affaire a \u00e9t\u00e9 mise sur la table que le pr\u00e9sident Alpha Cond\u00e9 s\u2019est excus\u00e9 au motif qu\u2019il venait d\u2019\u00eatre inform\u00e9 de ce sujet et pr\u00e9f\u00e9rait en parlait ult\u00e9rieurement puisqu\u2019il \u00e9tait \u00e0 Brazzaville jusqu\u2019au samedi. Malgr\u00e9 l\u2019insistance de son ami Ouattara et du pr\u00e9sident mauritanien soutenu par<a href=\"https:\/\/atlanticactu.com\/congo-apres-37-a-la-tete-du-pays-denis-sassou-nguesso-a-prete-serment-pour-un-nouveau-mandat\/\">Denis Sassou Nguesso<\/a>, Cond\u00e9 restera de marbre.<\/p>\n<p><img decoding=\"async\" class=\"size-medium wp-image-19071 alignleft\" src=\"https:\/\/i1.wp.com\/atlanticactu.com\/wp-content\/uploads\/2021\/04\/35013DF3-5FEC-4498-85E9-C236EEA40D85-300x233.jpeg?resize=300%2C233&amp;ssl=1\" srcset=\"https:\/\/i1.wp.com\/atlanticactu.com\/wp-content\/uploads\/2021\/04\/35013DF3-5FEC-4498-85E9-C236EEA40D85-300x233.jpeg?resize=300%2C233&amp;ssl=1 300w, https:\/\/atlanticactu.com\/wp-content\/uploads\/2021\/04\/35013DF3-5FEC-4498-85E9-C236EEA40D85-768x596.jpeg 768w, https:\/\/atlanticactu.com\/wp-content\/uploads\/2021\/04\/35013DF3-5FEC-4498-85E9-C236EEA40D85-696x540.jpeg 696w, https:\/\/atlanticactu.com\/wp-content\/uploads\/2021\/04\/35013DF3-5FEC-4498-85E9-C236EEA40D85-541x420.jpeg 541w, https:\/\/atlanticactu.com\/wp-content\/uploads\/2021\/04\/35013DF3-5FEC-4498-85E9-C236EEA40D85.jpeg 834w\" alt=\"\" \/><\/p>\n<p><b>Vendredi, jour de l\u2019investiture de Sassou Nguesso, un premier couac est not\u00e9 quand le protocole a voulu mettre c\u00f4te \u00e0 c\u00f4te Alpha Cond\u00e9 et Umaru Embalo. Le pr\u00e9sident guin\u00e9en menace de retourner dans sa suite<\/b><\/p>\n<p>&nbsp;<\/p>\n<p>&nbsp;<\/p>\n<p>&nbsp;<\/p>\n<p>&nbsp;<\/p>\n<p>Il s\u2019en est fallu de peu pour que le Pr\u00e9sident Cond\u00e9 boycotte la c\u00e9r\u00e9monie. Alors que les invit\u00e9s \u00e9taient install\u00e9s au fur et \u00e0 mesure de leur arriv\u00e9e par ordre protocolaire, le Conseiller diplomatique de Alpha Cond\u00e9 sera avis\u00e9 \u00e0 la derni\u00e8re minute d\u2019une l\u00e9g\u00e8re modification sur l\u2019agencement des places et qu\u2019\u00e0 la place<a href=\"https:\/\/atlanticactu.com\/protocole-de-malabo-second-mandat-dadama-barrow-et-retour-de-jammeh-umaru-embalo-en-vrp-en-guinee-equatoriale\/\">Teodore Obiang l\u2019\u00c9quato -guin\u00e9en c\u2019est Umaru Embalo<\/a>qui serait le voisin imm\u00e9diat de l\u2019homme fort de Conakry. Le protocole guin\u00e9en s\u2019opposa cat\u00e9goriquement \u00e0 cette nouvelle donne avant d\u2019aviser le chef d\u2019\u00e9tat.<\/p>\n<p>&nbsp;<\/p>\n<p>Dans une col\u00e8re noire, Alpha Cond\u00e9 apostropha les responsables congolais en mena\u00e7ant de reprendre l\u2019avion imm\u00e9diatement si cet impair n\u2019\u00e9tait pas r\u00e9par\u00e9. Selon une source diplomatique, n\u2019eut \u00e9t\u00e9 l\u2019intervention de Teodore Obiang et Idriss Deby, Cond\u00e9 aurait certainement rat\u00e9 la c\u00e9r\u00e9monie. Et c\u2019est en col\u00e8re qu\u2019il sera install\u00e9 avant de quitter ses pairs avant moment o\u00f9 la photo de famille \u00e9tait prise, rajoute la source.<\/p>\n<div class=\"google-auto-placed ap_container\">\n<p>&nbsp;<\/p>\n<p>Nombreux \u00e9taient ceux qui avaient tabl\u00e9 sur des r\u00e9conciliations entre d\u2019une part Macky Sall et Alpha Cond\u00e9 et d\u2019autre part<a href=\"https:\/\/atlanticactu.com\/guinee-bissau-pour-casser-du-manifestant-umaru-embalo-obtient-derdogan-des-vehicules-avec-canon-a-eau-chaude\/\">Umaru Embalo<\/a>et le dirigeant guin\u00e9en. Si les nuages noirs entre les pr\u00e9sidents s\u00e9n\u00e9galais et guin\u00e9en commen\u00e7aient \u00e0 s\u2019envoler apr\u00e8s l\u2019intervention de plusieurs chefs d\u2019\u00e9tat, il en est autrement en ce qui concerne les rapports entre Umaru Embalo et Alpha Cond\u00e9. Le foss\u00e9 s\u2019est agrandi quand Cond\u00e9 avait \u00e9mis le souhait de se repr\u00e9senter pour un troisi\u00e8me mandat \u00e0 la t\u00eate de son pays.<\/p>\n<p><img decoding=\"async\" class=\"size-medium wp-image-19072 alignright\" src=\"https:\/\/i2.wp.com\/atlanticactu.com\/wp-content\/uploads\/2021\/04\/B27EDC45-0046-4F8E-B758-16290E0CA254-300x218.jpeg?resize=300%2C218&amp;ssl=1\" srcset=\"https:\/\/i2.wp.com\/atlanticactu.com\/wp-content\/uploads\/2021\/04\/B27EDC45-0046-4F8E-B758-16290E0CA254-300x218.jpeg?resize=300%2C218&amp;ssl=1 300w, https:\/\/atlanticactu.com\/wp-content\/uploads\/2021\/04\/B27EDC45-0046-4F8E-B758-16290E0CA254-324x235.jpeg 324w, https:\/\/atlanticactu.com\/wp-content\/uploads\/2021\/04\/B27EDC45-0046-4F8E-B758-16290E0CA254.jpeg 549w\" alt=\"\" \/><\/p>\n<p><b>Apr\u00e8s avoir f\u00e9licit\u00e9 le pr\u00e9sident Sassou Nguesso, Alpha Cond\u00e9 salue ses pairs et ignore la main tendue de Umaru Embalo. Certains proches du pr\u00e9sident congolais relativisent et disent que le Pr\u00e9sident Alpha Cond\u00e9 n\u2019avait pas vu le \u00ab g\u00e9n\u00e9ral \u00bb<\/b><\/p>\n<p>Depuis 2018 alors que le pr\u00e9sident Alpha Cond\u00e9 \u00e9tait d\u00e9sign\u00e9 pour trouver un accord en Guin\u00e9e Bissau et aider \u00e0 proposer un Premier ministre de consensus comme stipul\u00e9 par les accords de Conakry, le forcing de Umaru Embalo en remplacement de Baciro Dja, a \u00e9t\u00e9 le premier accroc entre les deux hommes. Car, pour Alpha Cond\u00e9, le poste de Premier ministre revenait de facto au PAIGC qui \u00e9tait majoritaire \u00e0 l\u2019assembl\u00e9e nationale. Mais le soutien de Macky Sall et d\u2019autres chefs d\u2019\u00e9tat de la<a href=\"https:\/\/atlanticactu.com\/bissau-menace-par-les-narcos-lache-par-la-cedeao-la-vie-du-pm-aristides-gomes-serieusement-menacee\/\">CEDEAO<\/a>, ont fini par faire plier Cond\u00e9.<\/p>\n<p>La pr\u00e9sidentielle de d\u00e9cembre 2019 et la \u00ab victoire \u00bb \u00e0 l\u2019arrach\u00e9 de Umaru Embalo encore soutenu et install\u00e9 par la CEDEAO alors que le processus \u00e9lectoral \u00e9tait pendant devant la Cour Supr\u00eame, ont \u00e9t\u00e9 encore pour beaucoup dans l\u2019inimiti\u00e9 entre les deux hommes.<\/p>\n<p>Mais, le summum sera atteint quand lors d\u2019un sommet virtuel de la CEDEAO, le \u00ab g\u00e9n\u00e9ral \u00bb de Bissau prenant la parole ne s\u2019est pas g\u00ean\u00e9 d\u2019\u00e9gratigner les pr\u00e9sidents Alpha Cond\u00e9 et<a href=\"https:\/\/atlanticactu.com\/election-presidentielle-embalo-a-oyo-chez-sassou-nguesso-pour-un-front-anti-ouattara\/\">Alassane Dramane Ouattara<\/a>qui postulaient pour un troisi\u00e8me mandat. Selon Umaru Embalo, \u00ab Si ce qui se passe au Mali est un coup d\u2019\u00e9tat alors les troisi\u00e8mes mandats sont l\u00e9galement des coups d\u2019\u00e9tat \u00bb.<\/p>\n<\/div>\n<p><b>Christian Bellino MEA pour A<\/b><strong>tlanticactu.com<\/strong><\/p>\n<\/div>\n<\/div>\n","protected":false},"excerpt":{"rendered":"<p>En se rendant \u00e0 Brazzaville pour les besoins de l\u2019investiture du pr\u00e9sident Denis Sassou Nguesso, le chef d\u2019\u00e9tat guin\u00e9en Alpha Cond\u00e9 rendait la monnaie \u00e0 sa pi\u00e8ce au dirigeant congolais. Mais, pour certains de ses pairs l\u2019occasion de r\u00e9concilier les pr\u00e9sidents des deux Guin\u00e9e \u00e9tait trop belle pour la laisser passer. Mais c\u2019\u00e9tait sans compter [&hellip;]<\/p>\n","protected":false},"author":2,"featured_media":6859,"comment_status":"open","ping_status":"open","sticky":false,"template":"","format":"standard","meta":{"_jetpack_memberships_contains_paid_content":false,"footnotes":""},"categories":[4,5],"tags":[],"class_list":["post-6858","post","type-post","status-publish","format-standard","has-post-thumbnail","hentry","category-actu","category-politique"],"jetpack_featured_media_url":"https:\/\/i0.wp.com\/liberationinfo.com\/wp-content\/uploads\/2021\/04\/Alpha-Sassou-Nguesso.jpeg?fit=750%2C375&ssl=1","jetpack-related-posts":[],"jetpack_sharing_enabled":true,"_links":{"self":[{"href":"https:\/\/liberationinfo.com\/index.php\/wp-json\/wp\/v2\/posts\/6858","targetHints":{"allow":["GET"]}}],"collection":[{"href":"https:\/\/liberationinfo.com\/index.php\/wp-json\/wp\/v2\/posts"}],"about":[{"href":"https:\/\/liberationinfo.com\/index.php\/wp-json\/wp\/v2\/types\/post"}],"author":[{"embeddable":true,"href":"https:\/\/liberationinfo.com\/index.php\/wp-json\/wp\/v2\/users\/2"}],"replies":[{"embeddable":true,"href":"https:\/\/liberationinfo.com\/index.php\/wp-json\/wp\/v2\/comments?post=6858"}],"version-history":[{"count":0,"href":"https:\/\/liberationinfo.com\/index.php\/wp-json\/wp\/v2\/posts\/6858\/revisions"}],"wp:featuredmedia":[{"embeddable":true,"href":"https:\/\/liberationinfo.com\/index.php\/wp-json\/wp\/v2\/media\/6859"}],"wp:attachment":[{"href":"https:\/\/liberationinfo.com\/index.php\/wp-json\/wp\/v2\/media?parent=6858"}],"wp:term":[{"taxonomy":"category","embeddable":true,"href":"https:\/\/liberationinfo.com\/index.php\/wp-json\/wp\/v2\/categories?post=6858"},{"taxonomy":"post_tag","embeddable":true,"href":"https:\/\/liberationinfo.com\/index.php\/wp-json\/wp\/v2\/tags?post=6858"}],"curies":[{"name":"wp","href":"https:\/\/api.w.org\/{rel}","templated":true}]}}