{"id":624,"date":"2020-07-19T16:04:13","date_gmt":"2020-07-19T15:04:13","guid":{"rendered":"http:\/\/liberationinfo.com\/?p=624"},"modified":"2020-07-19T16:04:13","modified_gmt":"2020-07-19T15:04:13","slug":"affaire-3e-mandat-en-guinee-je-naurai-pas-du-chanter-la-liberation-de-alpha-conde-regrette-tiken-jah-fakoly","status":"publish","type":"post","link":"https:\/\/liberationinfo.com\/index.php\/affaire-3e-mandat-en-guinee-je-naurai-pas-du-chanter-la-liberation-de-alpha-conde-regrette-tiken-jah-fakoly\/","title":{"rendered":"Affaire 3e mandat en Guin\u00e9e: \u00a0\u00bb je n&rsquo;aurai pas d\u016b chanter la lib\u00e9ration de Alpha Cond\u00e9\u00a0\u00bb, regrette Tiken Jah Fakoly"},"content":{"rendered":"<p><strong>Le reggaeman ivoirien Tiken Jah Fakoly dans une interview accord\u00e9e a nos confr\u00e8res de DW Afrique, a r\u00e9it\u00e9r\u00e9 son opposition \u00e0 un 3e mandat du pr\u00e9sident Guin\u00e9en.<\/strong><br \/>\nR\u00e9pondant \u00e0 une question du journaliste sur la raison qui le pousse \u00e0 militer et \u00e0 soutenir le<strong>\u00a0Collectif pour une Transition en Guin\u00e9e (CTG<\/strong>), l\u2019artiste engag\u00e9 qui, dans les ann\u00e9es 2000, a chant\u00e9 pour la lib\u00e9ration du pr\u00e9sident Alpha Cond\u00e9, dit regretter d\u2019avoir pos\u00e9 cet acte en faveur de l\u2019actuel homme fort de Guin\u00e9e.<br \/>\n\u00ab\u00a0<strong>J\u2019ai accept\u00e9 de soutenir ce collectif parce que je me sens directement concern\u00e9 de la situation en Guin\u00e9e. Quand Alpha Cond\u00e9 \u00e9tait en prison dans les ann\u00e9es 2000, j\u2019ai \u00e9t\u00e9 le seul artiste africain \u00e0 chanter sa lib\u00e9ration et, d\u2019ailleurs, c\u2019est ce morceau qui a permis que Alpha Cond\u00e9 soit connu dans son pays en tant qu\u2019opposant et d\u2019\u00eatre connu dans le reste de l\u2019Afrique. Et lorsque Alpha Cond\u00e9 devient pr\u00e9sident, il fait un premier mandat et un deuxi\u00e8me mandat et qu\u2019il fait tuer plus de 100 manifestants (\u2026), je me dis merde. J\u2019aurais pas d\u00fb chanter la lib\u00e9ration de ce monsieur. Donc je me sens concern\u00e9 \u00e0 chaque fois qu\u2019il y a des probl\u00e8mes dans le pays et qu\u2019il y a des jeunes qui sont tu\u00e9s. Et l\u00e0, j\u2019ai le regret. Et je ne pouvais pas rester sans soutenir ce groupe qui lutte pour une transition en Guin\u00e9e \u00bb,\u00a0<\/strong>a r\u00e9agi Tiken Jah Fakoly.<br \/>\nPlus loin, l\u2019artiste a indiqu\u00e9 que le pr\u00e9sident guin\u00e9en n\u2019est pas clair, comparativement \u00e0 des homologues de la sous-r\u00e9gion dans le cadre d\u2019un troisi\u00e8me mandat.\u00a0<strong>\u00ab En c\u00f4te d\u2019ivoire le pr\u00e9sident ivoirien a dit qu\u2019il ne fera pas de troisi\u00e8me mandat, au Nigeria le pr\u00e9sident Issoufou a dit la m\u00eame chose en Mauritanie. Le pr\u00e9sident qui \u00e9tait au pouvoir a dit qu\u2019il ne fera pas de troisi\u00e8me mandat et tout \u00e9tait clair. Mais en Guin\u00e9e le pr\u00e9sident Alpha Cond\u00e9 n\u2019est pas clair.<br \/>\nEt si ce n\u2019est pas clair, c\u2019est que Alpha Cond\u00e9 a des intentions et si on l\u2019arr\u00eate pas, il risque de faire un troisi\u00e8me mandat et ce ne sont pas seulement que des soup\u00e7ons. On sait que Alpha Cond\u00e9 compte y aller et on va s\u2019y opposer\u00a0<\/strong>\u00bb, a menac\u00e9 le reggaeman.<br \/>\n<strong>Seneweb.<\/strong><\/p>\n","protected":false},"excerpt":{"rendered":"<p>Le reggaeman ivoirien Tiken Jah Fakoly dans une interview accord\u00e9e a nos confr\u00e8res de DW Afrique, a r\u00e9it\u00e9r\u00e9 son opposition \u00e0 un 3e mandat du pr\u00e9sident Guin\u00e9en. R\u00e9pondant \u00e0 une question du journaliste sur la raison qui le pousse \u00e0 militer et \u00e0 soutenir le\u00a0Collectif pour une Transition en Guin\u00e9e (CTG), l\u2019artiste engag\u00e9 qui, dans [&hellip;]<\/p>\n","protected":false},"author":2,"featured_media":625,"comment_status":"open","ping_status":"open","sticky":false,"template":"","format":"standard","meta":{"_jetpack_memberships_contains_paid_content":false,"footnotes":""},"categories":[4,5,6],"tags":[],"class_list":["post-624","post","type-post","status-publish","format-standard","has-post-thumbnail","hentry","category-actu","category-politique","category-societe"],"jetpack_featured_media_url":"https:\/\/i0.wp.com\/liberationinfo.com\/wp-content\/uploads\/2020\/07\/calb13055alfffa_jpg.jpg?fit=636%2C424&ssl=1","jetpack-related-posts":[],"jetpack_sharing_enabled":true,"_links":{"self":[{"href":"https:\/\/liberationinfo.com\/index.php\/wp-json\/wp\/v2\/posts\/624","targetHints":{"allow":["GET"]}}],"collection":[{"href":"https:\/\/liberationinfo.com\/index.php\/wp-json\/wp\/v2\/posts"}],"about":[{"href":"https:\/\/liberationinfo.com\/index.php\/wp-json\/wp\/v2\/types\/post"}],"author":[{"embeddable":true,"href":"https:\/\/liberationinfo.com\/index.php\/wp-json\/wp\/v2\/users\/2"}],"replies":[{"embeddable":true,"href":"https:\/\/liberationinfo.com\/index.php\/wp-json\/wp\/v2\/comments?post=624"}],"version-history":[{"count":0,"href":"https:\/\/liberationinfo.com\/index.php\/wp-json\/wp\/v2\/posts\/624\/revisions"}],"wp:featuredmedia":[{"embeddable":true,"href":"https:\/\/liberationinfo.com\/index.php\/wp-json\/wp\/v2\/media\/625"}],"wp:attachment":[{"href":"https:\/\/liberationinfo.com\/index.php\/wp-json\/wp\/v2\/media?parent=624"}],"wp:term":[{"taxonomy":"category","embeddable":true,"href":"https:\/\/liberationinfo.com\/index.php\/wp-json\/wp\/v2\/categories?post=624"},{"taxonomy":"post_tag","embeddable":true,"href":"https:\/\/liberationinfo.com\/index.php\/wp-json\/wp\/v2\/tags?post=624"}],"curies":[{"name":"wp","href":"https:\/\/api.w.org\/{rel}","templated":true}]}}