{"id":6134,"date":"2021-03-30T16:36:44","date_gmt":"2021-03-30T15:36:44","guid":{"rendered":"https:\/\/liberationinfo.com\/?p=6134"},"modified":"2021-03-30T16:39:45","modified_gmt":"2021-03-30T15:39:45","slug":"cote-divoire-amadou-soumahoro-reconduit-a-la-tete-de-lassemblee-nationale","status":"publish","type":"post","link":"https:\/\/liberationinfo.com\/index.php\/cote-divoire-amadou-soumahoro-reconduit-a-la-tete-de-lassemblee-nationale\/","title":{"rendered":"C\u00f4te d\u2019Ivoire : Amadou Soumahoro reconduit \u00e0 la t\u00eate de l\u2019Assembl\u00e9e nationale"},"content":{"rendered":"<div class=\"entry-header\">\n<h1 class=\"jeg_post_title\"><\/h1>\n<\/div>\n<div class=\"jeg_ad jeg_article jnews_content_top_ads \">\n<div class=\"ads-wrapper \"><\/div>\n<\/div>\n<div class=\"entry-content no-share\">\n<div class=\"jeg_share_button share-float jeg_sticky_share clearfix share-monocrhome\">\n<div class=\"jeg_share_float_container\"><\/div>\n<\/div>\n<div class=\"content-inner \">\n<p class=\"lead\">Le pr\u00e9sident sortant de l\u2019Assembl\u00e9e nationale, Amadou Soumahoro, a \u00e9t\u00e9 reconduit dans ses fonctions, ce mardi 30 mars.<\/p>\n<p>&nbsp;<\/p>\n<p>Fin du suspense \u00e0 l\u2019Assembl\u00e9e nationale. R\u00e9unis ce mardi 30 mars, les d\u00e9put\u00e9s ivoiriens ont choisi de reconduire \u00e0 leur t\u00eate le pr\u00e9sident sortant,<a href=\"https:\/\/www.jeuneafrique.com\/1142087\/politique\/cote-divoire-bictogo-soumahoro-ouloto-qui-ouattara-va-t-il-choisir-pour-presider-lassemblee\/\">Amadou Soumahoro, qui avait un temps \u00e9t\u00e9 annonc\u00e9 sur le d\u00e9part en raison de probl\u00e8mes de sant\u00e9 mais qui avait fait savoir sa disponibilit\u00e9 pour un nouveau mandat<\/a>si le chef de l\u2019\u00c9tat, Alassane Ouattara, venait \u00e0 lui renouveler sa confiance. Au final, Amadou Soumahoro a \u00e9t\u00e9 \u00e9lu avec 63,97% des suffrages (soit 158 voix).<\/p>\n<p>&nbsp;<\/p>\n<p>Selon nos informations, Adama Bictogo avait un temps \u00e9t\u00e9 pressenti pour succ\u00e9der \u00e0 Soumahoro au perchoir. Cet homme influent, proche du pr\u00e9sident ivoirien, avait l\u2019avantage de conna\u00eetre le parti sur le bout des doigts et d\u2019avoir jou\u00e9 un r\u00f4le d\u00e9cisif dans la r\u00e9\u00e9lection d\u2019Alassane Ouattara en octobre dernier. Mais Soumahoro lui a finalement \u00e9t\u00e9 pr\u00e9f\u00e9r\u00e9. Le fait qu\u2019il soit originaire de S\u00e9gu\u00e9la (dans la r\u00e9gion du Worodougou), qui \u00e9tait aussi le fief d\u2019<a href=\"https:\/\/www.jeuneafrique.com\/1135071\/politique\/hamed-bakayoko-un-premier-ministre-ambitieux-et-prometteur-fauche-en-pleine-ascension\/\">Hamed Bakayoko, le Premier ministre d\u00e9c\u00e9d\u00e9 le 10 mars dernier<\/a>, n\u2019y est pas \u00e9tranger. Bictogo pourrait n\u00e9anmoins \u00eatre amen\u00e9 \u00e0 jouer un r\u00f4le important au sein de l\u2019Assembl\u00e9e.<\/p>\n<p>&nbsp;<\/p>\n<p>Tout s\u2019est jou\u00e9 mardi en fin de journ\u00e9e, quand les d\u00e9put\u00e9s Rassemblement des houphou\u00ebtistes pour la d\u00e9mocratie et la paix (RHDP) ont \u00e9t\u00e9 re\u00e7us au palais par le chef de l\u2019\u00c9tat. C\u2019est en effet \u00e0 l\u2019issue de cette rencontre qu\u2019un consensus a \u00e9t\u00e9 trouv\u00e9.<\/p>\n<p>&nbsp;<\/p>\n<p>Outre le sortant, trois candidats avaient officiellement fait acte de candidature : Mariam Traor\u00e9 (\u00e9lue \u00e0 Tengrela) et Konate Vassiriki (\u00e9lu \u00e0 S\u00e9guelon-Gbongaha), qui comme Soumahoro appartiennent au RHDP, mais aussi Eliane N\u2019Zi Nda Affou\u00e9, qui briguait le perchoir pour le compte du Parti d\u00e9mocratique de C\u00f4te d\u2019Ivoire (PDCI, d\u2019Henri Konan B\u00e9di\u00e9). Mais juste avant que les d\u00e9put\u00e9s ne passent au vote, Mariam Traor\u00e9 et Konate Vassiriki avaient retir\u00e9 leur candidature.<\/p>\n<p>&nbsp;<\/p>\n<p>La composition du bureau de la nouvelle Assembl\u00e9e devrait \u00eatre connue dans les prochains jours.<\/p>\n<p>&nbsp;<\/p>\n<p><strong>Avec Jeuneafrique<\/strong><\/p>\n<\/div>\n<\/div>\n","protected":false},"excerpt":{"rendered":"<p>Le pr\u00e9sident sortant de l\u2019Assembl\u00e9e nationale, Amadou Soumahoro, a \u00e9t\u00e9 reconduit dans ses fonctions, ce mardi 30 mars. &nbsp; Fin du suspense \u00e0 l\u2019Assembl\u00e9e nationale. R\u00e9unis ce mardi 30 mars, les d\u00e9put\u00e9s ivoiriens ont choisi de reconduire \u00e0 leur t\u00eate le pr\u00e9sident sortant,Amadou Soumahoro, qui avait un temps \u00e9t\u00e9 annonc\u00e9 sur le d\u00e9part en raison [&hellip;]<\/p>\n","protected":false},"author":2,"featured_media":6136,"comment_status":"open","ping_status":"open","sticky":false,"template":"","format":"standard","meta":{"_jetpack_memberships_contains_paid_content":false,"footnotes":""},"categories":[4],"tags":[],"class_list":["post-6134","post","type-post","status-publish","format-standard","has-post-thumbnail","hentry","category-actu"],"jetpack_featured_media_url":"https:\/\/i0.wp.com\/liberationinfo.com\/wp-content\/uploads\/2021\/03\/Amadou-Soumahoro-360x180-1.jpg?fit=360%2C180&ssl=1","jetpack-related-posts":[],"jetpack_sharing_enabled":true,"_links":{"self":[{"href":"https:\/\/liberationinfo.com\/index.php\/wp-json\/wp\/v2\/posts\/6134","targetHints":{"allow":["GET"]}}],"collection":[{"href":"https:\/\/liberationinfo.com\/index.php\/wp-json\/wp\/v2\/posts"}],"about":[{"href":"https:\/\/liberationinfo.com\/index.php\/wp-json\/wp\/v2\/types\/post"}],"author":[{"embeddable":true,"href":"https:\/\/liberationinfo.com\/index.php\/wp-json\/wp\/v2\/users\/2"}],"replies":[{"embeddable":true,"href":"https:\/\/liberationinfo.com\/index.php\/wp-json\/wp\/v2\/comments?post=6134"}],"version-history":[{"count":0,"href":"https:\/\/liberationinfo.com\/index.php\/wp-json\/wp\/v2\/posts\/6134\/revisions"}],"wp:featuredmedia":[{"embeddable":true,"href":"https:\/\/liberationinfo.com\/index.php\/wp-json\/wp\/v2\/media\/6136"}],"wp:attachment":[{"href":"https:\/\/liberationinfo.com\/index.php\/wp-json\/wp\/v2\/media?parent=6134"}],"wp:term":[{"taxonomy":"category","embeddable":true,"href":"https:\/\/liberationinfo.com\/index.php\/wp-json\/wp\/v2\/categories?post=6134"},{"taxonomy":"post_tag","embeddable":true,"href":"https:\/\/liberationinfo.com\/index.php\/wp-json\/wp\/v2\/tags?post=6134"}],"curies":[{"name":"wp","href":"https:\/\/api.w.org\/{rel}","templated":true}]}}