{"id":6070,"date":"2021-03-28T19:16:14","date_gmt":"2021-03-28T18:16:14","guid":{"rendered":"https:\/\/liberationinfo.com\/?p=6070"},"modified":"2021-03-28T19:16:14","modified_gmt":"2021-03-28T18:16:14","slug":"alpha-conde-sen-prend-a-macky-sall-tous-ceux-qui-nous-insultent-et-veulent-que-la-guinee-brule-le-font-a-partir-de-dakar","status":"publish","type":"post","link":"https:\/\/liberationinfo.com\/index.php\/alpha-conde-sen-prend-a-macky-sall-tous-ceux-qui-nous-insultent-et-veulent-que-la-guinee-brule-le-font-a-partir-de-dakar\/","title":{"rendered":"Alpha Cond\u00e9 s\u2019en prend \u00e0 Macky Sall : \u201ctous ceux qui nous insultent et veulent que la Guin\u00e9e br\u00fble le font \u00e0 partir de Dakar\u201d"},"content":{"rendered":"<div class=\"entry-header clearfix\">\n<header class=\"entry-header-title\">\n<h1 class=\"entry-title\"><\/h1>\n<\/header>\n<\/div>\n<div class=\"row single-main-content\">\n<div class=\"main-content content-right col-sx-12 col-sm-12 col-md-9 col-lg-9\">\n<div class=\"content-inner\">\n<div class=\"box box-article\">\n<article id=\"post-149842\" class=\"post-149842 post type-post status-publish format-standard has-post-thumbnail hentry category-la-une\">\n<div class=\"entry-content clearfix\">\n<div class=\"entry-content-inner padding-left\">\n<div class=\"pf-content\">\n<p>On en sait d\u00e9sormais sur les vraies raisons de la fermeture des fronti\u00e8res guin\u00e9ennes avec le S\u00e9n\u00e9gal. En d\u00e9placement, dimanche, Torm\u00e9lin, dans Fria, ville mini\u00e8re, le pr\u00e9sident Alpha Cond\u00e9 a indiqu\u00e9 qu\u2019un vaste complot visait la Guin\u00e9e \u00e0 la veille des derni\u00e8res consultations \u00e9lectorales.<\/p>\n<p>Il d\u00e9clare que beaucoup voulaient que la Guin\u00e9e br\u00fble. Mais, \u201cDieu ne dort pas\u201d.<\/p>\n<div class=\"code-block code-block-2\"><\/div>\n<p>\u201d (\u2026) Plusieurs personnes ont dit de ne pas faire cette \u00e9lection. Comment est-ce que j\u2019ai su qu\u2019il y avait de la tra\u00eetrise derri\u00e8re ? Je ne veux pas le dire car si je le dis, vous fuirez la Guin\u00e9e (Rires). Mais Dieu est l\u00e0. Ils ont dit que la Guin\u00e9e br\u00fblerait mais la Guin\u00e9e n\u2019a pas br\u00fbl\u00e9. Nous voil\u00e0 aujourd\u2019hui, le pays est en paix. Comme Dieu ne dort pas, ceux qui voulaient que la Guin\u00e9e br\u00fble, nous tous voyons ce qui se passe chez eux. Ce qui veut dire que Dieu ne dort pas. Moi, je ne me querelle avec personne, pas un seul jour depuis que j\u2019ai \u00e9t\u00e9 \u00e9lu pr\u00e9sident, aucun opposant n\u2019est venu \u00e0 Conakry pour diffamer le gouvernement. \u00c7a je ne l\u2019accepte pas. Mais tout le monde sait, tous ceux qui nous insultent, tous ces cris de \u201d la Guin\u00e9e va br\u00fbler\u201d, tout se fait \u00e0 Dakar. Tout le monde le sait, mais Dieu est l\u00e0. Donc j\u2019en suis s\u00fbr quand la Guin\u00e9e commencera \u00e0 aller de l\u2019avant, je l\u2019ai dit dans le journal Jeune Afrique, d\u2019ici quelques ann\u00e9es seul le Nigeria sera devant nous en Afrique de l\u2019Ouest. Cela ne pla\u00eet pas \u00e0 nombreux de nos voisins car ils veulent que la Guin\u00e9e reste toujours derri\u00e8re mais nous irons de l\u2019avant\u201d, assure-t-il en langue nationale soussou.<\/p>\n<p>La Guin\u00e9e, depuis son ind\u00e9pendance en 1958, a toujours eu des relations parfois tr\u00e8s difficiles avec son voisin le S\u00e9n\u00e9gal. D\u2019abord, le pr\u00e9sident S\u00e9kou Tour\u00e9 et L\u00e9opold S\u00e9dar Senghor, ensuite Lansana Cont\u00e9 et Abdou Diouf et maintenant Alpha Cond\u00e9 et Macky Sall.<\/p>\n<p><strong>Mediaguinee.com <\/strong><\/p>\n<\/div>\n<\/div>\n<\/div>\n<\/article>\n<\/div>\n<\/div>\n<\/div>\n<\/div>\n","protected":false},"excerpt":{"rendered":"<p>On en sait d\u00e9sormais sur les vraies raisons de la fermeture des fronti\u00e8res guin\u00e9ennes avec le S\u00e9n\u00e9gal. En d\u00e9placement, dimanche, Torm\u00e9lin, dans Fria, ville mini\u00e8re, le pr\u00e9sident Alpha Cond\u00e9 a indiqu\u00e9 qu\u2019un vaste complot visait la Guin\u00e9e \u00e0 la veille des derni\u00e8res consultations \u00e9lectorales. Il d\u00e9clare que beaucoup voulaient que la Guin\u00e9e br\u00fble. Mais, \u201cDieu [&hellip;]<\/p>\n","protected":false},"author":2,"featured_media":6071,"comment_status":"open","ping_status":"open","sticky":false,"template":"","format":"standard","meta":{"_jetpack_memberships_contains_paid_content":false,"footnotes":""},"categories":[4,5],"tags":[],"class_list":["post-6070","post","type-post","status-publish","format-standard","has-post-thumbnail","hentry","category-actu","category-politique"],"jetpack_featured_media_url":"https:\/\/i0.wp.com\/liberationinfo.com\/wp-content\/uploads\/2021\/03\/alpha_conde_macky_sall.jpg?fit=696%2C398&ssl=1","jetpack-related-posts":[],"jetpack_sharing_enabled":true,"_links":{"self":[{"href":"https:\/\/liberationinfo.com\/index.php\/wp-json\/wp\/v2\/posts\/6070","targetHints":{"allow":["GET"]}}],"collection":[{"href":"https:\/\/liberationinfo.com\/index.php\/wp-json\/wp\/v2\/posts"}],"about":[{"href":"https:\/\/liberationinfo.com\/index.php\/wp-json\/wp\/v2\/types\/post"}],"author":[{"embeddable":true,"href":"https:\/\/liberationinfo.com\/index.php\/wp-json\/wp\/v2\/users\/2"}],"replies":[{"embeddable":true,"href":"https:\/\/liberationinfo.com\/index.php\/wp-json\/wp\/v2\/comments?post=6070"}],"version-history":[{"count":0,"href":"https:\/\/liberationinfo.com\/index.php\/wp-json\/wp\/v2\/posts\/6070\/revisions"}],"wp:featuredmedia":[{"embeddable":true,"href":"https:\/\/liberationinfo.com\/index.php\/wp-json\/wp\/v2\/media\/6071"}],"wp:attachment":[{"href":"https:\/\/liberationinfo.com\/index.php\/wp-json\/wp\/v2\/media?parent=6070"}],"wp:term":[{"taxonomy":"category","embeddable":true,"href":"https:\/\/liberationinfo.com\/index.php\/wp-json\/wp\/v2\/categories?post=6070"},{"taxonomy":"post_tag","embeddable":true,"href":"https:\/\/liberationinfo.com\/index.php\/wp-json\/wp\/v2\/tags?post=6070"}],"curies":[{"name":"wp","href":"https:\/\/api.w.org\/{rel}","templated":true}]}}