{"id":5682,"date":"2021-03-14T14:28:14","date_gmt":"2021-03-14T13:28:14","guid":{"rendered":"https:\/\/liberationinfo.com\/?p=5682"},"modified":"2021-03-14T14:37:03","modified_gmt":"2021-03-14T13:37:03","slug":"tchad-les-medias-prives-menacent-de-se-retirer-de-la-couverture-mediatique-de-la-campagne-presidentielle","status":"publish","type":"post","link":"https:\/\/liberationinfo.com\/index.php\/tchad-les-medias-prives-menacent-de-se-retirer-de-la-couverture-mediatique-de-la-campagne-presidentielle\/","title":{"rendered":"Tchad : les m\u00e9dias priv\u00e9s menacent de se retirer de la couverture m\u00e9diatique de la campagne pr\u00e9sidentielle"},"content":{"rendered":"<div class=\"entry-header\">\n<h1 class=\"jeg_post_title\"><\/h1>\n<div class=\"jeg_meta_container\">\n<div class=\"jeg_post_meta jeg_post_meta_1\">\n<div class=\"meta_right\"><\/div>\n<\/div>\n<\/div>\n<\/div>\n<div class=\"jeg_featured featured_image\">\n<div class=\"thumbnail-container animate-lazy\"><img data-recalc-dims=\"1\" decoding=\"async\" class=\"attachment-jnews-750x375 size-jnews-750x375 lazyload wp-post-image\" src=\"https:\/\/i0.wp.com\/mosaiqueguinee.com\/wp-content\/themes\/jnews\/assets\/img\/jeg-empty.png?w=696&#038;ssl=1\" alt=\"Tchad: le titre de mar\u00e9chal d\u00e9cern\u00e9 \u00e0 Idriss D\u00e9by le jour des 60 ans de l\u2019ind\u00e9pendance\" \/><\/div>\n<\/div>\n<div class=\"jeg_share_top_container\">\n<div class=\"jeg_share_button clearfix\">\n<div class=\"jeg_share_stats\"><\/div>\n<div class=\"jeg_sharelist\"><\/div>\n<\/div>\n<\/div>\n<div class=\"jeg_ad jeg_article jnews_content_top_ads \">\n<div class=\"ads-wrapper \"><\/div>\n<\/div>\n<div class=\"entry-content no-share\">\n<div class=\"jeg_share_button share-float jeg_sticky_share clearfix share-monocrhome\">\n<div class=\"jeg_share_float_container\"><\/div>\n<\/div>\n<div class=\"content-inner \">\n<p>Au Tchad, les m\u00e9dias priv\u00e9s menacent de se retirer de la couverture m\u00e9diatique de la campagne pr\u00e9sidentielle si rien n\u2019est fait dans un d\u00e9lai de 48 heures. Et pour cause, le fond d\u2019aide \u00e0 la presse n\u2019aurait pas \u00e9t\u00e9 pay\u00e9, pas d\u2019appui aux m\u00e9dias depuis 72 heures apr\u00e8s le lancement de ladite campagne pr\u00e9sidentielle ont-ils mentionn\u00e9 dans leur plateforme revendicative.<\/p>\n<p>&nbsp;<\/p>\n<p><strong>Ci-dessous communiqu\u00e9 des m\u00e9dias priv\u00e9s tchadien :<\/strong><\/p>\n<p>&nbsp;<\/p>\n<p><img data-recalc-dims=\"1\" decoding=\"async\" class=\"wp-image-191822 size-full\" src=\"https:\/\/i0.wp.com\/mosaiqueguinee.com\/wp-content\/uploads\/2021\/03\/tchad-medias.jpeg?w=696&#038;ssl=1\" srcset=\"https:\/\/mosaiqueguinee.com\/wp-content\/uploads\/2021\/03\/tchad-medias.jpeg 730w, https:\/\/mosaiqueguinee.com\/wp-content\/uploads\/2021\/03\/tchad-medias-203x300.jpeg 203w, https:\/\/mosaiqueguinee.com\/wp-content\/uploads\/2021\/03\/tchad-medias-692x1024.jpeg 692w\" alt=\"\" \/><\/p>\n<div id=\"taboola-below-article\" class=\" trc_related_container trc_spotlight_widget tbl-feed-container tbl-feed-partial-width tbl-feed-frame-DIVIDER render-late-effect\">\n<div class=\" tbl-feed-header tbl-logo-right-position\">\n<div class=\"tbl-feed-header-logo\"><\/div>\n<\/div>\n<\/div>\n<\/div>\n<\/div>\n","protected":false},"excerpt":{"rendered":"<p>Au Tchad, les m\u00e9dias priv\u00e9s menacent de se retirer de la couverture m\u00e9diatique de la campagne pr\u00e9sidentielle si rien n\u2019est fait dans un d\u00e9lai de 48 heures. Et pour cause, le fond d\u2019aide \u00e0 la presse n\u2019aurait pas \u00e9t\u00e9 pay\u00e9, pas d\u2019appui aux m\u00e9dias depuis 72 heures apr\u00e8s le lancement de ladite campagne pr\u00e9sidentielle ont-ils [&hellip;]<\/p>\n","protected":false},"author":2,"featured_media":5684,"comment_status":"open","ping_status":"open","sticky":false,"template":"","format":"standard","meta":{"_jetpack_memberships_contains_paid_content":false,"footnotes":""},"categories":[4,5,6],"tags":[],"class_list":["post-5682","post","type-post","status-publish","format-standard","has-post-thumbnail","hentry","category-actu","category-politique","category-societe"],"jetpack_featured_media_url":"https:\/\/i0.wp.com\/liberationinfo.com\/wp-content\/uploads\/2021\/03\/52163074-39852761.jpg?fit=1080%2C719&ssl=1","jetpack-related-posts":[],"jetpack_sharing_enabled":true,"_links":{"self":[{"href":"https:\/\/liberationinfo.com\/index.php\/wp-json\/wp\/v2\/posts\/5682","targetHints":{"allow":["GET"]}}],"collection":[{"href":"https:\/\/liberationinfo.com\/index.php\/wp-json\/wp\/v2\/posts"}],"about":[{"href":"https:\/\/liberationinfo.com\/index.php\/wp-json\/wp\/v2\/types\/post"}],"author":[{"embeddable":true,"href":"https:\/\/liberationinfo.com\/index.php\/wp-json\/wp\/v2\/users\/2"}],"replies":[{"embeddable":true,"href":"https:\/\/liberationinfo.com\/index.php\/wp-json\/wp\/v2\/comments?post=5682"}],"version-history":[{"count":0,"href":"https:\/\/liberationinfo.com\/index.php\/wp-json\/wp\/v2\/posts\/5682\/revisions"}],"wp:featuredmedia":[{"embeddable":true,"href":"https:\/\/liberationinfo.com\/index.php\/wp-json\/wp\/v2\/media\/5684"}],"wp:attachment":[{"href":"https:\/\/liberationinfo.com\/index.php\/wp-json\/wp\/v2\/media?parent=5682"}],"wp:term":[{"taxonomy":"category","embeddable":true,"href":"https:\/\/liberationinfo.com\/index.php\/wp-json\/wp\/v2\/categories?post=5682"},{"taxonomy":"post_tag","embeddable":true,"href":"https:\/\/liberationinfo.com\/index.php\/wp-json\/wp\/v2\/tags?post=5682"}],"curies":[{"name":"wp","href":"https:\/\/api.w.org\/{rel}","templated":true}]}}