{"id":5467,"date":"2021-03-08T08:28:09","date_gmt":"2021-03-08T07:28:09","guid":{"rendered":"https:\/\/liberationinfo.com\/?p=5467"},"modified":"2021-03-08T08:28:09","modified_gmt":"2021-03-08T07:28:09","slug":"fete-des-femmes-la-nation-compte-sur-vous-braves-femmes-de-guinee-alpha-conde","status":"publish","type":"post","link":"https:\/\/liberationinfo.com\/index.php\/fete-des-femmes-la-nation-compte-sur-vous-braves-femmes-de-guinee-alpha-conde\/","title":{"rendered":"F\u00eate des femmes : \u201cLa nation compte sur vous, braves femmes de Guin\u00e9e  \u201d (Alpha Cond\u00e9)"},"content":{"rendered":"<div class=\"jeg_breadcrumbs jeg_breadcrumb_container\">\n<div id=\"breadcrumbs\"><\/div>\n<\/div>\n<div class=\"entry-header\">\n<div class=\"jeg_meta_container\">\n<div class=\"jeg_post_meta jeg_post_meta_1\">\n<div class=\"meta_right\"><\/div>\n<\/div>\n<\/div>\n<\/div>\n<div class=\"jeg_featured featured_image\">\n<div class=\"thumbnail-container animate-lazy\"><\/div>\n<\/div>\n<div class=\"jeg_share_top_container\">\n<div class=\"jeg_share_button clearfix\">\n<div class=\"jeg_share_stats\"><\/div>\n<div class=\"jeg_sharelist\"><\/div>\n<\/div>\n<\/div>\n<div class=\"jeg_ad jeg_article jnews_content_top_ads \">\n<div class=\"ads-wrapper \"><\/div>\n<\/div>\n<div class=\"entry-content no-share\">\n<div class=\"jeg_share_button share-float jeg_sticky_share clearfix share-monocrhome\">\n<div class=\"jeg_share_float_container\"><\/div>\n<\/div>\n<div class=\"content-inner \">\n<p>&nbsp;<\/p>\n<p><strong>Le 08 mars est la f\u00eate internationale des droits des femmes, le pr\u00e9sident de la R\u00e9publique professeur, Alpha Cond\u00e9 a rendu un vibrant hommage aux femmes guin\u00e9ennes \u00e0 travers son compte Facebook. Report\u00e9e pour cause de pand\u00e9mie de Covid19 et de la\u00a0 r\u00e9surgence de la maladie \u00e0 fi\u00e8vre h\u00e9morragique \u00e0 virus Ebola, le chef de l&rsquo;\u00e9tat a pris il y&rsquo;a quelques jours des mesures de restrictions pour freiner ces deux pand\u00e9mies. <\/strong><\/p>\n<p><strong>Alpha Cond\u00e9 s&rsquo;engage \u00e0 faire respecter les droits de celles-ci et ainsi que leur \u00e9panouissement.\u00a0 <\/strong><\/p>\n<div class=\"jeg_ad jeg_ad_article jnews_content_inline_ads \">\n<div class=\"ads-wrapper align-center \">\n<div class=\"ads_code\"><ins class=\"adsbygoogle\" data-ad-client=\"ca-pub-1870189416508001\" data-ad-slot=\"5141807392\" data-ad-format=\"auto\" data-full-width-responsive=\"true\" data-adsbygoogle-status=\"done\"><ins id=\"aswift_1_expand\" title=\"Advertisement\" aria-label=\"Advertisement\"><ins id=\"aswift_1_anchor\"><\/ins><\/ins><\/ins><\/div>\n<\/div>\n<\/div>\n<p><em>\u201d 8Mars: Vous \u00eates \u00e0 c\u00e9l\u00e9brer, car vous \u00eates la vie! Le gouvernement continuera \u00e0 s\u2019investir pour faire respecter tous vos droits et mettre en \u0153uvre les politiques permettant votre plein \u00e9panouissement. La Nation compte sur vous, braves femmes de Guin\u00e9e! #Bonne_f\u00eate En respectant les gestes barri\u00e8res\u201d<\/em>, a-t-il mentionn\u00e9 ce 8 mars 2021 sur le r\u00e9seaux social Facebook.<\/p>\n<p>Lib\u00e9rationinfos.com<\/p>\n<p>&nbsp;<\/p>\n<\/div>\n<\/div>\n","protected":false},"excerpt":{"rendered":"<p>&nbsp; Le 08 mars est la f\u00eate internationale des droits des femmes, le pr\u00e9sident de la R\u00e9publique professeur, Alpha Cond\u00e9 a rendu un vibrant hommage aux femmes guin\u00e9ennes \u00e0 travers son compte Facebook. Report\u00e9e pour cause de pand\u00e9mie de Covid19 et de la\u00a0 r\u00e9surgence de la maladie \u00e0 fi\u00e8vre h\u00e9morragique \u00e0 virus Ebola, le chef [&hellip;]<\/p>\n","protected":false},"author":2,"featured_media":5468,"comment_status":"open","ping_status":"open","sticky":false,"template":"","format":"standard","meta":{"_jetpack_memberships_contains_paid_content":false,"footnotes":""},"categories":[4,5,6],"tags":[],"class_list":["post-5467","post","type-post","status-publish","format-standard","has-post-thumbnail","hentry","category-actu","category-politique","category-societe"],"jetpack_featured_media_url":"https:\/\/i0.wp.com\/liberationinfo.com\/wp-content\/uploads\/2021\/03\/FB_IMG_16151869094840471.jpg?fit=720%2C553&ssl=1","jetpack-related-posts":[],"jetpack_sharing_enabled":true,"_links":{"self":[{"href":"https:\/\/liberationinfo.com\/index.php\/wp-json\/wp\/v2\/posts\/5467","targetHints":{"allow":["GET"]}}],"collection":[{"href":"https:\/\/liberationinfo.com\/index.php\/wp-json\/wp\/v2\/posts"}],"about":[{"href":"https:\/\/liberationinfo.com\/index.php\/wp-json\/wp\/v2\/types\/post"}],"author":[{"embeddable":true,"href":"https:\/\/liberationinfo.com\/index.php\/wp-json\/wp\/v2\/users\/2"}],"replies":[{"embeddable":true,"href":"https:\/\/liberationinfo.com\/index.php\/wp-json\/wp\/v2\/comments?post=5467"}],"version-history":[{"count":0,"href":"https:\/\/liberationinfo.com\/index.php\/wp-json\/wp\/v2\/posts\/5467\/revisions"}],"wp:featuredmedia":[{"embeddable":true,"href":"https:\/\/liberationinfo.com\/index.php\/wp-json\/wp\/v2\/media\/5468"}],"wp:attachment":[{"href":"https:\/\/liberationinfo.com\/index.php\/wp-json\/wp\/v2\/media?parent=5467"}],"wp:term":[{"taxonomy":"category","embeddable":true,"href":"https:\/\/liberationinfo.com\/index.php\/wp-json\/wp\/v2\/categories?post=5467"},{"taxonomy":"post_tag","embeddable":true,"href":"https:\/\/liberationinfo.com\/index.php\/wp-json\/wp\/v2\/tags?post=5467"}],"curies":[{"name":"wp","href":"https:\/\/api.w.org\/{rel}","templated":true}]}}