{"id":533,"date":"2020-07-14T09:07:22","date_gmt":"2020-07-14T08:07:22","guid":{"rendered":"http:\/\/liberationinfo.com\/?p=533"},"modified":"2020-07-14T15:19:43","modified_gmt":"2020-07-14T14:19:43","slug":"mme-kadiatou-aminatou-bah-nouvelle-daaf-du-ministere-de-la-sante-installee-ses-nouvelles-fonctionsquitte-lagriculture-sur-une-note-positive","status":"publish","type":"post","link":"https:\/\/liberationinfo.com\/index.php\/mme-kadiatou-aminatou-bah-nouvelle-daaf-du-ministere-de-la-sante-installee-ses-nouvelles-fonctionsquitte-lagriculture-sur-une-note-positive\/","title":{"rendered":"Mme Kadiatou Aminatou Bah, nouvelle DAAF du minist\u00e8re de la sant\u00e9, install\u00e9e dans  ses nouvelles fonctions."},"content":{"rendered":"<p>Apr\u00e8s deux ann\u00e9es pass\u00e9es au minist\u00e8re de l\u2019agriculture comme Chef de Division des Affaires Financi\u00e8res (DAAF), Mme Kadiatou Aminatou Bah, r\u00e9cemment nomm\u00e9e dans les m\u00eames fonctions au minist\u00e8re de la sant\u00e9, a pass\u00e9 la main ce lundi 13 juillet 2020 \u00e0 son successeur, Ali Badra Cond\u00e9.<\/p>\n<p>La c\u00e9r\u00e9monie s\u2019est d\u00e9roul\u00e9e dans les locaux du minist\u00e8re de l\u2019agriculture.<\/p>\n<p>Dans son discours de circonstance, la DAAF sortante dit n\u2019avoir gard\u00e9 que de bons souvenirs de ce d\u00e9partement.<\/p>\n<div class=\"jeg_ad jeg_ad_article jnews_content_inline_ads \">\n<div class=\"ads-wrapper align-center \">\n<div class=\"ads_code\"><\/div>\n<\/div>\n<\/div>\n<p><img data-recalc-dims=\"1\" decoding=\"async\" class=\"aligncenter wp-image-163286 size-full\" src=\"https:\/\/i0.wp.com\/mosaiqueguinee.com\/wp-content\/uploads\/2020\/07\/Kad-4.jpg?w=696\" srcset=\"http:\/\/mosaiqueguinee.com\/wp-content\/uploads\/2020\/07\/Kad-4.jpg 699w, http:\/\/mosaiqueguinee.com\/wp-content\/uploads\/2020\/07\/Kad-4-300x226.jpg 300w\" alt=\"\" \/><\/p>\n<p>\u00ab\u00a0<em>Par ces quelques mots, je voudrais tr\u00e8s humblement rendre un vibrant hommage \u00e0 tous les travailleurs du d\u00e9partement de l\u2019Agriculture avec \u00e0 sa t\u00eate Madame la Ministre Hadja Mariama CAMARA.<\/em><\/p>\n<p><em>Nomm\u00e9e par Monsieur le Ministre du Budget en 2018 comme Chef de Division des Affaires Financi\u00e8res du Minist\u00e8re de l\u2019Agriculture, je quitte ce jour notre beau D\u00e9partement, la t\u00eate pleine de positifs souvenirs professionnels<\/em>\u00a0\u00bb, a d\u00e9clar\u00e9 Mme Bah Kadiatou Aminatou Bah qui sert d\u00e9sormais au minist\u00e8re de la Sant\u00e9.<\/p>\n<p>Avant de souhaiter bon vent \u00e0 son successeur Ali Badra Cond\u00e9 dans ses nouvelles fonctions, dame Kadiatou a profit\u00e9 de l\u2019occasion pour pr\u00e9senter ses excuses \u00e0 tous ceux qu\u2019elle estime avoir offens\u00e9s sciemment ou inconsciemment dans l\u2019exercice de ses fonctions.<\/p>\n<p>La c\u00e9r\u00e9monie s\u2019est sold\u00e9e par son installation dans les fonctions de DAAF, au minist\u00e8re de la Sant\u00e9.<\/p>\n<p>&nbsp;<\/p>\n<p><img data-recalc-dims=\"1\" decoding=\"async\" class=\"aligncenter wp-image-163304 size-full\" src=\"https:\/\/i0.wp.com\/mosaiqueguinee.com\/wp-content\/uploads\/2020\/07\/Kad-6-1.jpg?w=696\" srcset=\"http:\/\/mosaiqueguinee.com\/wp-content\/uploads\/2020\/07\/Kad-6-1.jpg 699w, http:\/\/mosaiqueguinee.com\/wp-content\/uploads\/2020\/07\/Kad-6-1-300x191.jpg 300w\" alt=\"\" \/><\/p>\n<p>Par contre, le porte-parole des travailleurs du ministe\u0300re de l\u2019agriculture a , au nom de ses colle\u0300gues, fait une mention spe\u0301ciale a\u0300 l\u2019endroit de la DAF sortante madame Bah Kadiatou Bah qui durant son se\u0301jour n\u2019a me\u0301nage\u0301 aucun effort pour s\u2019occuper, a\u0300 la mesure de ses possibilite\u0301s, de ses colle\u0300gues du de\u0301partement en l\u2019accueil, les doux mots et le traitement mate\u0301riel.<\/p>\n<div class=\"jeg_ad jeg_ad_article jnews_content_inline_ads \">\n<div class=\"ads-wrapper align-center \">\n<div class=\"ads_code\"><\/div>\n<\/div>\n<\/div>\n<p>Face a\u0300 la teneur et a\u0300 la porte\u0301e des remerciements de ses colle\u0300gues qu\u2019elle va devoir quitter pour le<\/p>\n<p>Ministe\u0300re de la sante\u0301, madame Bah Kadiatou Bah e\u0301mue n\u2019a pu contenir ses larmes lorsqu\u2019elle a vue les travailleurs pleurer .<\/p>\n<p>Pour rassurer les unes et les autres madame Bah Kadiatou Bah, la DAF sortante a dit ceci : \u00ab<em>Pour ma part , je ne vous oublierai jamais dans ma vie professionnelle et je ne manquerai pas de venir vous voir, de temps a\u0300 autres en fonction de mes disponibilite\u0301s , pour vous donner des nouvelles de moi<\/em>\u00bb. a t-elle conclut!<\/p>\n<p>La ceremonie s&rsquo;est sold\u00e9e \u00e0 son installation dans les fonctions de DAAF\u00a0 au minist\u00e8re de la sante.<\/p>\n<p>Mohamed camara<\/p>\n<p>621 50 18 47<\/p>\n","protected":false},"excerpt":{"rendered":"<p>Apr\u00e8s deux ann\u00e9es pass\u00e9es au minist\u00e8re de l\u2019agriculture comme Chef de Division des Affaires Financi\u00e8res (DAAF), Mme Kadiatou Aminatou Bah, r\u00e9cemment nomm\u00e9e dans les m\u00eames fonctions au minist\u00e8re de la sant\u00e9, a pass\u00e9 la main ce lundi 13 juillet 2020 \u00e0 son successeur, Ali Badra Cond\u00e9. La c\u00e9r\u00e9monie s\u2019est d\u00e9roul\u00e9e dans les locaux du minist\u00e8re [&hellip;]<\/p>\n","protected":false},"author":2,"featured_media":534,"comment_status":"open","ping_status":"open","sticky":false,"template":"","format":"standard","meta":{"_jetpack_memberships_contains_paid_content":false,"footnotes":""},"categories":[4,5,6],"tags":[],"class_list":["post-533","post","type-post","status-publish","format-standard","has-post-thumbnail","hentry","category-actu","category-politique","category-societe"],"jetpack_featured_media_url":"https:\/\/i0.wp.com\/liberationinfo.com\/wp-content\/uploads\/2020\/07\/Kad-5-695x375-1.jpg?fit=695%2C375&ssl=1","jetpack-related-posts":[],"jetpack_sharing_enabled":true,"_links":{"self":[{"href":"https:\/\/liberationinfo.com\/index.php\/wp-json\/wp\/v2\/posts\/533","targetHints":{"allow":["GET"]}}],"collection":[{"href":"https:\/\/liberationinfo.com\/index.php\/wp-json\/wp\/v2\/posts"}],"about":[{"href":"https:\/\/liberationinfo.com\/index.php\/wp-json\/wp\/v2\/types\/post"}],"author":[{"embeddable":true,"href":"https:\/\/liberationinfo.com\/index.php\/wp-json\/wp\/v2\/users\/2"}],"replies":[{"embeddable":true,"href":"https:\/\/liberationinfo.com\/index.php\/wp-json\/wp\/v2\/comments?post=533"}],"version-history":[{"count":0,"href":"https:\/\/liberationinfo.com\/index.php\/wp-json\/wp\/v2\/posts\/533\/revisions"}],"wp:featuredmedia":[{"embeddable":true,"href":"https:\/\/liberationinfo.com\/index.php\/wp-json\/wp\/v2\/media\/534"}],"wp:attachment":[{"href":"https:\/\/liberationinfo.com\/index.php\/wp-json\/wp\/v2\/media?parent=533"}],"wp:term":[{"taxonomy":"category","embeddable":true,"href":"https:\/\/liberationinfo.com\/index.php\/wp-json\/wp\/v2\/categories?post=533"},{"taxonomy":"post_tag","embeddable":true,"href":"https:\/\/liberationinfo.com\/index.php\/wp-json\/wp\/v2\/tags?post=533"}],"curies":[{"name":"wp","href":"https:\/\/api.w.org\/{rel}","templated":true}]}}