{"id":5236,"date":"2021-03-02T20:39:06","date_gmt":"2021-03-02T19:39:06","guid":{"rendered":"https:\/\/liberationinfo.com\/?p=5236"},"modified":"2021-03-02T20:43:07","modified_gmt":"2021-03-02T19:43:07","slug":"mamadou-sylla-satisfait-de-la-rencontre-avec-le-president-conde-on-a-aussi-parle-de-la-fermeture-des-frontieres-et-des-opposants-detenus","status":"publish","type":"post","link":"https:\/\/liberationinfo.com\/index.php\/mamadou-sylla-satisfait-de-la-rencontre-avec-le-president-conde-on-a-aussi-parle-de-la-fermeture-des-frontieres-et-des-opposants-detenus\/","title":{"rendered":"Mamadou Sylla, satisfait de la rencontre avec le pr\u00e9sident Cond\u00e9: \u00a0\u00bbOn a aussi parl\u00e9 de la fermeture des fronti\u00e8res et des opposants d\u00e9tenus\u00a0\u00bb"},"content":{"rendered":"<div class=\"entry-header\">\n<h1 class=\"jeg_post_title\"><\/h1>\n<div class=\"jeg_meta_container\">\n<div class=\"jeg_post_meta jeg_post_meta_1\">\n<div class=\"meta_left\">\n<div class=\"jeg_meta_author\"><\/div>\n<\/div>\n<\/div>\n<\/div>\n<\/div>\n<div class=\"jeg_share_top_container\">\n<div class=\"jeg_share_button clearfix\">\n<div class=\"jeg_share_stats\"><\/div>\n<div class=\"jeg_sharelist\"><\/div>\n<\/div>\n<\/div>\n<div class=\"jeg_ad jeg_article jnews_content_top_ads \">\n<div class=\"ads-wrapper \"><\/div>\n<\/div>\n<div class=\"entry-content no-share\">\n<div class=\"jeg_share_button share-float jeg_sticky_share clearfix share-monocrhome\">\n<div class=\"jeg_share_float_container\"><\/div>\n<\/div>\n<div class=\"content-inner \">\n<p>Comme annonc\u00e9e dans nos pr\u00e9c\u00e9dentes publications, le chef de file de l&rsquo;opposition guin\u00e9enne, Mamadou Sylla a \u00e9t\u00e9 re\u00e7u cet apres-midi par le pr\u00e9sident Alpha Cond\u00e9 en compagnie des membres de son cabinet. Pendant plus plusieurs heures, le locataire du palais sekhoureya et ses h\u00f4tes ont pass\u00e9 \u00e0 revue plusieurs sujets, Mamadou Sylla a remis au pr\u00e9sident Cond\u00e9 un m\u00e9morandum.<\/p>\n<p>Au sorti de cette rencontre avec le chef de l&rsquo;\u00e9tat, Mamadou Sylla a not\u00e9 le caract\u00e8re convivial qui a caract\u00e9ris\u00e9 cet entretien.<\/p>\n<p><em>\u201cOn \u00e9tait venu pour cl\u00f4turer une tourn\u00e9e dans les institutions r\u00e9publicaines qu\u2019on avait entam\u00e9e il y a quelques semaines. Il y a 13 institutions r\u00e9publicaines en Guin\u00e9e et c\u2019est lui qui occupe la t\u00eate. Il fallait donc qu\u2019on vienne le voir lui aussi. On \u00e9tait aussi venu lui pr\u00e9senter le bureau et lui apporter le m\u00e9mo sorti de nos visites dans les institutions. Dans le m\u00e9mo qu\u2019on a remis au pr\u00e9sident, il y a tout presque. On a attir\u00e9 son attention sur l\u2019\u00e9tat du pays et tout ce qui se passe actuellement. (\u2026). On a aussi parl\u00e9 de la fermeture des fronti\u00e8res et des opposants d\u00e9tenus. Mais quand l\u2019\u00c9tat qui a sa charge, la s\u00e9curit\u00e9 de tous les citoyens, affirme qu\u2019une chose est li\u00e9e \u00e0 la s\u00e9curit\u00e9 de l\u2019\u00c9tat, on ne peut s\u2019ing\u00e9rer. (\u2026). Il \u00e9tait tr\u00e8s heureux de nous recevoir et a dit que nous devons travailler ensemble. Il a affirm\u00e9 que sa porte nous est ouverte et qu\u2019il compte sur nous pour essayer d\u2019expliquer au peuple, r\u00e9ellement ce qui se passe\u201d,<\/em>\u00a0a-t-il dit en substance.<\/p>\n<\/div>\n<\/div>\n","protected":false},"excerpt":{"rendered":"<p>Comme annonc\u00e9e dans nos pr\u00e9c\u00e9dentes publications, le chef de file de l&rsquo;opposition guin\u00e9enne, Mamadou Sylla a \u00e9t\u00e9 re\u00e7u cet apres-midi par le pr\u00e9sident Alpha Cond\u00e9 en compagnie des membres de son cabinet. Pendant plus plusieurs heures, le locataire du palais sekhoureya et ses h\u00f4tes ont pass\u00e9 \u00e0 revue plusieurs sujets, Mamadou Sylla a remis au [&hellip;]<\/p>\n","protected":false},"author":2,"featured_media":5239,"comment_status":"open","ping_status":"open","sticky":false,"template":"","format":"standard","meta":{"_jetpack_memberships_contains_paid_content":false,"footnotes":""},"categories":[4,5],"tags":[],"class_list":["post-5236","post","type-post","status-publish","format-standard","has-post-thumbnail","hentry","category-actu","category-politique"],"jetpack_featured_media_url":"https:\/\/i0.wp.com\/liberationinfo.com\/wp-content\/uploads\/2021\/03\/FB_IMG_16147140441549527.jpg?fit=720%2C540&ssl=1","jetpack-related-posts":[],"jetpack_sharing_enabled":true,"_links":{"self":[{"href":"https:\/\/liberationinfo.com\/index.php\/wp-json\/wp\/v2\/posts\/5236","targetHints":{"allow":["GET"]}}],"collection":[{"href":"https:\/\/liberationinfo.com\/index.php\/wp-json\/wp\/v2\/posts"}],"about":[{"href":"https:\/\/liberationinfo.com\/index.php\/wp-json\/wp\/v2\/types\/post"}],"author":[{"embeddable":true,"href":"https:\/\/liberationinfo.com\/index.php\/wp-json\/wp\/v2\/users\/2"}],"replies":[{"embeddable":true,"href":"https:\/\/liberationinfo.com\/index.php\/wp-json\/wp\/v2\/comments?post=5236"}],"version-history":[{"count":0,"href":"https:\/\/liberationinfo.com\/index.php\/wp-json\/wp\/v2\/posts\/5236\/revisions"}],"wp:featuredmedia":[{"embeddable":true,"href":"https:\/\/liberationinfo.com\/index.php\/wp-json\/wp\/v2\/media\/5239"}],"wp:attachment":[{"href":"https:\/\/liberationinfo.com\/index.php\/wp-json\/wp\/v2\/media?parent=5236"}],"wp:term":[{"taxonomy":"category","embeddable":true,"href":"https:\/\/liberationinfo.com\/index.php\/wp-json\/wp\/v2\/categories?post=5236"},{"taxonomy":"post_tag","embeddable":true,"href":"https:\/\/liberationinfo.com\/index.php\/wp-json\/wp\/v2\/tags?post=5236"}],"curies":[{"name":"wp","href":"https:\/\/api.w.org\/{rel}","templated":true}]}}