{"id":5125,"date":"2021-02-27T11:20:57","date_gmt":"2021-02-27T10:20:57","guid":{"rendered":"https:\/\/liberationinfo.com\/?p=5125"},"modified":"2021-02-27T11:20:57","modified_gmt":"2021-02-27T10:20:57","slug":"lafrique-et-ses-tensions-electorales-dans-le-contexte-de-covid-19-thomas-boni-yayi","status":"publish","type":"post","link":"https:\/\/liberationinfo.com\/index.php\/lafrique-et-ses-tensions-electorales-dans-le-contexte-de-covid-19-thomas-boni-yayi\/","title":{"rendered":"L\u2019Afrique et ses tensions \u00e9lectorales dans le contexte de Covid-19 (Thomas Boni YAYI)"},"content":{"rendered":"<div class=\"entry-header clearfix\">\n<header class=\"entry-header-title\">\n<h1 class=\"entry-title\"><\/h1>\n<\/header>\n<div class=\"entry-avatar clearfix\"><\/div>\n<\/div>\n<div class=\"row single-main-content\">\n<div class=\"main-content content-right col-sx-12 col-sm-12 col-md-9 col-lg-9\">\n<div class=\"content-inner\">\n<div class=\"code-block code-block-1\"><\/div>\n<div class=\"box box-article\">\n<article id=\"post-146894\" class=\"post-146894 post type-post status-publish format-standard has-post-thumbnail hentry category-tribune\">\n<div class=\"post-image single-image\">\n<figure class=\"wp-single-image\"><\/figure>\n<\/div>\n<div class=\"entry-content clearfix\">\n<div class=\"entry-content-inner padding-left\">\n<div class=\"pf-content\">\n<div class=\"printfriendly pf-button pf-button-content pf-alignright\"><\/div>\n<p>L\u2019Afrique est \u00e0 la crois\u00e9e des chemins dans sa volont\u00e9 de promouvoir ces valeurs communes et de faire de l\u2019Union Africaine en 2063 un v\u00e9ritable bouclier pour les souverainet\u00e9s des \u00c9tats membres.<\/p>\n<p>Au titre des d\u00e9fis \u00e0 relever, figure la question cruciale de la gouvernance \u00e9lectorale sur notre continent pour la Paix, la S\u00e9curit\u00e9 et le Pain. Les processus \u00e9lectoraux de plus en plus non inclusifs, non \u00e9quitables et non transparents constituent une source de pr\u00e9occupations sur ce continent qui se veut celui des Peuples. De l\u2019Afrique Australe et Centrale en passant par les Grands Lacs et l\u2019Afrique Occidentale, les conflits, ant\u00e9 et post \u00e9lectoraux ont caus\u00e9 deux fois plus de morts, de r\u00e9fugi\u00e9s, de prisonniers, d\u2019exil\u00e9s d\u2019opinions et de d\u00e9g\u00e2ts mat\u00e9riels que le COVID-19 au cours des deux derni\u00e8res ann\u00e9es.<\/p>\n<div class=\"code-block code-block-2\"><\/div>\n<p>En ma qualit\u00e9 d\u2019Ancien Pr\u00e9sident de l\u2019Union Africaine, je voudrais respectueusement demander \u00e0 cette Institution dont le Leadership doit \u00eatre renforc\u00e9, de proposer \u00e0 nos chefs d\u2019Etat et de Gouvernement des r\u00e9formes en vue d\u2019une convergence de nos constitutions et processus \u00e9lectoraux pour servir de normes et de r\u00e9f\u00e9rences communes pour nos \u00c9tats. La mont\u00e9e des conflits \u00e9lectoraux et le COVID19 ainsi que leurs impacts deviennent de plus en plus des d\u00e9fis \u00e0 relever dans la marche de cette Afrique des Peuples vers l\u2019\u00e9mergence politique, d\u00e9mocratique, \u00e9conomique, sociale, s\u00e9curitaire et solidaire. Or cette \u00e9mergence ne peut avoir lieu dans un contexte non d\u00e9mocratique et de violations r\u00e9p\u00e9t\u00e9es des droits de l\u2019homme et des libert\u00e9s fondamentales.<\/p>\n<p>Un \u00e9tat de veille permanent, un dialogue politique franc et le consensus des Forces Vives au sein de nos nations, y compris nos Soci\u00e9t\u00e9s Civiles, ne peuvent que renforcer les acquis d\u00e9mocratiques et les progr\u00e8s sociaux, \u00e9conomiques envisag\u00e9s sur le continent au cours des 10 derni\u00e8res ann\u00e9es.<\/p>\n<p>&nbsp;<\/p>\n<p>Le renforcement des m\u00e9canismes et instruments juridiques tels que le M\u00e9canisme Africain d\u2019Evaluation par les Pairs, la Cour Africaine des Droits de l\u2019Homme et des Peuples et ses diff\u00e9rents protocoles additionnels ainsi que les normes internationales m\u00e9ritent d\u2019\u00eatre revisit\u00e9s en vue de cette r\u00e9forme de convergence constitutionnelle et \u00e9lectorale contraignante pour mettre fin \u00e0 la destruction de nos soci\u00e9t\u00e9s communes pour cause de gouvernance \u00e9lectorale.<\/p>\n<p>Pr\u00e9sident Dr Thomas Boni YAYI<\/p>\n<p>Ancien Pr\u00e9sident du B\u00e9nin<\/p>\n<p>Ancien Pr\u00e9sident de l\u2019Union Africaine<\/p>\n<\/div>\n<\/div>\n<\/div>\n<\/article>\n<\/div>\n<\/div>\n<\/div>\n<\/div>\n","protected":false},"excerpt":{"rendered":"<p>L\u2019Afrique est \u00e0 la crois\u00e9e des chemins dans sa volont\u00e9 de promouvoir ces valeurs communes et de faire de l\u2019Union Africaine en 2063 un v\u00e9ritable bouclier pour les souverainet\u00e9s des \u00c9tats membres. Au titre des d\u00e9fis \u00e0 relever, figure la question cruciale de la gouvernance \u00e9lectorale sur notre continent pour la Paix, la S\u00e9curit\u00e9 et [&hellip;]<\/p>\n","protected":false},"author":2,"featured_media":5126,"comment_status":"open","ping_status":"open","sticky":false,"template":"","format":"standard","meta":{"_jetpack_memberships_contains_paid_content":false,"footnotes":""},"categories":[5],"tags":[],"class_list":["post-5125","post","type-post","status-publish","format-standard","has-post-thumbnail","hentry","category-politique"],"jetpack_featured_media_url":"https:\/\/i0.wp.com\/liberationinfo.com\/wp-content\/uploads\/2021\/02\/yayi-870x522-1.jpg?fit=870%2C522&ssl=1","jetpack-related-posts":[],"jetpack_sharing_enabled":true,"_links":{"self":[{"href":"https:\/\/liberationinfo.com\/index.php\/wp-json\/wp\/v2\/posts\/5125","targetHints":{"allow":["GET"]}}],"collection":[{"href":"https:\/\/liberationinfo.com\/index.php\/wp-json\/wp\/v2\/posts"}],"about":[{"href":"https:\/\/liberationinfo.com\/index.php\/wp-json\/wp\/v2\/types\/post"}],"author":[{"embeddable":true,"href":"https:\/\/liberationinfo.com\/index.php\/wp-json\/wp\/v2\/users\/2"}],"replies":[{"embeddable":true,"href":"https:\/\/liberationinfo.com\/index.php\/wp-json\/wp\/v2\/comments?post=5125"}],"version-history":[{"count":0,"href":"https:\/\/liberationinfo.com\/index.php\/wp-json\/wp\/v2\/posts\/5125\/revisions"}],"wp:featuredmedia":[{"embeddable":true,"href":"https:\/\/liberationinfo.com\/index.php\/wp-json\/wp\/v2\/media\/5126"}],"wp:attachment":[{"href":"https:\/\/liberationinfo.com\/index.php\/wp-json\/wp\/v2\/media?parent=5125"}],"wp:term":[{"taxonomy":"category","embeddable":true,"href":"https:\/\/liberationinfo.com\/index.php\/wp-json\/wp\/v2\/categories?post=5125"},{"taxonomy":"post_tag","embeddable":true,"href":"https:\/\/liberationinfo.com\/index.php\/wp-json\/wp\/v2\/tags?post=5125"}],"curies":[{"name":"wp","href":"https:\/\/api.w.org\/{rel}","templated":true}]}}