{"id":4535,"date":"2021-02-03T08:37:51","date_gmt":"2021-02-03T07:37:51","guid":{"rendered":"https:\/\/liberationinfo.com\/?p=4535"},"modified":"2021-02-03T08:37:51","modified_gmt":"2021-02-03T07:37:51","slug":"medias-fim-fm-de-linfo-en-continu-sur-la-95-3-a-compter-de-ce-mercredi","status":"publish","type":"post","link":"https:\/\/liberationinfo.com\/index.php\/medias-fim-fm-de-linfo-en-continu-sur-la-95-3-a-compter-de-ce-mercredi\/","title":{"rendered":"M\u00e9dias : FIM FM, de l\u2019info en continu sur la 95.3 \u00e0 compter de ce mercredi !"},"content":{"rendered":"<div class=\"entry-header\">\n<h1 class=\"jeg_post_title\"><\/h1>\n<\/div>\n<div class=\"entry-content no-share\">\n<div class=\"jeg_share_button share-float jeg_sticky_share clearfix share-monocrhome\">\n<div class=\"jeg_share_float_container\"><\/div>\n<\/div>\n<div class=\"content-inner \">\n<p>Mise en ondes, il y a dix jours tr\u00e8s exactement, la radio FIM FM du Groupe Fr\u00e9quence M\u00e9dias, saute le pas pour coller \u00e0 son mod\u00e8le \u00e9ditorial de radio d\u2019info en continu. Premi\u00e8re du genre en Guin\u00e9e.<\/p>\n<p>D\u00e8s ce mercredi 03 f\u00e9vrier 2021, \u00e0 partir de 08 heures 00, FIM FM vous proposera un arr\u00eat info toutes les demies heures.<\/p>\n<p>Pour cette premi\u00e8re semaine, les auditeurs de la radio auront droit aux formats reduits de la soixantaine de rendez-vous au quotidien du m\u00e9dia qui met depuis son si\u00e8ge bas\u00e9 \u00e0 Nongo, commune de Ratoma.<\/p>\n<p>A chaque heure pile, c\u2019est Express Info et \u00e0 la demie heure, ce sera Fil Info, avec \u00e0 la cl\u00e9 des voix sublimes de pr\u00e9sentateurs et de pr\u00e9sentatrices tri\u00e9s sur le volet.<\/p>\n<p>D\u00e8s la semaine prochaine, assure Talib\u00e9 Barry, Directeur de la radio FIM FM 95.3, d\u2019autres formats d\u2019info, innovants, seront propos\u00e9s, avant les grandes sessions journali\u00e8res, \u00e0 savoir \u201dLe Grand Virage\u201d, \u201dFIM Midi\u201d et \u201dFIM Soir\u201d.<\/p>\n<p>Par ailleurs, la Direction des programmes de FIM FM, annonce le lancement, d\u00e8s demain jeudi 04 f\u00e9vrier, d\u2019une premi\u00e8re vague de pr\u00e8s de dix (10) \u00e9missions, de son bloc divertissement et sports.<\/p>\n<p>Attendu sur la 95.3 d\u2019ici la fin de semaine, le retour en force de l\u2019animateur XXL Souleymane Macky Bah dans \u201dMacky le Gouv\u201d depuis Philadephie (USA). A retrouver \u00e9galement les \u00e9missions \u201dTabala\u201d, \u201d Survoltage\u201d et \u201dMusical Talk\u201d.<\/p>\n<p>Et pour coller \u00e0 l\u2019actualit\u00e9 du CHAN qui se joue au Cameroun, l\u2019\u00e9mission \u201dInt\u00e9gral Sports\u201d avec l\u2019\u00e9quipe de Idrissa Sompar\u00e9, s\u2019appr\u00eate \u00e0 occuper le devant des ondes.<\/p>\n<p>Rest\u00e9s connect\u00e9s sur la 95.3, premi\u00e8re sur l\u2019info !<\/p>\n<p>&nbsp;<\/p>\n<p><strong>Mosaiqueguinee.com<\/strong><\/p>\n<p>&nbsp;<\/p>\n<div id=\"taboola-below-article\" class=\" trc_related_container trc_spotlight_widget tbl-feed-container tbl-feed-partial-width tbl-feed-frame-DIVIDER tbl-feed-abp  render-late-effect\">\n<div class=\" tbl-feed-header tbl-logo-right-position\">\n<div class=\"tbl-feed-header-logo\"><\/div>\n<\/div>\n<\/div>\n<\/div>\n<\/div>\n","protected":false},"excerpt":{"rendered":"<p>Mise en ondes, il y a dix jours tr\u00e8s exactement, la radio FIM FM du Groupe Fr\u00e9quence M\u00e9dias, saute le pas pour coller \u00e0 son mod\u00e8le \u00e9ditorial de radio d\u2019info en continu. Premi\u00e8re du genre en Guin\u00e9e. D\u00e8s ce mercredi 03 f\u00e9vrier 2021, \u00e0 partir de 08 heures 00, FIM FM vous proposera un arr\u00eat [&hellip;]<\/p>\n","protected":false},"author":2,"featured_media":4536,"comment_status":"open","ping_status":"open","sticky":false,"template":"","format":"standard","meta":{"_jetpack_memberships_contains_paid_content":false,"footnotes":""},"categories":[4,8,5,6],"tags":[],"class_list":["post-4535","post","type-post","status-publish","format-standard","has-post-thumbnail","hentry","category-actu","category-culture","category-politique","category-societe"],"jetpack_featured_media_url":"https:\/\/i0.wp.com\/liberationinfo.com\/wp-content\/uploads\/2021\/02\/FIM-700x375-1.jpg?fit=700%2C375&ssl=1","jetpack-related-posts":[],"jetpack_sharing_enabled":true,"_links":{"self":[{"href":"https:\/\/liberationinfo.com\/index.php\/wp-json\/wp\/v2\/posts\/4535","targetHints":{"allow":["GET"]}}],"collection":[{"href":"https:\/\/liberationinfo.com\/index.php\/wp-json\/wp\/v2\/posts"}],"about":[{"href":"https:\/\/liberationinfo.com\/index.php\/wp-json\/wp\/v2\/types\/post"}],"author":[{"embeddable":true,"href":"https:\/\/liberationinfo.com\/index.php\/wp-json\/wp\/v2\/users\/2"}],"replies":[{"embeddable":true,"href":"https:\/\/liberationinfo.com\/index.php\/wp-json\/wp\/v2\/comments?post=4535"}],"version-history":[{"count":0,"href":"https:\/\/liberationinfo.com\/index.php\/wp-json\/wp\/v2\/posts\/4535\/revisions"}],"wp:featuredmedia":[{"embeddable":true,"href":"https:\/\/liberationinfo.com\/index.php\/wp-json\/wp\/v2\/media\/4536"}],"wp:attachment":[{"href":"https:\/\/liberationinfo.com\/index.php\/wp-json\/wp\/v2\/media?parent=4535"}],"wp:term":[{"taxonomy":"category","embeddable":true,"href":"https:\/\/liberationinfo.com\/index.php\/wp-json\/wp\/v2\/categories?post=4535"},{"taxonomy":"post_tag","embeddable":true,"href":"https:\/\/liberationinfo.com\/index.php\/wp-json\/wp\/v2\/tags?post=4535"}],"curies":[{"name":"wp","href":"https:\/\/api.w.org\/{rel}","templated":true}]}}