{"id":4458,"date":"2021-02-01T08:17:43","date_gmt":"2021-02-01T07:17:43","guid":{"rendered":"https:\/\/liberationinfo.com\/?p=4458"},"modified":"2021-02-01T08:20:27","modified_gmt":"2021-02-01T07:20:27","slug":"presidence-de-la-caf-ahmad-ahmad-est-bien-de-retour-et-pourrait-etre-candidat","status":"publish","type":"post","link":"https:\/\/liberationinfo.com\/index.php\/presidence-de-la-caf-ahmad-ahmad-est-bien-de-retour-et-pourrait-etre-candidat\/","title":{"rendered":"Pr\u00e9sidence de la CAF: Ahmad Ahmad est bien de retour et pourrait \u00eatre candidat"},"content":{"rendered":"<div><\/div>\n<div>\n<div class=\"img-o\">\n<div class=\"img-i\"><\/div>\n<\/div>\n<\/div>\n<div>\n<div class=\"img-c\">\n<div class=\"img-i\"><\/div>\n<\/div>\n<\/div>\n<div>Quarante-huit heures apr\u00e8s la lev\u00e9e provisoire de sa suspension par le Tribunal arbitral du sport (TAS), Ahmad Ahmad reprend bel et\u00a0bien son poste de pr\u00e9sident de la Conf\u00e9d\u00e9ration africaine de football (CAF). Constant Omari, qui a assur\u00e9 l\u2019int\u00e9rim \u00e0 ce\u00a0poste, a act\u00e9 cette d\u00e9cision ce dimanche 31 janvier.<\/div>\n<div>Encore du mouvement au sommet de la CAF. Deux mois et demi apr\u00e8s avoir \u00e9t\u00e9 destitu\u00e9 de son mandat de pr\u00e9sident par la\u00a0Fifa, Ahmad Ahmad est de retour. Le dirigeant malgache avait re\u00e7u un<a href=\"https:\/\/googleweblight.com\/sp?hl=fr-FR&amp;geid=NSTN&amp;u=https:\/\/www.rfi.fr\/fr\/afrique-foot\/20210129-caf-le-tas-suspend-temporairement-les-sanctions-contre-ahmad-qui-peut-mener-campagne\">premier avis favorable vendredi 29 janvier<\/a>, quand le\u00a0TAS avait mis en place une \u00abproc\u00e9dure acc\u00e9l\u00e9r\u00e9e\u00bb pour se pencher sur les accusations dont il fait l\u2019objet, et avait\u00a0suspendu provisoirement les sanctions prises par la Fifa.<\/div>\n<div>Ce dimanche 31 janvier, la CAF officialise ce que la d\u00e9cision du TAS laissait entendre\u00a0: non seulement, Ahmad Ahmad peut\u00a0mener campagne pour les prochaines \u00e9lections \u00e0 la pr\u00e9sidence de la CAF, mais en plus, la suspension des sanctions\u00a0entra\u00eene son retour au poste de pr\u00e9sident de\u00a0la CAF.<\/div>\n<div>\n<div><\/div>\n<div><\/div>\n<p>Ahmad Ahmad remercie Constant Omari pour son int\u00e9rim<\/p>\n<\/div>\n<div>Insistant bien sur le caract\u00e8re suspensif de la d\u00e9cision du TAS, la CAF \u00e9tablit que, \u00abpar cons\u00e9quent, il (Ahmad Ahmad) a\u00a0retrouv\u00e9 sa fonction\u00bb. Constant Omari, qui a succ\u00e9d\u00e9 \u00e0 Ahmad Ahmad par int\u00e9rim, a convoqu\u00e9 par visio-conf\u00e9rence le\u00a0Comit\u00e9 d\u2019urgence de la CAF ce dimanche et a \u00abpris acte de la d\u00e9cision du TAS\u00bb. Le communiqu\u00e9 ajoute que l\u2019homme\u00a0politique malgache \u00abva saisir la Commission de gouvernance de la CAF d\u00e8s ce lundi\u00bb 1er f\u00e9vrier, \u00e0 propos de sa candidature aux<a href=\"https:\/\/googleweblight.com\/sp?hl=fr-FR&amp;geid=NSTN&amp;u=https:\/\/www.rfi.fr\/fr\/afrique-foot\/20210127-%25C3%25A9lections-%25C3%25A0-la-caf-candidatures-d-ahmad-omari-et-zetchi-rejet%25C3%25A9es-par-la-fifa\">\u00e9lections du 12 mars pour la pr\u00e9sidence de la CAF<\/a>.<\/div>\n<div>\u00abJe remercie chaleureusement Constant Omari d\u2019avoir assur\u00e9 la pr\u00e9sidence ces derni\u00e8res semaines. Il a notamment mis en \u0153uvre avec brio l\u2019organisation du CHAN TOTAL Cameroun 2020. Je vais mener \u00e0 son terme cette magnifique comp\u00e9tition, et permettre que le football, comme toujours, triomphe\u00bb, d\u00e9clare Ahmad Ahmad, qui avait succ\u00e9d\u00e9 \u00e0 Issa Hayatou \u00e0 la pr\u00e9sidence de la CAF en mars 2017.<\/div>\n<div>\n<div><\/div>\n<p>L\u2019Ivoirien Jacques Anouma, le Sud-Africain Patrice Motsepe, le S\u00e9n\u00e9galais Augustin Senghor et le Mauritanien Ahmed Yahya sont \u00e9galement en lice pour les \u00e9lections du 12 mars. Des \u00e9lections auxquelles Ahmad Ahmad, r\u00e9tabli dans sa fonction de pr\u00e9sident, pourra peut-\u00eatre prendre part. Le TAS doit examiner son cas le 2 mars et se prononcer avant le 12 mars.<\/p>\n<\/div>\n<div>RFI<\/div>\n","protected":false},"excerpt":{"rendered":"<p>Quarante-huit heures apr\u00e8s la lev\u00e9e provisoire de sa suspension par le Tribunal arbitral du sport (TAS), Ahmad Ahmad reprend bel et\u00a0bien son poste de pr\u00e9sident de la Conf\u00e9d\u00e9ration africaine de football (CAF). Constant Omari, qui a assur\u00e9 l\u2019int\u00e9rim \u00e0 ce\u00a0poste, a act\u00e9 cette d\u00e9cision ce dimanche 31 janvier. Encore du mouvement au sommet de la [&hellip;]<\/p>\n","protected":false},"author":2,"featured_media":4461,"comment_status":"open","ping_status":"open","sticky":false,"template":"","format":"standard","meta":{"_jetpack_memberships_contains_paid_content":false,"footnotes":""},"categories":[1],"tags":[],"class_list":["post-4458","post","type-post","status-publish","format-standard","has-post-thumbnail","hentry","category-non-classe"],"jetpack_featured_media_url":"https:\/\/i0.wp.com\/liberationinfo.com\/wp-content\/uploads\/2021\/02\/ahmad-ahmad-caf.jpg?fit=620%2C340&ssl=1","jetpack-related-posts":[],"jetpack_sharing_enabled":true,"_links":{"self":[{"href":"https:\/\/liberationinfo.com\/index.php\/wp-json\/wp\/v2\/posts\/4458","targetHints":{"allow":["GET"]}}],"collection":[{"href":"https:\/\/liberationinfo.com\/index.php\/wp-json\/wp\/v2\/posts"}],"about":[{"href":"https:\/\/liberationinfo.com\/index.php\/wp-json\/wp\/v2\/types\/post"}],"author":[{"embeddable":true,"href":"https:\/\/liberationinfo.com\/index.php\/wp-json\/wp\/v2\/users\/2"}],"replies":[{"embeddable":true,"href":"https:\/\/liberationinfo.com\/index.php\/wp-json\/wp\/v2\/comments?post=4458"}],"version-history":[{"count":0,"href":"https:\/\/liberationinfo.com\/index.php\/wp-json\/wp\/v2\/posts\/4458\/revisions"}],"wp:featuredmedia":[{"embeddable":true,"href":"https:\/\/liberationinfo.com\/index.php\/wp-json\/wp\/v2\/media\/4461"}],"wp:attachment":[{"href":"https:\/\/liberationinfo.com\/index.php\/wp-json\/wp\/v2\/media?parent=4458"}],"wp:term":[{"taxonomy":"category","embeddable":true,"href":"https:\/\/liberationinfo.com\/index.php\/wp-json\/wp\/v2\/categories?post=4458"},{"taxonomy":"post_tag","embeddable":true,"href":"https:\/\/liberationinfo.com\/index.php\/wp-json\/wp\/v2\/tags?post=4458"}],"curies":[{"name":"wp","href":"https:\/\/api.w.org\/{rel}","templated":true}]}}