{"id":4408,"date":"2021-01-30T14:49:05","date_gmt":"2021-01-30T13:49:05","guid":{"rendered":"https:\/\/liberationinfo.com\/?p=4408"},"modified":"2021-01-30T14:52:19","modified_gmt":"2021-01-30T13:52:19","slug":"mamadou-sylla-lance-des-piques-a-elhadj-cellou-dalein-diallo-on-nest-pas-une-opposition-qui-casse","status":"publish","type":"post","link":"https:\/\/liberationinfo.com\/index.php\/mamadou-sylla-lance-des-piques-a-elhadj-cellou-dalein-diallo-on-nest-pas-une-opposition-qui-casse\/","title":{"rendered":"Mamadou Sylla lance des piques \u00e0 Elhadj  Cellou Dalein\u00a0Diallo : \u00a0\u00bb on n\u2019est pas une opposition qui casse\u00a0\u00bb"},"content":{"rendered":"<div class=\"content-wrap\">\n<div class=\"container layout-2-col layout-2-col-1 layout-right-sidebar layout-bc-before post-template-1\">\n<div class=\"row main-section\">\n<div class=\"col-sm-8 content-column\">\n<div class=\"single-container\">\n<article id=\"post-30293\" class=\"post-30293 post type-post status-publish format-standard has-post-thumbnail category-a-la-une category-politique single-post-content has-thumbnail\">\n<div class=\"hxplf hxplf-clearfix hxplf-above-post-box hxplf-pubadban hxplf-show-desktop hxplf-show-tablet-portrait hxplf-show-tablet-landscape hxplf-show-phone hxplf-loc-post_box_above hxplf-align-center hxplf-column-1\">\n<div id=\"hxplf-30040-468345038\" class=\"hxplf-container hxplf-type-code \">\n<div id=\"hxplf-30040-468345038-place\"><\/div>\n<\/div>\n<\/div>\n<div class=\"post-header post-tp-1-header\">\n<h1 class=\"single-post-title\"><\/h1>\n<div class=\"post-meta-wrap clearfix\">\n<div class=\"term-badges \"><\/div>\n<\/div>\n<\/div>\n<div class=\"post-share single-post-share top-share clearfix style-3\">\n<div class=\"post-share-btn-group\"><\/div>\n<\/div>\n<div class=\"entry-content clearfix single-post-content\">\n<div class=\"hxplf hxplf-clearfix hxplf-post-top hxplf-float-center hxplf-align-center hxplf-column-1\">\n<div id=\"hxplf-30040-1217962271\" class=\"hxplf-container hxplf-type-code \">\n<div id=\"hxplf-30040-1217962271-place\"><\/div>\n<\/div>\n<\/div>\n<p><strong>Pour cl\u00f4turer sa tourn\u00e9e, apr\u00e8s avoir rendu visite \u00e0 l&rsquo;ensemble des acteurs de la vie politique et de la soci\u00e9t\u00e9 civile, le pr\u00e9sident de l&rsquo;union d\u00e9mocratique de Guin\u00e9e (UDG), le nouveau chef de file de l&rsquo;opposition, Elhadj Mamadou Sylla a rendu compte de sa tourn\u00e9e. Au cours d&rsquo;une conf\u00e9rence de presse organis\u00e9e \u00e0 son si\u00e9ge \u00e0 Dixinn, ce Samedi, 30 Janvier 2021, pour se d\u00e9marquer de son pr\u00e9d\u00e9cesseur, Elhadj Cellou Dalein Diallo.<\/strong><\/p>\n<p><strong>Pour le nouveau chef de file de l&rsquo;opposition, l&rsquo;opposition guin\u00e9enne doit changer sa fa\u00e7on de mener la politique, pour le bien des populations:<\/strong><\/p>\n<div class=\"hxplf hxplf-clearfix hxplf-post-inline hxplf-float-center hxplf-align-center hxplf-column-1\">\n<div id=\"hxplf-30041-215744878\" class=\"hxplf-container hxplf-type-code \">\n<div id=\"hxplf-30041-215744878-place\"><\/div>\n<\/div>\n<\/div>\n<div class=\"hxplf hxplf-clearfix hxplf-post-middle hxplf-float-center hxplf-align-center hxplf-column-1\">\n<div id=\"hxplf-30040-1717403469\" class=\"hxplf-container hxplf-type-code \">\n<div id=\"hxplf-30040-1717403469-place\"><\/div>\n<\/div>\n<\/div>\n<p><em>\u00a0\u00bb Dans les jours \u00e0 venir, on va aller voir les d\u00e9tenus politiques et demander \u00e0 la justice de les juger. Nous on n\u2019est pas des juges, mais on va demander \u00e0 la justice de condamner ceux qui sont coupables et lib\u00e9rer les innocents. On peut aussi demander au pr\u00e9sident de gracier les coupables.<\/em><em> On est une opposition tr\u00e8s r\u00e9fl\u00e9chie, on est pas une opposition qui casse, on est une opposition qui ne va pas g\u00e2ter ce qu\u2019on a l\u00e0. Il est temps qu\u2019on se donne la main pour faire avancer notre pays\u00a0\u00bb, <\/em>a lanc\u00e9 des piques, Elhadj Mamadou Sylla pr\u00e9sident, le chef de file de l&rsquo;opposition.<\/p>\n<p>&nbsp;<\/p>\n<div class=\"hxplf hxplf-clearfix hxplf-post-inline hxplf-float-center hxplf-align-center hxplf-column-1\">\n<div id=\"hxplf-30041-600597361\" class=\"hxplf-container hxplf-type-code \">\n<div id=\"hxplf-30041-600597361-place\"><\/div>\n<\/div>\n<\/div>\n<p><strong><em>Lib\u00e9rationinfos.com <\/em><\/strong><a class=\"post-share-btn post-share-btn-comments comments\" title=\"Laisser un commentaire sur: &quot;Mamadou Sylla titille Cellou Dalein\u00a0: \u2018\u2018on n\u2019est pas une opposition qui casse\u2026\u2019\u2019&quot;\" href=\"https:\/\/flashguinee.info\/mamadou-sylla-titille-cellou-dalein-on-nest-pas-une-opposition-qui-casse\/#respond\"><i class=\"bf-icon fa fa-comments\"><\/i>\u00a0<\/a><\/p>\n<\/div>\n<\/article>\n<\/div>\n<\/div>\n<div class=\"col-sm-4 sidebar-column sidebar-column-primary\">\n<aside id=\"sidebar-primary-sidebar\" class=\"sidebar\" role=\"complementary\" aria-label=\"Primary Sidebar Sidebar\">\n<div id=\"hxplf-2\" class=\" h-ni w-nt primary-sidebar-widget widget widget_hxplf\">\n<div class=\"hxplf hxplf-clearfix hxplf-align-center hxplf-column-1\">\n<div id=\"hxplf-30040-582649761\" class=\"hxplf-container hxplf-type-code \">\n<div id=\"hxplf-30040-582649761-place\"><\/div>\n<\/div>\n<\/div>\n<\/div>\n<div id=\"hxplf-4\" class=\" h-ni w-nt primary-sidebar-widget widget widget_hxplf\">\n<div class=\"hxplf hxplf-clearfix hxplf-align-center hxplf-column-1\">\n<div id=\"hxplf-30042-811483321\" class=\"hxplf-container hxplf-type-code \">\n<div id=\"hxplf-30042-811483321-place\"><\/div>\n<\/div>\n<\/div>\n<\/div>\n<\/aside>\n<\/div>\n<\/div>\n<\/div>\n<\/div>\n<footer id=\"site-footer\" class=\"site-footer full-width\">\n<div class=\"footer-widgets dark-text\">\n<div class=\"content-wrap\">\n<div class=\"container\">\n<div class=\"row\">\n<div class=\"col-sm-4\"><\/div>\n<div class=\"col-sm-4\">\n<aside id=\"sidebar-footer-2\" class=\"sidebar\" role=\"complementary\" aria-label=\"Footer - Column 2 Sidebar\">\n<div id=\"nav_menu-2\" class=\" h-ni w-t footer-widget footer-column-2 widget widget_nav_menu\"><\/div>\n<\/aside>\n<\/div>\n<\/div>\n<\/div>\n<\/div>\n<\/div>\n<\/footer>\n","protected":false},"excerpt":{"rendered":"<p>Pour cl\u00f4turer sa tourn\u00e9e, apr\u00e8s avoir rendu visite \u00e0 l&rsquo;ensemble des acteurs de la vie politique et de la soci\u00e9t\u00e9 civile, le pr\u00e9sident de l&rsquo;union d\u00e9mocratique de Guin\u00e9e (UDG), le nouveau chef de file de l&rsquo;opposition, Elhadj Mamadou Sylla a rendu compte de sa tourn\u00e9e. Au cours d&rsquo;une conf\u00e9rence de presse organis\u00e9e \u00e0 son si\u00e9ge [&hellip;]<\/p>\n","protected":false},"author":2,"featured_media":4410,"comment_status":"open","ping_status":"open","sticky":false,"template":"","format":"standard","meta":{"_jetpack_memberships_contains_paid_content":false,"footnotes":""},"categories":[4,5],"tags":[],"class_list":["post-4408","post","type-post","status-publish","format-standard","has-post-thumbnail","hentry","category-actu","category-politique"],"jetpack_featured_media_url":"https:\/\/i0.wp.com\/liberationinfo.com\/wp-content\/uploads\/2021\/01\/maxresdefault-2.jpg?fit=1280%2C720&ssl=1","jetpack-related-posts":[],"jetpack_sharing_enabled":true,"_links":{"self":[{"href":"https:\/\/liberationinfo.com\/index.php\/wp-json\/wp\/v2\/posts\/4408","targetHints":{"allow":["GET"]}}],"collection":[{"href":"https:\/\/liberationinfo.com\/index.php\/wp-json\/wp\/v2\/posts"}],"about":[{"href":"https:\/\/liberationinfo.com\/index.php\/wp-json\/wp\/v2\/types\/post"}],"author":[{"embeddable":true,"href":"https:\/\/liberationinfo.com\/index.php\/wp-json\/wp\/v2\/users\/2"}],"replies":[{"embeddable":true,"href":"https:\/\/liberationinfo.com\/index.php\/wp-json\/wp\/v2\/comments?post=4408"}],"version-history":[{"count":0,"href":"https:\/\/liberationinfo.com\/index.php\/wp-json\/wp\/v2\/posts\/4408\/revisions"}],"wp:featuredmedia":[{"embeddable":true,"href":"https:\/\/liberationinfo.com\/index.php\/wp-json\/wp\/v2\/media\/4410"}],"wp:attachment":[{"href":"https:\/\/liberationinfo.com\/index.php\/wp-json\/wp\/v2\/media?parent=4408"}],"wp:term":[{"taxonomy":"category","embeddable":true,"href":"https:\/\/liberationinfo.com\/index.php\/wp-json\/wp\/v2\/categories?post=4408"},{"taxonomy":"post_tag","embeddable":true,"href":"https:\/\/liberationinfo.com\/index.php\/wp-json\/wp\/v2\/tags?post=4408"}],"curies":[{"name":"wp","href":"https:\/\/api.w.org\/{rel}","templated":true}]}}