{"id":4332,"date":"2021-01-29T07:46:06","date_gmt":"2021-01-29T06:46:06","guid":{"rendered":"https:\/\/liberationinfo.com\/?p=4332"},"modified":"2021-01-29T07:46:06","modified_gmt":"2021-01-29T06:46:06","slug":"affaires-etrangeres-dr-ibrahima-kalil-kaba-tient-les-renes-de-la-diplomatie-guineenne-ce-vendredi","status":"publish","type":"post","link":"https:\/\/liberationinfo.com\/index.php\/affaires-etrangeres-dr-ibrahima-kalil-kaba-tient-les-renes-de-la-diplomatie-guineenne-ce-vendredi\/","title":{"rendered":"Affaires \u00e9trang\u00e8res : Dr Ibrahima Kalil Kaba tient les r\u00eanes de la diplomatie guin\u00e9enne ce vendredi"},"content":{"rendered":"<div><\/div>\n<div>\n<div class=\"img-o\">\n<div class=\"img-i\"><\/div>\n<\/div>\n<\/div>\n<div>\n<div class=\"img-c\">\n<div class=\"img-i\"><\/div>\n<\/div>\n<\/div>\n<div>Nomm\u00e9 le 19 janvier 2021 ministre des affaires \u00e9trang\u00e8res et des guin\u00e9ens de l\u2019\u00e9tranger, Dr Ibrahima Kalil Kaba prend le contr\u00f4le de la diplomatie guin\u00e9enne ce vendredi.<\/div>\n<div>Apr\u00e8s huit ans \u00e0 la pr\u00e9sidence comme chef de cabinet puis ministre directeur de cabinet, le nouveau chef de la diplomatie guin\u00e9enne entrera en fonction d\u00e8s 11 heures temps universel, a-t-on appris du protocole.<\/div>\n<div>Mamadi Tour\u00e9 qu\u2019il remplace a \u00e9t\u00e9 nomm\u00e9 ministre d\u2019\u00c9tat \u00e0 la pr\u00e9sidence.<\/div>\n<div>Ibrahima Kalil Kaba devra lui pour sa part, apr\u00e8s son entr\u00e9e en fonction, se pencher tr\u00e8s rapidement sur l\u2019\u00e9pineux dossier de la fermeture des fronti\u00e8res entre la Guin\u00e9e et trois de ses voisins.<\/div>\n<div><\/div>\n<div>Avec Mosaiqueguinee.com<\/div>\n","protected":false},"excerpt":{"rendered":"<p>Nomm\u00e9 le 19 janvier 2021 ministre des affaires \u00e9trang\u00e8res et des guin\u00e9ens de l\u2019\u00e9tranger, Dr Ibrahima Kalil Kaba prend le contr\u00f4le de la diplomatie guin\u00e9enne ce vendredi. Apr\u00e8s huit ans \u00e0 la pr\u00e9sidence comme chef de cabinet puis ministre directeur de cabinet, le nouveau chef de la diplomatie guin\u00e9enne entrera en fonction d\u00e8s 11 heures [&hellip;]<\/p>\n","protected":false},"author":2,"featured_media":4085,"comment_status":"open","ping_status":"open","sticky":false,"template":"","format":"standard","meta":{"_jetpack_memberships_contains_paid_content":false,"footnotes":""},"categories":[4,5],"tags":[],"class_list":["post-4332","post","type-post","status-publish","format-standard","has-post-thumbnail","hentry","category-actu","category-politique"],"jetpack_featured_media_url":"https:\/\/i0.wp.com\/liberationinfo.com\/wp-content\/uploads\/2021\/01\/99253666_924532218000389_6874365508259414016_n.jpg?fit=960%2C640&ssl=1","jetpack-related-posts":[],"jetpack_sharing_enabled":true,"_links":{"self":[{"href":"https:\/\/liberationinfo.com\/index.php\/wp-json\/wp\/v2\/posts\/4332","targetHints":{"allow":["GET"]}}],"collection":[{"href":"https:\/\/liberationinfo.com\/index.php\/wp-json\/wp\/v2\/posts"}],"about":[{"href":"https:\/\/liberationinfo.com\/index.php\/wp-json\/wp\/v2\/types\/post"}],"author":[{"embeddable":true,"href":"https:\/\/liberationinfo.com\/index.php\/wp-json\/wp\/v2\/users\/2"}],"replies":[{"embeddable":true,"href":"https:\/\/liberationinfo.com\/index.php\/wp-json\/wp\/v2\/comments?post=4332"}],"version-history":[{"count":0,"href":"https:\/\/liberationinfo.com\/index.php\/wp-json\/wp\/v2\/posts\/4332\/revisions"}],"wp:featuredmedia":[{"embeddable":true,"href":"https:\/\/liberationinfo.com\/index.php\/wp-json\/wp\/v2\/media\/4085"}],"wp:attachment":[{"href":"https:\/\/liberationinfo.com\/index.php\/wp-json\/wp\/v2\/media?parent=4332"}],"wp:term":[{"taxonomy":"category","embeddable":true,"href":"https:\/\/liberationinfo.com\/index.php\/wp-json\/wp\/v2\/categories?post=4332"},{"taxonomy":"post_tag","embeddable":true,"href":"https:\/\/liberationinfo.com\/index.php\/wp-json\/wp\/v2\/tags?post=4332"}],"curies":[{"name":"wp","href":"https:\/\/api.w.org\/{rel}","templated":true}]}}