{"id":4291,"date":"2021-01-28T08:24:21","date_gmt":"2021-01-28T07:24:21","guid":{"rendered":"https:\/\/liberationinfo.com\/?p=4291"},"modified":"2021-01-28T08:28:26","modified_gmt":"2021-01-28T07:28:26","slug":"leco-monnaie-de-la-cedeao-repoussee-a-2025","status":"publish","type":"post","link":"https:\/\/liberationinfo.com\/index.php\/leco-monnaie-de-la-cedeao-repoussee-a-2025\/","title":{"rendered":"L\u2019\u00e9co, monnaie de la C\u00e9d\u00e9ao, repouss\u00e9e \u00e0 2025?"},"content":{"rendered":"<div><\/div>\n<div>\n<div class=\"img-o\">\n<div class=\"img-i\"><\/div>\n<\/div>\n<\/div>\n<div>\n<div class=\"img-c\">\n<div class=\"img-i\"><\/div>\n<\/div>\n<\/div>\n<div>La monnaie commune aux pays de la C\u00e9d\u00e9ao pourrait ne pas voir le jour avant 2025, au mieux. C\u2019est ce qui ressort des d\u00e9bats tenus ce dimanche par les dirigeants de la C\u00e9d\u00e9ao r\u00e9unis en sommet ordinaire. Les chefs d\u2019\u00c9tat ont d\u00e9cid\u00e9 de repousser \u00e0 janvier 2022 la reprise de l\u2019application de leur pacte de convergence, \u00e0 cause de la pand\u00e9mie de Covid-19 qui a oblig\u00e9 les pays ouest-africains \u00e0 accroitre leurs d\u00e9penses.<\/div>\n<div>D\u00e9j\u00e0<a href=\"https:\/\/googleweblight.com\/sp?hl=fr-FR&amp;geid=NSTN&amp;u=https:\/\/www.rfi.fr\/fr\/afrique\/20200909-pas-monnaie-unique-la-c%25C3%25A9d%25C3%25A9ao-en-2020\">suspendues pour 2020<\/a>, les mesures de convergence ont aussi \u00e9t\u00e9 gel\u00e9es par les chefs d\u2019\u00c9tat pour l\u2019ensemble de l\u2019ann\u00e9e 2021. Un nouveau pacte de convergence doit \u00eatre discut\u00e9 par les pays de la C\u00e9d\u00e9ao. Il entrera en vigueur au 1er janvier 2022. L\u2019organisation ouest-africaine s\u2019en explique par le fait que la pand\u00e9mie entraine des d\u00e9penses suppl\u00e9mentaires, ce qui \u00e9loigne les gouvernements de l\u2019application des crit\u00e8res notamment sur la dette et le d\u00e9ficit budg\u00e9taire.<\/div>\n<div>D\u00e8s lors que la convergence ne reprendra qu\u2019en 2022, la monnaie commune est ajourn\u00e9e. En effet, le ministre burkinab\u00e8 de l\u2019Economie explique dans la presse qu\u2019il faut trois ans de convergence pour envisager le lancement de l\u2019\u00e9co, ce qui repousse sa date d\u2019entr\u00e9e en vigueur \u00e0 2025.<\/div>\n<div>\n<div><\/div>\n<div><\/div>\n<p>Beaucoup d\u2019\u00e9conomistes ouest-africains posent donc une question : ce report de l\u2019\u00e9co n\u2019est-il pas surtout un aveu d\u2019\u00e9chec\u00a0? Dans les colonnes du quotidien\u200bSidwaya,\u200bl\u2019\u00e9conomiste burkinab\u00e9 Ouss\u00e9ni Illy souligne les clivages existants entre les pays de l\u2019UEMOA et les autres, en particulier<a href=\"https:\/\/googleweblight.com\/sp?hl=fr-FR&amp;geid=NSTN&amp;u=https:\/\/www.rfi.fr\/fr\/%25C3%25A9conomie\/20200624-monnaie-le-pr%25C3%25A9sident-nigerian-%25C3%25A9voque-risque-dislocation-la-c%25C3%25A9d%25C3%25A9ao\">le Nigeria<\/a>.<\/p>\n<\/div>\n<div>\n<div><\/div>\n<p>Clivage qui bloque le processus d\u2019int\u00e9gration mon\u00e9taire. En effet, que ce soit sur les statuts de la future Banque centrale ou le r\u00e9gime de change de la monnaie commune, les dirigeants n\u2019ont pas avanc\u00e9. Le risque \u00e9tant de laisser le doute sur la volont\u00e9 politique s\u2019installer dans l\u2019opinion.<br \/>\nRFI<\/p>\n<\/div>\n","protected":false},"excerpt":{"rendered":"<p>La monnaie commune aux pays de la C\u00e9d\u00e9ao pourrait ne pas voir le jour avant 2025, au mieux. C\u2019est ce qui ressort des d\u00e9bats tenus ce dimanche par les dirigeants de la C\u00e9d\u00e9ao r\u00e9unis en sommet ordinaire. Les chefs d\u2019\u00c9tat ont d\u00e9cid\u00e9 de repousser \u00e0 janvier 2022 la reprise de l\u2019application de leur pacte de [&hellip;]<\/p>\n","protected":false},"author":2,"featured_media":4293,"comment_status":"open","ping_status":"open","sticky":false,"template":"","format":"standard","meta":{"_jetpack_memberships_contains_paid_content":false,"footnotes":""},"categories":[5],"tags":[],"class_list":["post-4291","post","type-post","status-publish","format-standard","has-post-thumbnail","hentry","category-politique"],"jetpack_featured_media_url":"https:\/\/i0.wp.com\/liberationinfo.com\/wp-content\/uploads\/2021\/01\/BCEAO-360x180-1.png?fit=360%2C180&ssl=1","jetpack-related-posts":[],"jetpack_sharing_enabled":true,"_links":{"self":[{"href":"https:\/\/liberationinfo.com\/index.php\/wp-json\/wp\/v2\/posts\/4291","targetHints":{"allow":["GET"]}}],"collection":[{"href":"https:\/\/liberationinfo.com\/index.php\/wp-json\/wp\/v2\/posts"}],"about":[{"href":"https:\/\/liberationinfo.com\/index.php\/wp-json\/wp\/v2\/types\/post"}],"author":[{"embeddable":true,"href":"https:\/\/liberationinfo.com\/index.php\/wp-json\/wp\/v2\/users\/2"}],"replies":[{"embeddable":true,"href":"https:\/\/liberationinfo.com\/index.php\/wp-json\/wp\/v2\/comments?post=4291"}],"version-history":[{"count":0,"href":"https:\/\/liberationinfo.com\/index.php\/wp-json\/wp\/v2\/posts\/4291\/revisions"}],"wp:featuredmedia":[{"embeddable":true,"href":"https:\/\/liberationinfo.com\/index.php\/wp-json\/wp\/v2\/media\/4293"}],"wp:attachment":[{"href":"https:\/\/liberationinfo.com\/index.php\/wp-json\/wp\/v2\/media?parent=4291"}],"wp:term":[{"taxonomy":"category","embeddable":true,"href":"https:\/\/liberationinfo.com\/index.php\/wp-json\/wp\/v2\/categories?post=4291"},{"taxonomy":"post_tag","embeddable":true,"href":"https:\/\/liberationinfo.com\/index.php\/wp-json\/wp\/v2\/tags?post=4291"}],"curies":[{"name":"wp","href":"https:\/\/api.w.org\/{rel}","templated":true}]}}