{"id":425,"date":"2020-07-08T16:39:43","date_gmt":"2020-07-08T15:39:43","guid":{"rendered":"http:\/\/liberationinfo.com\/?p=425"},"modified":"2020-07-08T16:39:43","modified_gmt":"2020-07-08T15:39:43","slug":"les-origines-africaines-de-cristiano-ronaldo","status":"publish","type":"post","link":"https:\/\/liberationinfo.com\/index.php\/les-origines-africaines-de-cristiano-ronaldo\/","title":{"rendered":"Les origines africaines de Cristiano Ronaldo"},"content":{"rendered":"<h2>Star incontest\u00e9e du ballon rond, Cristiano Ronaldo tr\u00f4ne au sommet du football, depuis une quinzaine d\u2019ann\u00e9es. Obs\u00e9d\u00e9 de travail et toujours \u00e0 la qu\u00eate de l\u2019excellence, le Portugais est consid\u00e9r\u00e9 comme l\u2019arch\u00e9type m\u00eame du parfait footballeur. Des qualit\u00e9s qui seraient dues \u00e0 ses origines africaines.<\/h2>\n<div class=\"bs-irp left bs-irp-thumbnail-1\">\n<div class=\"bs-irp-heading\"><span class=\"h-text heading-typo\">A LIRE AUSSI:<\/span><\/div>\n<div class=\"bs-pagination-wrapper main-term-none next_prev \">\n<div class=\"listing listing-thumbnail listing-tb-1 clearfix columns-1\">\n<div class=\"post-107578 type-post format-standard has-post-thumbnail listing-item listing-item-thumbnail listing-item-tb-1 main-term-23\">\n<div class=\"item-inner clearfix\">\n<div class=\"featured featured-type-featured-image\"><\/div>\n<p class=\"title\"><a class=\"post-url post-title\" href=\"https:\/\/beninwebtv.com\/2020\/06\/video-le-nouveau-sosie-de-cristiano-ronaldo-affole-la-toile\/\">Vid\u00e9o : le nouveau sosie de Cristiano Ronaldo affole la toile<\/a><\/p>\n<div class=\"post-meta\"><span class=\"time\">11 Juin 2020<\/span><\/div>\n<\/div>\n<\/div>\n<div class=\"post-105164 type-post format-standard has-post-thumbnail listing-item listing-item-thumbnail listing-item-tb-1 main-term-23\">\n<div class=\"item-inner clearfix\">\n<div class=\"featured featured-type-featured-image\"><\/div>\n<p class=\"title\"><a class=\"post-url post-title\" href=\"https:\/\/beninwebtv.com\/2020\/06\/cristiano-ronaldo-je-suis-amoureux-de-ces-filles\/\">Cristiano Ronaldo : \u00abJe suis amoureux de ces filles\u00bb<\/a><\/p>\n<div class=\"post-meta\"><span class=\"time\">3 Juin 2020<\/span><\/div>\n<\/div>\n<\/div>\n<div class=\"post-104578 type-post format-standard has-post-thumbnail listing-item listing-item-thumbnail listing-item-tb-1 main-term-23\">\n<div class=\"item-inner clearfix\">\n<div class=\"featured featured-type-featured-image\"><\/div>\n<p class=\"title\"><a class=\"post-url post-title\" href=\"https:\/\/beninwebtv.com\/2020\/06\/italie-ce-que-cristiano-ronaldo-pense-de-son-retour-en-juventus\/\">Italie: de retour \u00e0 la Juventus, Cristiano Ronaldo explose de joie<\/a><\/p>\n<div class=\"post-meta\"><span class=\"time\">2 Juin 2020<\/span><\/div>\n<\/div>\n<\/div>\n<\/div>\n<\/div>\n<div class=\"bs-pagination bs-ajax-pagination next_prev main-term-none clearfix\"><a class=\"btn-bs-pagination prev disabled\" title=\"pr\u00e9c\u00e9dent\"><i class=\"fa fa-angle-left\"><\/i>\u00a0PREV<\/a>\u00a0<a class=\"btn-bs-pagination next\" title=\"Prochain\">NEXT\u00a0<i class=\"fa fa-angle-right\"><\/i><\/a><\/div>\n<\/div>\n<p>N\u00e9 de Maria Dolores Dos Santos Aveiro et de Jos\u00e9 Dinis Aveiro, Cristiano Ronaldo est l\u2019un des meilleurs joueurs de la plan\u00e8te. R\u00e9v\u00e9l\u00e9 au monde, au Portugal, le footballeur est aujourd\u2019hui l\u2019un des plus titr\u00e9s au monde, avec cinq Ballons d\u2019or \u00e0 sa corde. Athl\u00e8te hors-pair, CR7 est un monstre de travail o\u00f9 aucun d\u00e9fi ne lui semble impossible. Des qualit\u00e9s qui seraient dues \u00e0 ses origines africaines. Petit-fils d\u2019Isabel Rosa, l\u2019ancien Madril\u00e8ne est d\u2019origine cap-verdienne de par sa grande-m\u00e8re paternelle, qui est, elle aussi, n\u00e9e d\u2019une union entre un Portugais et une Cap-Verdienne. Guillem Balague, correspondant espagnol pour le m\u00e9dia britannique\u00a0<em>Sky Sports<\/em>, a publi\u00e9, en 2015, une biographie sur le champion d\u2019Europe portugais, Cristiano Ronaldo. R\u00e9cemment traduit en Italien du fait de son transfert \u00e0 Turin, les journalistes transalpins ont r\u00e9v\u00e9l\u00e9 que la star de la Juventus a bel et bien un peu de sang africain dans ses poumons. Et \u00e0 Guillem Balague de conclure que c\u2019est ce qui \u00ab\u00a0<strong><em>explique peut-\u00eatre en partie la force musculaire de Ronaldo, au niveau des fibres<\/em>\u00a0<\/strong>\u00bb.<\/p>\n<div class=\"twitter-tweet twitter-tweet-rendered\"><\/div>\n<div class=\"vtflybom vtflybom-clearfix vtflybom-post-inline vtflybom-float-center vtflybom-align-center vtflybom-column-1\">\n<div id=\"vtflybom-87387-150433438\" class=\"vtflybom-container vtflybom-type-code \">\n<div id=\"vtflybom-87387-150433438-place\"><ins class=\"adsbygoogle\" data-ad-client=\"ca-pub-6310875156064187\" data-ad-slot=\"7353421509\" data-full-width-responsive=\"true\" data-ad-format=\"auto\" data-adsbygoogle-status=\"done\"><ins id=\"aswift_1_expand\"><ins id=\"aswift_1_anchor\"><\/ins><\/ins><\/ins><\/div>\n<\/div>\n<\/div>\n<p>Dans son livre, on apprend \u00e9galement que le p\u00e8re de Cristiano, petit-fils d\u2019Isabela Rosa et d\u00e9c\u00e9d\u00e9 en 2005, n\u2019a pas beaucoup \u00e9t\u00e9 pr\u00e9sent pour sa famille de son vivant\u00a0: \u00ab<strong>\u00a0<em>J\u2019ai suivi les traces de son enfance, j\u2019ai parl\u00e9 avec des amis \u00e0 Mad\u00e8re, dans une banlieue pauvre, o\u00f9 il\u00a0<\/em>(Ronaldo)<em>\u00a0a grandi sans l\u2019affection d\u2019un p\u00e8re alcoolique.<\/em><\/strong>\u00a0\u00bb Dans une interview accord\u00e9e \u00e0\u00a0<em>La Republica<\/em>, Balague en d\u00e9duira que cette enfance difficile est la raison qui a pouss\u00e9 Ronaldo \u00e0 voir, en Sir Alex Ferguson, la figure paternelle, dont il a cruellement manqu\u00e9.<\/p>\n<p>beninweb tv<\/p>\n<div class=\"vtflybom vtflybom-clearfix vtflybom-post-bottom vtflybom-float-center vtflybom-align-center vtflybom-column-1\">\n<div id=\"vtflybom-87387-1032965713\" class=\"vtflybom-container vtflybom-type-code \">\n<div id=\"vtflybom-87387-1032965713-place\"><\/div>\n<\/div>\n<\/div>\n","protected":false},"excerpt":{"rendered":"<p>Star incontest\u00e9e du ballon rond, Cristiano Ronaldo tr\u00f4ne au sommet du football, depuis une quinzaine d\u2019ann\u00e9es. Obs\u00e9d\u00e9 de travail et toujours \u00e0 la qu\u00eate de l\u2019excellence, le Portugais est consid\u00e9r\u00e9 comme l\u2019arch\u00e9type m\u00eame du parfait footballeur. Des qualit\u00e9s qui seraient dues \u00e0 ses origines africaines. A LIRE AUSSI: Vid\u00e9o : le nouveau sosie de Cristiano [&hellip;]<\/p>\n","protected":false},"author":2,"featured_media":426,"comment_status":"open","ping_status":"open","sticky":false,"template":"","format":"standard","meta":{"_jetpack_memberships_contains_paid_content":false,"footnotes":""},"categories":[6,7],"tags":[],"class_list":["post-425","post","type-post","status-publish","format-standard","has-post-thumbnail","hentry","category-societe","category-sport"],"jetpack_featured_media_url":"https:\/\/i0.wp.com\/liberationinfo.com\/wp-content\/uploads\/2020\/07\/CR-1.jpg?fit=750%2C430&ssl=1","jetpack-related-posts":[],"jetpack_sharing_enabled":true,"_links":{"self":[{"href":"https:\/\/liberationinfo.com\/index.php\/wp-json\/wp\/v2\/posts\/425","targetHints":{"allow":["GET"]}}],"collection":[{"href":"https:\/\/liberationinfo.com\/index.php\/wp-json\/wp\/v2\/posts"}],"about":[{"href":"https:\/\/liberationinfo.com\/index.php\/wp-json\/wp\/v2\/types\/post"}],"author":[{"embeddable":true,"href":"https:\/\/liberationinfo.com\/index.php\/wp-json\/wp\/v2\/users\/2"}],"replies":[{"embeddable":true,"href":"https:\/\/liberationinfo.com\/index.php\/wp-json\/wp\/v2\/comments?post=425"}],"version-history":[{"count":0,"href":"https:\/\/liberationinfo.com\/index.php\/wp-json\/wp\/v2\/posts\/425\/revisions"}],"wp:featuredmedia":[{"embeddable":true,"href":"https:\/\/liberationinfo.com\/index.php\/wp-json\/wp\/v2\/media\/426"}],"wp:attachment":[{"href":"https:\/\/liberationinfo.com\/index.php\/wp-json\/wp\/v2\/media?parent=425"}],"wp:term":[{"taxonomy":"category","embeddable":true,"href":"https:\/\/liberationinfo.com\/index.php\/wp-json\/wp\/v2\/categories?post=425"},{"taxonomy":"post_tag","embeddable":true,"href":"https:\/\/liberationinfo.com\/index.php\/wp-json\/wp\/v2\/tags?post=425"}],"curies":[{"name":"wp","href":"https:\/\/api.w.org\/{rel}","templated":true}]}}