{"id":4214,"date":"2021-01-26T10:01:05","date_gmt":"2021-01-26T09:01:05","guid":{"rendered":"https:\/\/liberationinfo.com\/?p=4214"},"modified":"2021-01-26T10:06:05","modified_gmt":"2021-01-26T09:06:05","slug":"zenab-camara-la-deputee-de-boffa-nie-levidence-il-ny-a-pas-de-detenus-politiques","status":"publish","type":"post","link":"https:\/\/liberationinfo.com\/index.php\/zenab-camara-la-deputee-de-boffa-nie-levidence-il-ny-a-pas-de-detenus-politiques\/","title":{"rendered":"Zenab Camara, la d\u00e9put\u00e9e de BOFFA nie l&rsquo;\u00e9vidence: \u00a0\u00bb il n\u2019y a pas de d\u00e9tenus politiques\u00a0\u00bb"},"content":{"rendered":"<div class=\"entry-header\">\n<h1 class=\"jeg_post_title\"><\/h1>\n<\/div>\n<div class=\"entry-content no-share\">\n<div class=\"content-inner \">\n<p><strong>La d\u00e9put\u00e9e uninominale de BOFFA, Zenab Camara deuxi\u00e8me caissi\u00e8re de l&rsquo;assembl\u00e9e nationale, dirig\u00e9 par Amadou Damaro Camara, nie l&rsquo;\u00e9vidence. Depuis plusieurs mois les principaux t\u00e9nors du parti de Cellou Dalein,\u00a0 l&rsquo;UFDG sont \u00e9crou\u00e9s \u00e0 la maison centrale de Conakry, arr\u00eat\u00e9s par le r\u00e9gime aux sorties d&rsquo;une \u00e9lection pr\u00e9sidentielle mouvement\u00e9e et \u00e9maill\u00e9e par des violences.<\/strong><\/p>\n<p><strong>Pour cette jeune d\u00e9put\u00e9e\u00a0 de la neuvi\u00e8me l\u00e9gislature, la Guin\u00e9e n&rsquo;a pas de \u00a0\u00bb prisonniers politiques \u00ab\u00a0,\u00a0 une affirmation qui montre la mauvaise foie de la de deuxi\u00e8me caissi\u00e8re de l&rsquo;assembl\u00e9e nationale. Dans la c\u00e9l\u00e8bre \u00e9mission de nos confr\u00e8res de Djoma m\u00e9dias, \u00a0\u00bb on refait le monde\u00a0\u00bb,\u00a0 ce Lundi 26 Janvier 2021, Zenab Camara a tent\u00e9 de justifier l&rsquo;arrestation des opposants au pouvoir de Conakry.<\/strong><\/p>\n<p><em><strong>\u00a0\u00bb <\/strong>A ma connaissance il n\u2019y a pas de d\u00e9tenus politiques. Pour moi un d\u00e9tenu politique est quelqu\u2019un qui a \u00e9t\u00e9 arr\u00eat\u00e9 pour ses opinions politiques. Les pr\u00e9sum\u00e9s coupables arr\u00eat\u00e9s sont soup\u00e7onn\u00e9s d\u2019avoir commis des d\u00e9lits et crimes notamment trouble \u00e0 l\u2019ordre public, incitation \u00e0 la violence et fabrication d\u2019armes l\u00e9g\u00e8res je pense<strong>\u00ab\u00a0,<\/strong><\/em> <strong>a-t-elle justifi\u00e9, Zenab Camara, sur les antennes de DJOMA m\u00e9dias.<\/strong><\/p>\n<p><strong>A rappeler que plusieurs pays de la communaut\u00e9 internationale condamn\u00e9 ses arrestations arbitraires et cibl\u00e9es des opposants.<\/strong><\/p>\n<p><strong>Mohamed Camara\u00a0<\/strong><\/p>\n<p><strong>621 50 18 47\u00a0<\/strong><\/p>\n<div class=\"jeg_ad jeg_ad_article jnews_content_inline_2_ads \">\n<div class=\"ads-wrapper align-center \">\n<div class=\"ads_code\"><\/div>\n<\/div>\n<\/div>\n<\/div>\n<\/div>\n","protected":false},"excerpt":{"rendered":"<p>La d\u00e9put\u00e9e uninominale de BOFFA, Zenab Camara deuxi\u00e8me caissi\u00e8re de l&rsquo;assembl\u00e9e nationale, dirig\u00e9 par Amadou Damaro Camara, nie l&rsquo;\u00e9vidence. Depuis plusieurs mois les principaux t\u00e9nors du parti de Cellou Dalein,\u00a0 l&rsquo;UFDG sont \u00e9crou\u00e9s \u00e0 la maison centrale de Conakry, arr\u00eat\u00e9s par le r\u00e9gime aux sorties d&rsquo;une \u00e9lection pr\u00e9sidentielle mouvement\u00e9e et \u00e9maill\u00e9e par des violences. Pour [&hellip;]<\/p>\n","protected":false},"author":2,"featured_media":4216,"comment_status":"open","ping_status":"open","sticky":false,"template":"","format":"standard","meta":{"_jetpack_memberships_contains_paid_content":false,"footnotes":""},"categories":[4,5],"tags":[],"class_list":["post-4214","post","type-post","status-publish","format-standard","has-post-thumbnail","hentry","category-actu","category-politique"],"jetpack_featured_media_url":"https:\/\/i0.wp.com\/liberationinfo.com\/wp-content\/uploads\/2021\/01\/20200322_110019-scaled-1.jpg?fit=2560%2C1920&ssl=1","jetpack-related-posts":[],"jetpack_sharing_enabled":true,"_links":{"self":[{"href":"https:\/\/liberationinfo.com\/index.php\/wp-json\/wp\/v2\/posts\/4214","targetHints":{"allow":["GET"]}}],"collection":[{"href":"https:\/\/liberationinfo.com\/index.php\/wp-json\/wp\/v2\/posts"}],"about":[{"href":"https:\/\/liberationinfo.com\/index.php\/wp-json\/wp\/v2\/types\/post"}],"author":[{"embeddable":true,"href":"https:\/\/liberationinfo.com\/index.php\/wp-json\/wp\/v2\/users\/2"}],"replies":[{"embeddable":true,"href":"https:\/\/liberationinfo.com\/index.php\/wp-json\/wp\/v2\/comments?post=4214"}],"version-history":[{"count":0,"href":"https:\/\/liberationinfo.com\/index.php\/wp-json\/wp\/v2\/posts\/4214\/revisions"}],"wp:featuredmedia":[{"embeddable":true,"href":"https:\/\/liberationinfo.com\/index.php\/wp-json\/wp\/v2\/media\/4216"}],"wp:attachment":[{"href":"https:\/\/liberationinfo.com\/index.php\/wp-json\/wp\/v2\/media?parent=4214"}],"wp:term":[{"taxonomy":"category","embeddable":true,"href":"https:\/\/liberationinfo.com\/index.php\/wp-json\/wp\/v2\/categories?post=4214"},{"taxonomy":"post_tag","embeddable":true,"href":"https:\/\/liberationinfo.com\/index.php\/wp-json\/wp\/v2\/tags?post=4214"}],"curies":[{"name":"wp","href":"https:\/\/api.w.org\/{rel}","templated":true}]}}