{"id":3562,"date":"2021-01-09T20:15:18","date_gmt":"2021-01-09T19:15:18","guid":{"rendered":"https:\/\/liberationinfo.com\/?p=3562"},"modified":"2021-01-09T20:27:48","modified_gmt":"2021-01-09T19:27:48","slug":"guinee-lancement-du-concours-national-dadmission-aux-ecoles-professionnelles","status":"publish","type":"post","link":"https:\/\/liberationinfo.com\/index.php\/guinee-lancement-du-concours-national-dadmission-aux-ecoles-professionnelles\/","title":{"rendered":"M.E.T.F.P: Michel Koivogui  lance, les \u00e9preuves du concours national d\u2019admission aux \u00e9coles professionnelles"},"content":{"rendered":"<div><\/div>\n<div><\/div>\n<div><strong>C&rsquo;est parti pour le concours national<\/strong> <strong>d&rsquo;admission des\u00a0 \u00e9coles professionnelles, c&rsquo;est le secr\u00e9taire g\u00e9n\u00e9ral \u00a0du minist\u00e8re de l\u2019enseignement technique, de la formation professionnelle et de l\u2019emploi, qui a pr\u00e9sid\u00e9 le\u00a0 lancement des \u00e9preuves du concours d&rsquo;acc\u00e8s aux \u00e9coles professionnelles.<\/strong><\/div>\n<div><\/div>\n<div><strong>Entour\u00e9 des cadres de son d\u00e9partement, c&rsquo;est\u00a0 l&rsquo;\u00e9cole nationale de secr\u00e9tariat administratif guin\u00e9en (ENSAG) qui a servi de cadres, ce samedi 9 janvier 2021, pour le lancement des \u00e9preuves du concours national d\u2019entr\u00e9e aux \u00e9coles professionnelles, ERAM\u00a0 (Ecole r\u00e9gionales des arts et metiers) et ENI (Ecole nationale d&rsquo;instituteurs) pour la session 2020.<\/strong><\/div>\n<div><\/div>\n<div><strong>Au total ils sont 5637 candidats dont 615 pour les ERAM, 262 pour les ENI et 4 760 venus des \u00e9coles priv\u00e9es de sant\u00e9, qui participent \u00e0 ce concours national. Les \u00e9preuves ont \u00e9t\u00e9 lanc\u00e9es aux environs de 9h \u00e0 l&rsquo;ENSAG, l\u2019un des centres de Conakry<\/strong>.<\/div>\n<div><\/div>\n<div><em>\u00a0\u00bb C\u2019est un devoir du minist\u00e8re de l\u2019enseignement technique de recruter des jeunes guin\u00e9ens et de les placer au niveau des \u00e9coles de formation professionnelle pour qu\u2019ils puissent b\u00e9n\u00e9ficier d&rsquo;une comp\u00e9tence leur permettant de s\u2019ins\u00e9rer. C\u2019est vrai qu\u2019il y a eu un premier recrutement parmi ces candidats. Mais nous ne l\u2019avions pas fait pour les ERAM. Et les ENI n\u2019ont pas \u00e9t\u00e9 suffisamment combl\u00e9es. Ensuite, les \u00e9coles priv\u00e9es n\u2019ont pas pu avoir le quota qu\u2019elles souhaitaient.<\/em><\/div>\n<div><em>Nous nous sommes dit, pour une question d\u2019obligation d\u2019\u00e9quit\u00e9, de normalisation, nous devons refaire un deuxi\u00e8me concours de recrutement permettant non seulement de pouvoir ouvrir les ERAM, de compl\u00e9ter les effectifs des ENI mais aussi, aux \u00e9coles priv\u00e9es d\u2019engranger le nombre de candidats qu\u2019elles souhaitent \u00bb<\/em>, a mentionn\u00e9 le secr\u00e9taire g\u00e9n\u00e9ral.<\/div>\n<div>\n<div><\/div>\n<div><\/div>\n<div><strong>Avant de poursuivre, le secr\u00e9taire g\u00e9n\u00e9ral a rassur\u00e9 quand aux dispositions prises pour le bon d\u00e9roulement des \u00e9preuves.<\/strong><\/div>\n<div><strong>Comme les ann\u00e9es ant\u00e9rieures<\/strong>. \u00a0\u00bb <em>Nous estimons que tout candidat qui postule et qui veut apprendre \u00e0 l\u2019enseignement technique doit \u00eatre d\u2019abord d\u2019une moralit\u00e9 irr\u00e9prochable, c\u2019est-\u00e0-dire, il doit \u00e9viter de copier ou de tricher. Les surveillants sont invit\u00e9s \u00e0 observer la m\u00eame rigueur, ils ne seront pas m\u00e9chants mais rigoureux pour que seulement les m\u00e9ritants puissent \u00eatre admis.<\/em><\/div>\n<\/div>\n<div><em>Pour cette fois-ci, la nouveaut\u00e9 c\u2019est l\u2019inauguration des ERAM (Ecoles R\u00e9gionales des Arts et M\u00e9tiers) notamment de Bok\u00e9, Lab\u00e9, Siguiri et Nz\u00e9r\u00e9kor\u00e9 qui re\u00e7oivent au total 615 candidats. Selon le secr\u00e9taire g\u00e9n\u00e9ral du minist\u00e8re de l\u2019enseignement technique, de la formation professionnelle et de l\u2019emploi, ces \u00e9coles sont d\u00e9sormais pr\u00eates pour accueillir des apprenants.<\/em><\/div>\n<div><em>Les ERAM sont pr\u00eates dans la mesure o\u00f9 les infrastructures sont finies, les \u00e9quipements sont l\u00e0, les formateurs sont form\u00e9s et affect\u00e9s dans les centres. Nous sommes en train de recruter, parall\u00e8lement finaliser les installations et former les formateurs qui doivent les utiliser. Il y a une particularit\u00e9 que l\u2019on doit comprendre : chacun se dit \u00e9cole des arts et m\u00e9tiers et on les compare \u00e0 l\u2019ENAM. Quand bien-m\u00eame l\u2019ENAM est une \u00e9cole nationale des arts et m\u00e9tiers, mais elle s&rsquo;occupe du secteur secondaire uniquement alors que les \u00e9coles r\u00e9gionales des arts et m\u00e9tiers qui sont dans les huit r\u00e9gions vont non seulement \u00e9voluer dans le secondaire mais aussi le primaire et tertiaire. Ce qui est une fondamentale diff\u00e9rence. Les formateurs de ces ERAM sont form\u00e9s sp\u00e9cialement sur les fili\u00e8res bien d\u00e9finies dont ont besoin les secteurs cit\u00e9s ci-haut<\/em> \u00a0\u00bb a ajout\u00e9 Michel Koivogui.<\/div>\n<div><\/div>\n<div><strong>Fatou Tour\u00e9, l&rsquo;inspetrice r\u00e9gionale du minist\u00e8re de l&rsquo;enseignement technique et de la formation professionnelle et de l&#8217;emploi, a parl\u00e9 des\u00a0 dispositions s\u00e9curitaires et sanitaires prises par le d\u00e9partement pour le bon d\u00e9roulement des \u00e9preuves. Les candidats sont soumis au lavage de mains au niveau de ce centre ainsi qu\u2019au port obligatoire de masques. Cette mesure sanitaire est respect\u00e9e \u00e9galement par l\u2019ensemble des surveillants et encadreurs.<\/strong><\/div>\n<div>\u00a0<em>\u00a0\u00bb Les enfants et les surveillants ont tous des masques, il y a des kits sanitaires install\u00e9s \u00e0 l\u2019entr\u00e9e de ce centre. Nous avons deux centres \u00e0 Conakry \u00e0 savoir l\u2019ENSAG qui regroupe les \u00e9coles priv\u00e9es, les ERAM et les CPI de Donka \u00ab\u00a0<\/em>, a rassur\u00e9 l\u2019inspectrice r\u00e9gionale.<\/div>\n<div><\/div>\n<div><strong>Mohamed Camara<\/strong><\/div>\n<div><\/div>\n<div><strong>621 50 18 47<\/strong><\/div>\n","protected":false},"excerpt":{"rendered":"<p>C&rsquo;est parti pour le concours national d&rsquo;admission des\u00a0 \u00e9coles professionnelles, c&rsquo;est le secr\u00e9taire g\u00e9n\u00e9ral \u00a0du minist\u00e8re de l\u2019enseignement technique, de la formation professionnelle et de l\u2019emploi, qui a pr\u00e9sid\u00e9 le\u00a0 lancement des \u00e9preuves du concours d&rsquo;acc\u00e8s aux \u00e9coles professionnelles. Entour\u00e9 des cadres de son d\u00e9partement, c&rsquo;est\u00a0 l&rsquo;\u00e9cole nationale de secr\u00e9tariat administratif guin\u00e9en (ENSAG) qui a [&hellip;]<\/p>\n","protected":false},"author":2,"featured_media":3565,"comment_status":"open","ping_status":"open","sticky":false,"template":"","format":"standard","meta":{"_jetpack_memberships_contains_paid_content":false,"footnotes":""},"categories":[5,6],"tags":[],"class_list":["post-3562","post","type-post","status-publish","format-standard","has-post-thumbnail","hentry","category-politique","category-societe"],"jetpack_featured_media_url":"https:\/\/i0.wp.com\/liberationinfo.com\/wp-content\/uploads\/2021\/01\/received_2981479612138351-1.jpg?fit=1633%2C1172&ssl=1","jetpack-related-posts":[],"jetpack_sharing_enabled":true,"_links":{"self":[{"href":"https:\/\/liberationinfo.com\/index.php\/wp-json\/wp\/v2\/posts\/3562","targetHints":{"allow":["GET"]}}],"collection":[{"href":"https:\/\/liberationinfo.com\/index.php\/wp-json\/wp\/v2\/posts"}],"about":[{"href":"https:\/\/liberationinfo.com\/index.php\/wp-json\/wp\/v2\/types\/post"}],"author":[{"embeddable":true,"href":"https:\/\/liberationinfo.com\/index.php\/wp-json\/wp\/v2\/users\/2"}],"replies":[{"embeddable":true,"href":"https:\/\/liberationinfo.com\/index.php\/wp-json\/wp\/v2\/comments?post=3562"}],"version-history":[{"count":0,"href":"https:\/\/liberationinfo.com\/index.php\/wp-json\/wp\/v2\/posts\/3562\/revisions"}],"wp:featuredmedia":[{"embeddable":true,"href":"https:\/\/liberationinfo.com\/index.php\/wp-json\/wp\/v2\/media\/3565"}],"wp:attachment":[{"href":"https:\/\/liberationinfo.com\/index.php\/wp-json\/wp\/v2\/media?parent=3562"}],"wp:term":[{"taxonomy":"category","embeddable":true,"href":"https:\/\/liberationinfo.com\/index.php\/wp-json\/wp\/v2\/categories?post=3562"},{"taxonomy":"post_tag","embeddable":true,"href":"https:\/\/liberationinfo.com\/index.php\/wp-json\/wp\/v2\/tags?post=3562"}],"curies":[{"name":"wp","href":"https:\/\/api.w.org\/{rel}","templated":true}]}}