{"id":3516,"date":"2021-01-08T17:16:22","date_gmt":"2021-01-08T16:16:22","guid":{"rendered":"https:\/\/liberationinfo.com\/?p=3516"},"modified":"2021-01-08T17:19:14","modified_gmt":"2021-01-08T16:19:14","slug":"fonike-mengue-evacue-durgence-a-lhopital-ignace-deen","status":"publish","type":"post","link":"https:\/\/liberationinfo.com\/index.php\/fonike-mengue-evacue-durgence-a-lhopital-ignace-deen\/","title":{"rendered":"Fonik\u00e9 Mengu\u00e8 \u00e9vacu\u00e9  d\u2019urgence \u00e0 l\u2019h\u00f4pital Ignace Deen!"},"content":{"rendered":"<div class=\"td-post-header\">\n<p>&nbsp;<\/p>\n<header class=\"td-post-title\">\n<div class=\"td-module-meta-info\"><\/div>\n<\/header>\n<\/div>\n<div class=\"td-post-content tagdiv-type\">\n<div><strong>C\u2019est\u00a0 information de derni\u00e8re minute. Le responsable des op\u00e9rations du FNDC Fonik\u00e9 Mengu\u00e8 vient d\u2019\u00eatre \u00e9vacu\u00e9 \u00e0 l\u2019h\u00f4pital CHU ignace Deen.<\/strong><\/div>\n<div><\/div>\n<div><strong>A quelques jours de son proc\u00e8s pr\u00e9vu le 11 janvier, Oumar Sylla alias Fonik\u00e8 Mangu\u00eb vient d\u2019avoir un choc. Apr\u00e8s plusieurs semaines de la gr\u00e8ve de faim suite \u00e0 sa\u00a0 d\u00e9tention prolong\u00e9e\u00a0 \u00e0 la Maison centrale sans jugement, Oumar Sylla alias Fonik\u00e8 Mangu\u00eb serait souffrant de \u00ab douleurs abdominales \u00bb ..<\/strong><\/div>\n<div><\/div>\n<div><\/div>\n<div><strong>Il a \u00e9t\u00e9 \u00e9vacu\u00e9 \u00e0 l\u2019h\u00f4pital ignace Deen pour des consultations, a indiqu\u00e9 son avocat\u00a0 Me Salifou\u00a0 B\u00e9avogui, Joint au t\u00e9l\u00e9phone par notre r\u00e9daction.<\/strong><\/div>\n<div><\/div>\n<div><strong>Pour rappel, le responsable des op\u00e9rations du front national pour la d\u00e9fense de la constitution (FNDC) devra passer\u00a0 \u00e0 la barre ce lundi 11 janvier au Tribunal de Premi\u00e8re instance de Mafanco.<\/strong><\/div>\n<\/div>\n<div><\/div>\n<div><strong>Lib\u00e9rationinfos.com\u00a0<\/strong><\/div>\n","protected":false},"excerpt":{"rendered":"<p>&nbsp; C\u2019est\u00a0 information de derni\u00e8re minute. Le responsable des op\u00e9rations du FNDC Fonik\u00e9 Mengu\u00e8 vient d\u2019\u00eatre \u00e9vacu\u00e9 \u00e0 l\u2019h\u00f4pital CHU ignace Deen. A quelques jours de son proc\u00e8s pr\u00e9vu le 11 janvier, Oumar Sylla alias Fonik\u00e8 Mangu\u00eb vient d\u2019avoir un choc. Apr\u00e8s plusieurs semaines de la gr\u00e8ve de faim suite \u00e0 sa\u00a0 d\u00e9tention prolong\u00e9e\u00a0 \u00e0 [&hellip;]<\/p>\n","protected":false},"author":2,"featured_media":3518,"comment_status":"open","ping_status":"open","sticky":false,"template":"","format":"standard","meta":{"_jetpack_memberships_contains_paid_content":false,"footnotes":""},"categories":[4,5,6],"tags":[],"class_list":["post-3516","post","type-post","status-publish","format-standard","has-post-thumbnail","hentry","category-actu","category-politique","category-societe"],"jetpack_featured_media_url":"https:\/\/i0.wp.com\/liberationinfo.com\/wp-content\/uploads\/2021\/01\/telechargement-33.jpeg?fit=258%2C196&ssl=1","jetpack-related-posts":[],"jetpack_sharing_enabled":true,"_links":{"self":[{"href":"https:\/\/liberationinfo.com\/index.php\/wp-json\/wp\/v2\/posts\/3516","targetHints":{"allow":["GET"]}}],"collection":[{"href":"https:\/\/liberationinfo.com\/index.php\/wp-json\/wp\/v2\/posts"}],"about":[{"href":"https:\/\/liberationinfo.com\/index.php\/wp-json\/wp\/v2\/types\/post"}],"author":[{"embeddable":true,"href":"https:\/\/liberationinfo.com\/index.php\/wp-json\/wp\/v2\/users\/2"}],"replies":[{"embeddable":true,"href":"https:\/\/liberationinfo.com\/index.php\/wp-json\/wp\/v2\/comments?post=3516"}],"version-history":[{"count":0,"href":"https:\/\/liberationinfo.com\/index.php\/wp-json\/wp\/v2\/posts\/3516\/revisions"}],"wp:featuredmedia":[{"embeddable":true,"href":"https:\/\/liberationinfo.com\/index.php\/wp-json\/wp\/v2\/media\/3518"}],"wp:attachment":[{"href":"https:\/\/liberationinfo.com\/index.php\/wp-json\/wp\/v2\/media?parent=3516"}],"wp:term":[{"taxonomy":"category","embeddable":true,"href":"https:\/\/liberationinfo.com\/index.php\/wp-json\/wp\/v2\/categories?post=3516"},{"taxonomy":"post_tag","embeddable":true,"href":"https:\/\/liberationinfo.com\/index.php\/wp-json\/wp\/v2\/tags?post=3516"}],"curies":[{"name":"wp","href":"https:\/\/api.w.org\/{rel}","templated":true}]}}