{"id":3349,"date":"2020-12-21T13:24:46","date_gmt":"2020-12-21T12:24:46","guid":{"rendered":"https:\/\/liberationinfo.com\/?p=3349"},"modified":"2020-12-21T13:24:46","modified_gmt":"2020-12-21T12:24:46","slug":"alpha-conde-debute-officiellement-sa-nouvelle-mandature","status":"publish","type":"post","link":"https:\/\/liberationinfo.com\/index.php\/alpha-conde-debute-officiellement-sa-nouvelle-mandature\/","title":{"rendered":"Alpha Cond\u00e9, d\u00e9bute officiellement sa nouvelle mandature"},"content":{"rendered":"<div class=\"jeg_navbar_mobile_wrapper\">\n<div class=\"jeg_navbar_mobile notransition jeg_sticky_nav\">\n<div class=\"jeg_mobile_bottombar jeg_mobile_midbar jeg_container normal\">\n<div class=\"container\">\n<div class=\"jeg_nav_row\">\n<div class=\"jeg_nav_col jeg_nav_center jeg_nav_grow\">\n<div class=\"item_wrap jeg_nav_aligncenter\">\n<div class=\"jeg_nav_item jeg_mobile_logo\">\n<div class=\"site-title\"><\/div>\n<\/div>\n<\/div>\n<\/div>\n<\/div>\n<\/div>\n<\/div>\n<\/div>\n<\/div>\n<div class=\"post-wrapper\">\n<div class=\"post-wrap post-autoload loaded\" data-id=\"23068\">\n<div class=\"jeg_main jeg_sidebar_none\">\n<div class=\"jeg_container\">\n<div class=\"jeg_content jeg_singlepage\">\n<div class=\"container\">\n<div class=\"row\">\n<div class=\"jeg_main_content col-md-12\">\n<div class=\"jeg_inner_content\">\n<div class=\"entry-header\">\n<div class=\"jeg_meta_container\">\n<div class=\"jeg_post_meta jeg_post_meta_1\">\n<div class=\"meta_left\">\n<div class=\"jeg_meta_date\"><\/div>\n<\/div>\n<div class=\"meta_right\"><\/div>\n<\/div>\n<\/div>\n<\/div>\n<div class=\"jeg_featured featured_image\">\n<div class=\"thumbnail-container animate-lazy\"><\/div>\n<\/div>\n<div class=\"entry-content no-share\">\n<div class=\"jeg_share_button share-float jeg_sticky_share clearfix share-monocrhome\">\n<div class=\"jeg_share_float_container\"><\/div>\n<\/div>\n<div class=\"content-inner \">\n<p><strong>Moins\u00a0 d&rsquo;une semaine apr\u00e8s sa prestation de serment devant un parterre d&rsquo;invit\u00e9s des chefs d&rsquo;\u00c9tats de la sous r\u00e9gion et des autres r\u00e9gions de l&rsquo;Afrique. Alpha Cond\u00e9 d\u00e9bute ce Lundi 21 D\u00e9cembre 2020, le premier mandat de la quatri\u00e8me R\u00e9publique.\u00a0<\/strong><\/p>\n<div class=\"jeg_ad jeg_ad_article jnews_content_inline_ads  \">\n<div class=\"ads-wrapper align-right \"><strong>La c\u00e9r\u00e9monie d\u2019installation s\u2019est d\u00e9roul\u00e9e conform\u00e9ment \u00e0 l\u2019article 41 de la constitution du 07 Mai 2010 abrog\u00e9e.<\/strong><\/div>\n<\/div>\n<p><strong>C\u2019est le Pr\u00e9sident de la Cour Constitutionnelle qui a offici\u00e9 la c\u00e9r\u00e9monie en pr\u00e9sence des Conseillers de l\u2019institution et de la premi\u00e8re dame, Hadja Dj\u00e9n\u00e8 Cond\u00e9.<\/strong><\/p>\n<p><strong>Mohamed Camara\u00a0<\/strong><\/p>\n<\/div>\n<\/div>\n<\/div>\n<\/div>\n<\/div>\n<\/div>\n<\/div>\n<\/div>\n<\/div>\n<\/div>\n<\/div>\n","protected":false},"excerpt":{"rendered":"<p>Moins\u00a0 d&rsquo;une semaine apr\u00e8s sa prestation de serment devant un parterre d&rsquo;invit\u00e9s des chefs d&rsquo;\u00c9tats de la sous r\u00e9gion et des autres r\u00e9gions de l&rsquo;Afrique. Alpha Cond\u00e9 d\u00e9bute ce Lundi 21 D\u00e9cembre 2020, le premier mandat de la quatri\u00e8me R\u00e9publique.\u00a0 La c\u00e9r\u00e9monie d\u2019installation s\u2019est d\u00e9roul\u00e9e conform\u00e9ment \u00e0 l\u2019article 41 de la constitution du 07 Mai [&hellip;]<\/p>\n","protected":false},"author":2,"featured_media":3350,"comment_status":"open","ping_status":"open","sticky":false,"template":"","format":"standard","meta":{"_jetpack_memberships_contains_paid_content":false,"footnotes":""},"categories":[4,5],"tags":[],"class_list":["post-3349","post","type-post","status-publish","format-standard","has-post-thumbnail","hentry","category-actu","category-politique"],"jetpack_featured_media_url":"https:\/\/i0.wp.com\/liberationinfo.com\/wp-content\/uploads\/2020\/12\/FB_IMG_16085526164291244.jpg?fit=720%2C479&ssl=1","jetpack-related-posts":[],"jetpack_sharing_enabled":true,"_links":{"self":[{"href":"https:\/\/liberationinfo.com\/index.php\/wp-json\/wp\/v2\/posts\/3349","targetHints":{"allow":["GET"]}}],"collection":[{"href":"https:\/\/liberationinfo.com\/index.php\/wp-json\/wp\/v2\/posts"}],"about":[{"href":"https:\/\/liberationinfo.com\/index.php\/wp-json\/wp\/v2\/types\/post"}],"author":[{"embeddable":true,"href":"https:\/\/liberationinfo.com\/index.php\/wp-json\/wp\/v2\/users\/2"}],"replies":[{"embeddable":true,"href":"https:\/\/liberationinfo.com\/index.php\/wp-json\/wp\/v2\/comments?post=3349"}],"version-history":[{"count":0,"href":"https:\/\/liberationinfo.com\/index.php\/wp-json\/wp\/v2\/posts\/3349\/revisions"}],"wp:featuredmedia":[{"embeddable":true,"href":"https:\/\/liberationinfo.com\/index.php\/wp-json\/wp\/v2\/media\/3350"}],"wp:attachment":[{"href":"https:\/\/liberationinfo.com\/index.php\/wp-json\/wp\/v2\/media?parent=3349"}],"wp:term":[{"taxonomy":"category","embeddable":true,"href":"https:\/\/liberationinfo.com\/index.php\/wp-json\/wp\/v2\/categories?post=3349"},{"taxonomy":"post_tag","embeddable":true,"href":"https:\/\/liberationinfo.com\/index.php\/wp-json\/wp\/v2\/tags?post=3349"}],"curies":[{"name":"wp","href":"https:\/\/api.w.org\/{rel}","templated":true}]}}