{"id":30629,"date":"2026-09-05T22:00:04","date_gmt":"2026-09-05T22:00:04","guid":{"rendered":"https:\/\/liberationinfo.com\/?p=30629"},"modified":"2026-09-05T22:00:04","modified_gmt":"2026-09-05T22:00:04","slug":"mamadi-doumbouya-le-5-septembre-nest-pas-un-jour-de-triomphe-cest-un-jour-de-deuil-de-gravite","status":"publish","type":"post","link":"https:\/\/liberationinfo.com\/index.php\/mamadi-doumbouya-le-5-septembre-nest-pas-un-jour-de-triomphe-cest-un-jour-de-deuil-de-gravite\/","title":{"rendered":"Mamadi Doumbouya: \u00ab\u00a0Le 5 septembre n\u2019est pas un jour de triomphe. C\u2019est un jour de deuil, de gravit\u00e9&#8230;\u00a0\u00bb"},"content":{"rendered":"<p>&nbsp;<\/p>\n<p><strong>Mes chers compatriotes, Peuple souverain de la R\u00e9publique de Guin\u00e9e\u00a0<\/strong><\/p>\n<p>Il y a cinq ans, \u00e0 l\u2019aube du 5 septembre, des femmes et des hommes de nos Forces de d\u00e9fense et de s\u00e9curit\u00e9 ont fait le choix du risque absolu.<\/p>\n<p>Ils n\u2019ont rien demand\u00e9 pour eux-m\u00eames. Ils ont simplement refus\u00e9 que la R\u00e9publique de Guin\u00e9e continue de s\u2019ab\u00eemer.<\/p>\n<p>En ce jour, ma premi\u00e8re pens\u00e9e n\u2019est pas pour ce que nous avons b\u00e2ti depuis. Elle est pour ceux qui ne sont plus parmi nous.<br \/>\nPour les fils de ce pays tomb\u00e9s ce jour-l\u00e0, et sur le chemin qui a suivi, au service de la patrie.<\/p>\n<p>Pour leurs m\u00e8res, leurs p\u00e8res, leurs \u00e9pouses, leurs enfants, qui portent une absence que rien ne comblera.<\/p>\n<p>J\u2019\u00e9l\u00e8ve vers le Tout-Puissant une pri\u00e8re pour le repos de leurs \u00e2mes, et je demande \u00e0 chaque Guin\u00e9enne et \u00e0 chaque Guin\u00e9en, o\u00f9 qu\u2019il se trouve, de leur accorder aujourd\u2019hui un moment de silence et de recueillement.<\/p>\n<p>Le 5 septembre n\u2019est pas un jour de triomphe. C\u2019est un jour de deuil, de gravit\u00e9 et de m\u00e9moire.<\/p>\n<p>De ce sacrifice, un peuple entier a h\u00e9rit\u00e9 d\u2019une responsabilit\u00e9. Et cette responsabilit\u00e9, nous l\u2019avons honor\u00e9e l\u00e0 o\u00f9 l\u2019on ne nous attendait pas : nous avons fait reculer l\u2019ethnocentrisme. Ce poison qui, pendant des d\u00e9cennies, a dress\u00e9 le Guin\u00e9en contre le Guin\u00e9en, n\u2019a plus droit de cit\u00e9 dans notre R\u00e9publique.<\/p>\n<p>Le vivre-ensemble n\u2019est plus un discours de circonstance ; il est devenu une r\u00e9alit\u00e9, et cette r\u00e9alit\u00e9 est d\u00e9sormais irr\u00e9versible.<br \/>\nJe mesure chaque jour le poids de la charge qui m\u2019a \u00e9t\u00e9 confi\u00e9e. Je ne la porte pas seul, et je n\u2019ai jamais pr\u00e9tendu la porter seul. Ma d\u00e9termination \u00e0 servir la patrie demeure intacte, et elle ne faiblira pas.<\/p>\n<p>Devant vous, je r\u00e9affirme un engagement simple : la vision Simandou 2040 sera ex\u00e9cut\u00e9e avec la rigueur, la m\u00e9thode et la constance qu\u2019elle exige. Non pour la gloire d\u2019un homme ni d\u2019une g\u00e9n\u00e9ration, mais pour que nos enfants h\u00e9ritent enfin d\u2019une Guin\u00e9e prosp\u00e8re, digne et souveraine.<\/p>\n<p>Les r\u00e9formes engag\u00e9es et les projets structurants seront men\u00e9s \u00e0 leur terme. Je m\u2019y engage devant vous, sans r\u00e9serve et sans d\u00e9tour, pour le mieux-\u00eatre de notre peuple.<\/p>\n<p>\u00c0 nos Forces de d\u00e9fense et de s\u00e9curit\u00e9, \u00e0 leurs familles, \u00e0 ce peuple patient et debout : la Nation vous doit sa reconnaissance.<\/p>\n<p>Que Dieu b\u00e9nisse la R\u00e9publique de Guin\u00e9e.<\/p>\n<p>\ud835\udc12.\ud835\udc04 \ud835\udc0c\ud835\udc1a\ud835\udc26\ud835\udc1a\ud835\udc1d\ud835\udc22 \ud835\udc03\ud835\udc0e\ud835\udc14\ud835\udc0c\ud835\udc01\ud835\udc0e\ud835\udc14\ud835\udc18\ud835\udc00<br \/>\nPr\u00e9sident de la R\u00e9publique<\/p>\n","protected":false},"excerpt":{"rendered":"<p>&nbsp; Mes chers compatriotes, Peuple souverain de la R\u00e9publique de Guin\u00e9e\u00a0 Il y a cinq ans, \u00e0 l\u2019aube du 5 septembre, des femmes et des hommes de nos Forces de d\u00e9fense et de s\u00e9curit\u00e9 ont fait le choix du risque absolu. Ils n\u2019ont rien demand\u00e9 pour eux-m\u00eames. Ils ont simplement refus\u00e9 que la R\u00e9publique de [&hellip;]<\/p>\n","protected":false},"author":2,"featured_media":30630,"comment_status":"closed","ping_status":"closed","sticky":false,"template":"","format":"standard","meta":{"_jetpack_newsletter_access":"","_jetpack_dont_email_post_to_subs":false,"_jetpack_newsletter_tier_id":0,"_jetpack_memberships_contains_paywalled_content":false,"_jetpack_memberships_contains_paid_content":false,"footnotes":""},"categories":[5,6],"tags":[],"class_list":["post-30629","post","type-post","status-publish","format-standard","has-post-thumbnail","hentry","category-politique","category-societe"],"jetpack-related-posts":[],"jetpack_sharing_enabled":true,"jetpack_featured_media_url":"https:\/\/i0.wp.com\/liberationinfo.com\/wp-content\/uploads\/2026\/09\/1788645209324.jpg?fit=1070%2C598&ssl=1","_links":{"self":[{"href":"https:\/\/liberationinfo.com\/index.php\/wp-json\/wp\/v2\/posts\/30629","targetHints":{"allow":["GET"]}}],"collection":[{"href":"https:\/\/liberationinfo.com\/index.php\/wp-json\/wp\/v2\/posts"}],"about":[{"href":"https:\/\/liberationinfo.com\/index.php\/wp-json\/wp\/v2\/types\/post"}],"author":[{"embeddable":true,"href":"https:\/\/liberationinfo.com\/index.php\/wp-json\/wp\/v2\/users\/2"}],"replies":[{"embeddable":true,"href":"https:\/\/liberationinfo.com\/index.php\/wp-json\/wp\/v2\/comments?post=30629"}],"version-history":[{"count":1,"href":"https:\/\/liberationinfo.com\/index.php\/wp-json\/wp\/v2\/posts\/30629\/revisions"}],"predecessor-version":[{"id":30631,"href":"https:\/\/liberationinfo.com\/index.php\/wp-json\/wp\/v2\/posts\/30629\/revisions\/30631"}],"wp:featuredmedia":[{"embeddable":true,"href":"https:\/\/liberationinfo.com\/index.php\/wp-json\/wp\/v2\/media\/30630"}],"wp:attachment":[{"href":"https:\/\/liberationinfo.com\/index.php\/wp-json\/wp\/v2\/media?parent=30629"}],"wp:term":[{"taxonomy":"category","embeddable":true,"href":"https:\/\/liberationinfo.com\/index.php\/wp-json\/wp\/v2\/categories?post=30629"},{"taxonomy":"post_tag","embeddable":true,"href":"https:\/\/liberationinfo.com\/index.php\/wp-json\/wp\/v2\/tags?post=30629"}],"curies":[{"name":"wp","href":"https:\/\/api.w.org\/{rel}","templated":true}]}}