{"id":30622,"date":"2026-09-05T18:59:06","date_gmt":"2026-09-05T18:59:06","guid":{"rendered":"https:\/\/liberationinfo.com\/?p=30622"},"modified":"2026-09-05T18:59:06","modified_gmt":"2026-09-05T18:59:06","slug":"collectif-des-avocats-de-monsieur-algassimou-diallo-donne-ses-nouvelles","status":"publish","type":"post","link":"https:\/\/liberationinfo.com\/index.php\/collectif-des-avocats-de-monsieur-algassimou-diallo-donne-ses-nouvelles\/","title":{"rendered":"COLLECTIF DES AVOCATS DE MONSIEUR ALGASSIMOU DIALLO DONNE SES NOUVELLES\u00a0"},"content":{"rendered":"<p>&nbsp;<\/p>\n<p>Le Collectif des avocats de Monsieur Algassimou DIALLO informe l&rsquo;opinion publique qu&rsquo;il r\u00e9sulte d&rsquo;informations concordantes, recueillies ce jour, 5 septembre 2026, que Monsieur Algassimou DIALLO ne se trouve plus dans sa cellule depuis ce matin. Il aurait \u00e9t\u00e9 extrait de son lieu de d\u00e9tention et conduit vers une destination inconnue. Les autorit\u00e9s judiciaires contact\u00e9es d\u00e9clarent n&rsquo;en rien savoir et les d\u00e9marches entreprises aupr\u00e8s de l&rsquo;\u00e9tablissement p\u00e9nitentiaire sont demeur\u00e9es sans r\u00e9ponse. Aucun ordre d&rsquo;extraction n&rsquo;a \u00e9t\u00e9 port\u00e9 \u00e0 la connaissance de la d\u00e9fense. Ni sa famille ni ses conseils ne savent o\u00f9 il se trouve.<\/p>\n<p>Cette disparition survient au terme d&rsquo;une proc\u00e9dure dont la d\u00e9fense a relev\u00e9 la rapidit\u00e9 : saisi le 2 septembre 2026 d&rsquo;observations, de demandes d&rsquo;actes et d&rsquo;une expertise de l&rsquo;enregistrement sonore qui constitue l&rsquo;unique preuve de l&rsquo;accusation, le juge d&rsquo;instruction rejetait le tout d\u00e8s le lendemain et renvoyait Monsieur DIALLO devant les chambres r\u00e9unies de la Cour supr\u00eame. \u00c0 l&rsquo;audience du 4 septembre, o\u00f9 il est apparu en bonne sant\u00e9 et n&rsquo;a formul\u00e9 aucune plainte, la demande de renvoi de l&rsquo;affaire au mois d&rsquo;octobre, fond\u00e9e sur les vacances judiciaires des avocats, a \u00e9t\u00e9 mise en d\u00e9lib\u00e9r\u00e9 au mardi 8 septembre 2026.<\/p>\n<p>Aucun motif m\u00e9dical ne saurait, en tout \u00e9tat de cause, expliquer une telle sortie de la maison d&rsquo;arr\u00eat. Le Collectif exprime les plus vives inqui\u00e9tudes pour la vie, la s\u00e9curit\u00e9 et l&rsquo;int\u00e9grit\u00e9 physique de son client, d\u00e9tenu plac\u00e9 sous la garde et sous la responsabilit\u00e9 de l&rsquo;\u00c9tat.<\/p>\n<p>Le Collectif rappelle qu&rsquo;il incombe aux autorit\u00e9s judiciaires, p\u00e9nitentiaires et s\u00e9curitaires de r\u00e9pondre de toute personne plac\u00e9e sous la garde de l&rsquo;\u00c9tat et d&rsquo;assurer sa protection. Il leur demande instamment que le lieu o\u00f9 se trouve Monsieur Algassimou DIALLO soit imm\u00e9diatement port\u00e9 \u00e0 la connaissance de sa famille et de ses conseils, et que ceux-ci puissent le rencontrer sans d\u00e9lai. \u00c0 d\u00e9faut, le Collectif saisira les instances nationales et internationales comp\u00e9tentes.<\/p>\n<p><strong>Fait \u00e0 Conakry, le 5 septembre 2026<\/strong><\/p>\n<p><strong>Le Collectif des Avocats de Monsieur Algassimou DIALLO<\/strong><\/p>\n<p>&nbsp;<\/p>\n<p><a href=\"https:\/\/i0.wp.com\/liberationinfo.com\/wp-content\/uploads\/2026\/09\/1788634318105.jpg\"><img data-recalc-dims=\"1\" loading=\"lazy\" decoding=\"async\" class=\"alignnone size-medium wp-image-30623\" src=\"https:\/\/i0.wp.com\/liberationinfo.com\/wp-content\/uploads\/2026\/09\/1788634318105.jpg?resize=272%2C300\" alt=\"\" width=\"272\" height=\"300\" srcset=\"https:\/\/i0.wp.com\/liberationinfo.com\/wp-content\/uploads\/2026\/09\/1788634318105.jpg?resize=272%2C300&amp;ssl=1 272w, https:\/\/i0.wp.com\/liberationinfo.com\/wp-content\/uploads\/2026\/09\/1788634318105.jpg?resize=928%2C1024&amp;ssl=1 928w, https:\/\/i0.wp.com\/liberationinfo.com\/wp-content\/uploads\/2026\/09\/1788634318105.jpg?resize=768%2C847&amp;ssl=1 768w, https:\/\/i0.wp.com\/liberationinfo.com\/wp-content\/uploads\/2026\/09\/1788634318105.jpg?resize=696%2C768&amp;ssl=1 696w, https:\/\/i0.wp.com\/liberationinfo.com\/wp-content\/uploads\/2026\/09\/1788634318105.jpg?resize=1068%2C1178&amp;ssl=1 1068w, https:\/\/i0.wp.com\/liberationinfo.com\/wp-content\/uploads\/2026\/09\/1788634318105.jpg?resize=381%2C420&amp;ssl=1 381w, https:\/\/i0.wp.com\/liberationinfo.com\/wp-content\/uploads\/2026\/09\/1788634318105.jpg?resize=750%2C827&amp;ssl=1 750w, https:\/\/i0.wp.com\/liberationinfo.com\/wp-content\/uploads\/2026\/09\/1788634318105.jpg?w=1079&amp;ssl=1 1079w\" sizes=\"auto, (max-width: 272px) 100vw, 272px\" \/><\/a><\/p>\n","protected":false},"excerpt":{"rendered":"<p>&nbsp; Le Collectif des avocats de Monsieur Algassimou DIALLO informe l&rsquo;opinion publique qu&rsquo;il r\u00e9sulte d&rsquo;informations concordantes, recueillies ce jour, 5 septembre 2026, que Monsieur Algassimou DIALLO ne se trouve plus dans sa cellule depuis ce matin. Il aurait \u00e9t\u00e9 extrait de son lieu de d\u00e9tention et conduit vers une destination inconnue. Les autorit\u00e9s judiciaires contact\u00e9es [&hellip;]<\/p>\n","protected":false},"author":2,"featured_media":30624,"comment_status":"closed","ping_status":"closed","sticky":false,"template":"","format":"standard","meta":{"_jetpack_newsletter_access":"","_jetpack_dont_email_post_to_subs":false,"_jetpack_newsletter_tier_id":0,"_jetpack_memberships_contains_paywalled_content":false,"_jetpack_memberships_contains_paid_content":false,"footnotes":""},"categories":[4,6],"tags":[],"class_list":["post-30622","post","type-post","status-publish","format-standard","has-post-thumbnail","hentry","category-actu","category-societe"],"jetpack-related-posts":[],"jetpack_sharing_enabled":true,"jetpack_featured_media_url":"https:\/\/i0.wp.com\/liberationinfo.com\/wp-content\/uploads\/2026\/09\/1788634305965.jpg?fit=700%2C380&ssl=1","_links":{"self":[{"href":"https:\/\/liberationinfo.com\/index.php\/wp-json\/wp\/v2\/posts\/30622","targetHints":{"allow":["GET"]}}],"collection":[{"href":"https:\/\/liberationinfo.com\/index.php\/wp-json\/wp\/v2\/posts"}],"about":[{"href":"https:\/\/liberationinfo.com\/index.php\/wp-json\/wp\/v2\/types\/post"}],"author":[{"embeddable":true,"href":"https:\/\/liberationinfo.com\/index.php\/wp-json\/wp\/v2\/users\/2"}],"replies":[{"embeddable":true,"href":"https:\/\/liberationinfo.com\/index.php\/wp-json\/wp\/v2\/comments?post=30622"}],"version-history":[{"count":1,"href":"https:\/\/liberationinfo.com\/index.php\/wp-json\/wp\/v2\/posts\/30622\/revisions"}],"predecessor-version":[{"id":30625,"href":"https:\/\/liberationinfo.com\/index.php\/wp-json\/wp\/v2\/posts\/30622\/revisions\/30625"}],"wp:featuredmedia":[{"embeddable":true,"href":"https:\/\/liberationinfo.com\/index.php\/wp-json\/wp\/v2\/media\/30624"}],"wp:attachment":[{"href":"https:\/\/liberationinfo.com\/index.php\/wp-json\/wp\/v2\/media?parent=30622"}],"wp:term":[{"taxonomy":"category","embeddable":true,"href":"https:\/\/liberationinfo.com\/index.php\/wp-json\/wp\/v2\/categories?post=30622"},{"taxonomy":"post_tag","embeddable":true,"href":"https:\/\/liberationinfo.com\/index.php\/wp-json\/wp\/v2\/tags?post=30622"}],"curies":[{"name":"wp","href":"https:\/\/api.w.org\/{rel}","templated":true}]}}