{"id":30615,"date":"2026-09-05T14:20:58","date_gmt":"2026-09-05T14:20:58","guid":{"rendered":"https:\/\/liberationinfo.com\/?p=30615"},"modified":"2026-09-05T14:21:24","modified_gmt":"2026-09-05T14:21:24","slug":"conakry-lunion-des-imams-de-la-basse-cote-organise-sa-reunion-hebdomadaire-placee-sous-le-signe-de-la-paix-de-la-cohesion-sociale","status":"publish","type":"post","link":"https:\/\/liberationinfo.com\/index.php\/conakry-lunion-des-imams-de-la-basse-cote-organise-sa-reunion-hebdomadaire-placee-sous-le-signe-de-la-paix-de-la-cohesion-sociale\/","title":{"rendered":"Conakry:\u00a0 L&rsquo;union des imams de la Basse-C\u00f4te, organise sa r\u00e9union hebdomadaire plac\u00e9e sous le signe de la paix, de la coh\u00e9sion sociale\u00a0"},"content":{"rendered":"<p>Gbessia, samedi 5 septembre 2026 \u2014 L\u2019Union des imams de la Basse-C\u00f4te a tenu sa r\u00e9union hebdomadaire ce samedi 5 septembre 2026, au domicile de son pr\u00e9sident, Elhadj Algassimou Tafsir Ciss\u00e9, situ\u00e9 au quartier Gbessia Cit\u00e9 2, dans la commune de Gbessia.<br \/>\nPr\u00e9sid\u00e9e par le pr\u00e9sident de l\u2019Union, cette rencontre a \u00e9t\u00e9 consacr\u00e9e essentiellement aux pri\u00e8res, aux invocations et \u00e0 la lecture du Saint Coran, notamment la sourate Y\u00e2-S\u00een, dans un esprit de foi, de solidarit\u00e9 et de responsabilit\u00e9 religieuse.<\/p>\n<p>\u00c0 travers cette s\u00e9ance de pri\u00e8re, les imams ont implor\u00e9 la gr\u00e2ce et la mis\u00e9ricorde d\u2019Allah afin qu\u2019Il accorde \u00e0 la Guin\u00e9e la paix, la stabilit\u00e9, la coh\u00e9sion sociale et la s\u00e9curit\u00e9, conditions essentielles \u00e0 la construction et au d\u00e9veloppement durable de la nation.<br \/>\nLes religieux ont \u00e9galement formul\u00e9 des pri\u00e8res pour le d\u00e9veloppement rapide de la Guin\u00e9e, demandant \u00e0 Allah d\u2019accompagner le pays dans ses efforts de progr\u00e8s et de pr\u00e9server le peuple guin\u00e9en contre les divisions, les conflits et toute forme de difficult\u00e9.<\/p>\n<p><a href=\"https:\/\/i0.wp.com\/liberationinfo.com\/wp-content\/uploads\/2026\/09\/IMG-20260905-WA0026.jpg\"><img data-recalc-dims=\"1\" loading=\"lazy\" decoding=\"async\" class=\"alignnone size-medium wp-image-30616\" src=\"https:\/\/i0.wp.com\/liberationinfo.com\/wp-content\/uploads\/2026\/09\/IMG-20260905-WA0026.jpg?resize=300%2C133\" alt=\"\" width=\"300\" height=\"133\" srcset=\"https:\/\/i0.wp.com\/liberationinfo.com\/wp-content\/uploads\/2026\/09\/IMG-20260905-WA0026.jpg?resize=300%2C133&amp;ssl=1 300w, https:\/\/i0.wp.com\/liberationinfo.com\/wp-content\/uploads\/2026\/09\/IMG-20260905-WA0026.jpg?resize=1024%2C454&amp;ssl=1 1024w, https:\/\/i0.wp.com\/liberationinfo.com\/wp-content\/uploads\/2026\/09\/IMG-20260905-WA0026.jpg?resize=768%2C340&amp;ssl=1 768w, https:\/\/i0.wp.com\/liberationinfo.com\/wp-content\/uploads\/2026\/09\/IMG-20260905-WA0026.jpg?resize=696%2C308&amp;ssl=1 696w, https:\/\/i0.wp.com\/liberationinfo.com\/wp-content\/uploads\/2026\/09\/IMG-20260905-WA0026.jpg?resize=1068%2C473&amp;ssl=1 1068w, https:\/\/i0.wp.com\/liberationinfo.com\/wp-content\/uploads\/2026\/09\/IMG-20260905-WA0026.jpg?resize=948%2C420&amp;ssl=1 948w, https:\/\/i0.wp.com\/liberationinfo.com\/wp-content\/uploads\/2026\/09\/IMG-20260905-WA0026.jpg?resize=750%2C332&amp;ssl=1 750w, https:\/\/i0.wp.com\/liberationinfo.com\/wp-content\/uploads\/2026\/09\/IMG-20260905-WA0026.jpg?w=1092&amp;ssl=1 1092w\" sizes=\"auto, (max-width: 300px) 100vw, 300px\" \/><\/a><br \/>\nUne attention particuli\u00e8re a \u00e9t\u00e9 accord\u00e9e \u00e0 la sant\u00e9, \u00e0 la r\u00e9ussite et \u00e0 la protection du Pr\u00e9sident de la R\u00e9publique, le G\u00e9n\u00e9ral Mamadi Doumbouya. Les imams ont pri\u00e9 pour qu\u2019Allah lui accorde la sant\u00e9, la sagesse, la force et la r\u00e9ussite dans l\u2019accomplissement de ses responsabilit\u00e9s au service de la nation.<br \/>\nLes pri\u00e8res ont \u00e9galement concern\u00e9 le Secr\u00e9taire g\u00e9n\u00e9ral des Affaires religieuses, Elhadj Karamo Diawara, \u00e0 qui les membres de l\u2019Union ont adress\u00e9 des b\u00e9n\u00e9dictions et des v\u0153ux de r\u00e9ussite, notamment \u00e0 l\u2019occasion de sa prochaine retraite du p\u00e8lerinage. Les imams ont demand\u00e9 au Tout-Puissant de lui accorder sant\u00e9, long\u00e9vit\u00e9, protection et r\u00e9ussite dans ses missions au service de la communaut\u00e9 musulmane et de la R\u00e9publique.<\/p>\n<p><a href=\"https:\/\/i0.wp.com\/liberationinfo.com\/wp-content\/uploads\/2026\/09\/IMG-20260905-WA0024.jpg\"><img data-recalc-dims=\"1\" loading=\"lazy\" decoding=\"async\" class=\"alignnone size-medium wp-image-30617\" src=\"https:\/\/i0.wp.com\/liberationinfo.com\/wp-content\/uploads\/2026\/09\/IMG-20260905-WA0024.jpg?resize=300%2C135\" alt=\"\" width=\"300\" height=\"135\" srcset=\"https:\/\/i0.wp.com\/liberationinfo.com\/wp-content\/uploads\/2026\/09\/IMG-20260905-WA0024.jpg?resize=300%2C135&amp;ssl=1 300w, https:\/\/i0.wp.com\/liberationinfo.com\/wp-content\/uploads\/2026\/09\/IMG-20260905-WA0024.jpg?resize=1024%2C461&amp;ssl=1 1024w, https:\/\/i0.wp.com\/liberationinfo.com\/wp-content\/uploads\/2026\/09\/IMG-20260905-WA0024.jpg?resize=768%2C346&amp;ssl=1 768w, https:\/\/i0.wp.com\/liberationinfo.com\/wp-content\/uploads\/2026\/09\/IMG-20260905-WA0024.jpg?resize=696%2C313&amp;ssl=1 696w, https:\/\/i0.wp.com\/liberationinfo.com\/wp-content\/uploads\/2026\/09\/IMG-20260905-WA0024.jpg?resize=1068%2C481&amp;ssl=1 1068w, https:\/\/i0.wp.com\/liberationinfo.com\/wp-content\/uploads\/2026\/09\/IMG-20260905-WA0024.jpg?resize=933%2C420&amp;ssl=1 933w, https:\/\/i0.wp.com\/liberationinfo.com\/wp-content\/uploads\/2026\/09\/IMG-20260905-WA0024.jpg?resize=750%2C338&amp;ssl=1 750w, https:\/\/i0.wp.com\/liberationinfo.com\/wp-content\/uploads\/2026\/09\/IMG-20260905-WA0024.jpg?resize=1140%2C513&amp;ssl=1 1140w, https:\/\/i0.wp.com\/liberationinfo.com\/wp-content\/uploads\/2026\/09\/IMG-20260905-WA0024.jpg?w=1280&amp;ssl=1 1280w\" sizes=\"auto, (max-width: 300px) 100vw, 300px\" \/><\/a><br \/>\nCette r\u00e9union hebdomadaire t\u00e9moigne ainsi de la volont\u00e9 de l\u2019Union des imams de la Basse-C\u00f4te de contribuer, \u00e0 travers la pri\u00e8re, les enseignements religieux et la sensibilisation, au renforcement de la paix, de l\u2019unit\u00e9 et de la coh\u00e9sion sociale en Guin\u00e9e.<br \/>\nLa rencontre s\u2019est achev\u00e9e dans une atmosph\u00e8re fraternelle, par des invocations en faveur de la Guin\u00e9e, de ses dirigeants et de l\u2019ensemble de la population.<\/p>\n<p><a href=\"https:\/\/i0.wp.com\/liberationinfo.com\/wp-content\/uploads\/2026\/09\/IMG-20260905-WA0025.jpg\"><img data-recalc-dims=\"1\" loading=\"lazy\" decoding=\"async\" class=\"alignnone size-medium wp-image-30618\" src=\"https:\/\/i0.wp.com\/liberationinfo.com\/wp-content\/uploads\/2026\/09\/IMG-20260905-WA0025.jpg?resize=300%2C135\" alt=\"\" width=\"300\" height=\"135\" srcset=\"https:\/\/i0.wp.com\/liberationinfo.com\/wp-content\/uploads\/2026\/09\/IMG-20260905-WA0025.jpg?resize=300%2C135&amp;ssl=1 300w, https:\/\/i0.wp.com\/liberationinfo.com\/wp-content\/uploads\/2026\/09\/IMG-20260905-WA0025.jpg?resize=1024%2C461&amp;ssl=1 1024w, https:\/\/i0.wp.com\/liberationinfo.com\/wp-content\/uploads\/2026\/09\/IMG-20260905-WA0025.jpg?resize=768%2C346&amp;ssl=1 768w, https:\/\/i0.wp.com\/liberationinfo.com\/wp-content\/uploads\/2026\/09\/IMG-20260905-WA0025.jpg?resize=696%2C313&amp;ssl=1 696w, https:\/\/i0.wp.com\/liberationinfo.com\/wp-content\/uploads\/2026\/09\/IMG-20260905-WA0025.jpg?resize=1068%2C481&amp;ssl=1 1068w, https:\/\/i0.wp.com\/liberationinfo.com\/wp-content\/uploads\/2026\/09\/IMG-20260905-WA0025.jpg?resize=933%2C420&amp;ssl=1 933w, https:\/\/i0.wp.com\/liberationinfo.com\/wp-content\/uploads\/2026\/09\/IMG-20260905-WA0025.jpg?resize=750%2C338&amp;ssl=1 750w, https:\/\/i0.wp.com\/liberationinfo.com\/wp-content\/uploads\/2026\/09\/IMG-20260905-WA0025.jpg?resize=1140%2C513&amp;ssl=1 1140w, https:\/\/i0.wp.com\/liberationinfo.com\/wp-content\/uploads\/2026\/09\/IMG-20260905-WA0025.jpg?w=1280&amp;ssl=1 1280w\" sizes=\"auto, (max-width: 300px) 100vw, 300px\" \/><\/a><br \/>\nQu\u2019Allah prot\u00e8ge la Guin\u00e9e, renforce la paix et la coh\u00e9sion sociale, accorde sant\u00e9 et r\u00e9ussite \u00e0 ses dirigeants et accompagne tous ceux qui \u0153uvrent pour le bien de la nation.<\/p>\n<p>Ibrahima Sory Camara<\/p>\n","protected":false},"excerpt":{"rendered":"<p>Gbessia, samedi 5 septembre 2026 \u2014 L\u2019Union des imams de la Basse-C\u00f4te a tenu sa r\u00e9union hebdomadaire ce samedi 5 septembre 2026, au domicile de son pr\u00e9sident, Elhadj Algassimou Tafsir Ciss\u00e9, situ\u00e9 au quartier Gbessia Cit\u00e9 2, dans la commune de Gbessia. Pr\u00e9sid\u00e9e par le pr\u00e9sident de l\u2019Union, cette rencontre a \u00e9t\u00e9 consacr\u00e9e essentiellement aux [&hellip;]<\/p>\n","protected":false},"author":2,"featured_media":30619,"comment_status":"closed","ping_status":"closed","sticky":false,"template":"","format":"standard","meta":{"_jetpack_newsletter_access":"","_jetpack_dont_email_post_to_subs":false,"_jetpack_newsletter_tier_id":0,"_jetpack_memberships_contains_paywalled_content":false,"_jetpack_memberships_contains_paid_content":false,"footnotes":""},"categories":[4,6],"tags":[],"class_list":["post-30615","post","type-post","status-publish","format-standard","has-post-thumbnail","hentry","category-actu","category-societe"],"jetpack-related-posts":[],"jetpack_sharing_enabled":true,"jetpack_featured_media_url":"https:\/\/i0.wp.com\/liberationinfo.com\/wp-content\/uploads\/2026\/09\/IMG-20260905-WA0023.jpg?fit=1177%2C488&ssl=1","_links":{"self":[{"href":"https:\/\/liberationinfo.com\/index.php\/wp-json\/wp\/v2\/posts\/30615","targetHints":{"allow":["GET"]}}],"collection":[{"href":"https:\/\/liberationinfo.com\/index.php\/wp-json\/wp\/v2\/posts"}],"about":[{"href":"https:\/\/liberationinfo.com\/index.php\/wp-json\/wp\/v2\/types\/post"}],"author":[{"embeddable":true,"href":"https:\/\/liberationinfo.com\/index.php\/wp-json\/wp\/v2\/users\/2"}],"replies":[{"embeddable":true,"href":"https:\/\/liberationinfo.com\/index.php\/wp-json\/wp\/v2\/comments?post=30615"}],"version-history":[{"count":2,"href":"https:\/\/liberationinfo.com\/index.php\/wp-json\/wp\/v2\/posts\/30615\/revisions"}],"predecessor-version":[{"id":30621,"href":"https:\/\/liberationinfo.com\/index.php\/wp-json\/wp\/v2\/posts\/30615\/revisions\/30621"}],"wp:featuredmedia":[{"embeddable":true,"href":"https:\/\/liberationinfo.com\/index.php\/wp-json\/wp\/v2\/media\/30619"}],"wp:attachment":[{"href":"https:\/\/liberationinfo.com\/index.php\/wp-json\/wp\/v2\/media?parent=30615"}],"wp:term":[{"taxonomy":"category","embeddable":true,"href":"https:\/\/liberationinfo.com\/index.php\/wp-json\/wp\/v2\/categories?post=30615"},{"taxonomy":"post_tag","embeddable":true,"href":"https:\/\/liberationinfo.com\/index.php\/wp-json\/wp\/v2\/tags?post=30615"}],"curies":[{"name":"wp","href":"https:\/\/api.w.org\/{rel}","templated":true}]}}