{"id":3039,"date":"2020-12-08T18:18:09","date_gmt":"2020-12-08T17:18:09","guid":{"rendered":"https:\/\/liberationinfo.com\/?p=3039"},"modified":"2020-12-08T18:22:19","modified_gmt":"2020-12-08T17:22:19","slug":"3039-2","status":"publish","type":"post","link":"https:\/\/liberationinfo.com\/index.php\/3039-2\/","title":{"rendered":"L\u2019ACTUALIT\u00c9 MIGRATOIRE EN GUIN\u00c9E ET DANS LE MONDE VUE PAR LA PRESSE\u00a0"},"content":{"rendered":"<table width=\"600\" data-zoom=\"1\">\n<tbody>\n<tr>\n<td>\n<table width=\"100%\">\n<tbody>\n<tr>\n<td>\n<table>\n<tbody>\n<tr>\n<td width=\"550\"><\/td>\n<td><\/td>\n<\/tr>\n<\/tbody>\n<\/table>\n<\/td>\n<td><\/td>\n<\/tr>\n<\/tbody>\n<\/table>\n<\/td>\n<td><\/td>\n<\/tr>\n<tr>\n<td>\n<table width=\"100%\">\n<tbody>\n<tr>\n<td><strong>\u00a0L\u2019ACTUALIT\u00c9 MIGRATOIRE EN GUIN\u00c9E ET DANS LE MONDE VUE PAR LA PRESSE\u00a0<\/strong><\/td>\n<td><\/td>\n<\/tr>\n<tr>\n<td><strong>\u00a0Mardi 08<\/strong>\/<strong>12\/2020 Revue de presse N\u00b0 56<\/strong><\/td>\n<td><\/td>\n<\/tr>\n<tr>\n<td>\u2014\u2014\u2014\u2014\u2014\u2014\u2014\u2014\u2014\u2014\u2014\u2014\u2014\u2014\u2014\u2014\u2014\u2014\u2014\u2014\u2014\u2014\u2014\u2014\u2014\u2014\u2014\u2014\u2014\u2014\u2014\u2014\u2014<\/td>\n<td><\/td>\n<\/tr>\n<tr>\n<td><strong>Important<\/strong><\/p>\n<p>Le contenu de cette revue de presse ne refl\u00e8te en aucune mani\u00e8re la position de l\u2019OIM en mati\u00e8re de Migration. L\u2019agence des Nations Unies charg\u00e9e de la gestion des flux migratoires reste convaincue qu\u2019une migration s\u00fbre et ordonn\u00e9e est b\u00e9n\u00e9fique \u00e0 la fois aux communaut\u00e9s de d\u00e9part, de transite et d\u2019accueil. Cette revue de presse ne vise qu\u2019\u00e0 porter aupr\u00e8s du personnel de l\u2019OIM, mais aussi aupr\u00e8s de toute personne int\u00e9ress\u00e9e par la Migration, des informations susceptibles de contribuer \u00e0 l\u2019enrichissement de leurs activit\u00e9s professionnelles et personnelles.<\/td>\n<td><\/td>\n<\/tr>\n<tr>\n<td>\u2014\u2014\u2014\u2014\u2014\u2014\u2014\u2014\u2014\u2014\u2014\u2014\u2014\u2014\u2014\u2014\u2014\u2014\u2014\u2014\u2014\u2014\u2014\u2014\u2014\u2014\u2014\u2014\u2014\u2014\u2014\u2014\u2014<\/td>\n<td><\/td>\n<\/tr>\n<\/tbody>\n<\/table>\n<\/td>\n<td><\/td>\n<\/tr>\n<\/tbody>\n<\/table>\n<table width=\"746\" data-zoom=\"1\">\n<tbody>\n<tr>\n<td width=\"746\">L\u2019actualit\u00e9 migratoire guin\u00e9enne de la semaine \u00e9coul\u00e9e a notamment \u00e9t\u00e9 marqu\u00e9e par la remise \u00e0 un groupe de migrants de retour assist\u00e9s par l\u2019OIM, d\u2019un dipl\u00f4me de formation en informatique et anglais, par la tenue de plusieurs entretiens m\u00e9diatiques entre les volontaires du projet Migrants as Messengers et des animateurs de radio \u00e0 Mamou et Kankan, ou encore par le lancement de la strat\u00e9gie de recherche active des cas de COVID-19.<\/p>\n<p>A l\u2019international, les m\u00e9dias ont entre autres sujet, trait\u00e9 de la situation des migrants aux \u00celes Canaries, ou la probable signature d\u2019un nouvel accord de gestion migratoire entre l\u2019Union europ\u00e9enne et le Maroc.<\/p>\n<p>&nbsp;<\/p>\n<p>&nbsp;<\/p>\n<p>&nbsp;<\/p>\n<table width=\"100%\">\n<tbody>\n<tr>\n<td><strong>\u00a0PRESSE NATIONALE<\/strong><\/p>\n<p>&nbsp;<\/td>\n<td><\/td>\n<\/tr>\n<tr>\n<td>\u00a0\u00ab\u00a0R\u00e9int\u00e9gration des migrants\u00a0: plusieurs jeunes form\u00e9s en informatique et en anglais\u00a0<strong>\u00bb, par\u00a0<\/strong><a href=\"https:\/\/eur02.safelinks.protection.outlook.com\/?url=http%3A%2F%2Fguineematin.com%2F&amp;data=04%7C01%7Cabokoum%40iom.int%7C95cc3d2df997419558df08d89b684e5d%7C1588262d23fb43b4bd6ebce49c8e6186%7C1%7C0%7C637430219572437652%7CUnknown%7CTWFpbGZsb3d8eyJWIjoiMC4wLjAwMDAiLCJQIjoiV2luMzIiLCJBTiI6Ik1haWwiLCJXVCI6Mn0%3D%7C1000&amp;sdata=UyMCG7MAxtMJGVKWA07X8TtQWHtYNXJoqeyJjprJAQY%3D&amp;reserved=0\"><strong>Mosa\u00efque Guin\u00e9e<\/strong><\/a><\/p>\n<p>15 b\u00e9n\u00e9ficiaires de l\u2019initiative conjointe de l\u2019Union europ\u00e9enne et de l\u2019OIM (FFUE-OIM) pour la protection et la r\u00e9int\u00e9gration des migrants ont re\u00e7u leur dipl\u00f4me de formation en informatique et anglais, le 4 d\u00e9cembre 2020 \u00e0 Conakry. Cette remise marque la fin d\u2019une formation approfondie de 6 mois, \u00e0 travers laquelle l\u2019agence des Nations Unies charg\u00e9e des migrations entend avec l\u2019appui de ses partenaires \u00e9tatiques et institutionnels, booster la r\u00e9int\u00e9gration sociale et \u00e9conomique des migrants de retour.\u00a0<a href=\"https:\/\/eur02.safelinks.protection.outlook.com\/?url=https%3A%2F%2Fmosaiqueguinee.com%2Freintegration-des-migrants-plusieurs-jeunes-formes-en-informatique-et-en-anglais%2F&amp;data=04%7C01%7Cabokoum%40iom.int%7C95cc3d2df997419558df08d89b684e5d%7C1588262d23fb43b4bd6ebce49c8e6186%7C1%7C0%7C637430219572442629%7CUnknown%7CTWFpbGZsb3d8eyJWIjoiMC4wLjAwMDAiLCJQIjoiV2luMzIiLCJBTiI6Ik1haWwiLCJXVCI6Mn0%3D%7C1000&amp;sdata=KHBgPiHIMzfd9qQpkmmuoQUTSoT3KsmRp3hxpu2TEI0%3D&amp;reserved=0\">Lire l\u2019article de Mosa\u00efque Guin\u00e9e<\/a>.<\/p>\n<p>&nbsp;<\/p>\n<p>\u00ab\u00a0<strong>Emissions radios avec des volontaires du projet Migrants as Messenger avec les stations Fraternit\u00e9 FM, Kalac Radio et Nabaya FM \u00bb.<\/strong><\/p>\n<p>Dans le cadre du festival des films sur la migration (GMFF) qui se tient actuellement dans plusieurs pays membres de l\u2019Organisation Internationale pour les Migration dont la Guin\u00e9e, les volontaires du projet Migrants as Messengers se sont r\u00e9cemment entretenus avec plusieurs animateurs radio \u00e0 Mamou et Kankan. Au menu des diff\u00e9rentes sorties m\u00e9diatiques, l\u2019implication des migrants de retour dans les activit\u00e9s de sensibilisation contre la migration irr\u00e9guli\u00e8re et de promotion des opportunit\u00e9s de r\u00e9ussite locale, les activit\u00e9s de projections cin\u00e9matographiques organis\u00e9es \u00e0 l\u2019occasion du GMFF, ou encore les parcours migratoires des volontaires. Vous pouvez \u00e9couter les \u00e9missions r\u00e9alis\u00e9es par les stations Fraternit\u00e9 FM (Mamou) Kalac Radio et Nabaya FM (Kankan) \u00e0 travers les liens suivants.\u00a0<a href=\"https:\/\/eur02.safelinks.protection.outlook.com\/?url=https%3A%2F%2Fiomint.sharepoint.com%2F%3Au%3A%2Fs%2FMaMPhase2%2FESi0eCBOHOBPll36UaElUqIB_y2EOldspRP3S-ZrCrjUCQ%3Fe%3DFjKL97&amp;data=04%7C01%7Cabokoum%40iom.int%7C95cc3d2df997419558df08d89b684e5d%7C1588262d23fb43b4bd6ebce49c8e6186%7C1%7C0%7C637430219572447608%7CUnknown%7CTWFpbGZsb3d8eyJWIjoiMC4wLjAwMDAiLCJQIjoiV2luMzIiLCJBTiI6Ik1haWwiLCJXVCI6Mn0%3D%7C1000&amp;sdata=hwoomJlPTG15FCoeLkyEItrx7%2BCgg7rolSYSiRPYzMk%3D&amp;reserved=0\">Ecouter la premi\u00e8re \u00e9mission de Fraternit\u00e9 FM<\/a>.\u00a0<a href=\"https:\/\/eur02.safelinks.protection.outlook.com\/?url=https%3A%2F%2Fiomint.sharepoint.com%2F%3Au%3A%2Fs%2FMaMPhase2%2FESi0eCBOHOBPll36UaElUqIB_y2EOldspRP3S-ZrCrjUCQ%3Fe%3DFjKL97&amp;data=04%7C01%7Cabokoum%40iom.int%7C95cc3d2df997419558df08d89b684e5d%7C1588262d23fb43b4bd6ebce49c8e6186%7C1%7C0%7C637430219572447608%7CUnknown%7CTWFpbGZsb3d8eyJWIjoiMC4wLjAwMDAiLCJQIjoiV2luMzIiLCJBTiI6Ik1haWwiLCJXVCI6Mn0%3D%7C1000&amp;sdata=hwoomJlPTG15FCoeLkyEItrx7%2BCgg7rolSYSiRPYzMk%3D&amp;reserved=0\">Ecouter la deuxi\u00e8me \u00e9mission de Fraternit\u00e9 FM<\/a>.\u00a0<a href=\"https:\/\/eur02.safelinks.protection.outlook.com\/?url=https%3A%2F%2Fiomint.sharepoint.com%2F%3Au%3A%2Fs%2FMaMPhase2%2FEVKVJAkbZdxAvY41BNOJW9sB68faZpIBOhFlttapJnx__Q%3Fe%3DJR84Sn&amp;data=04%7C01%7Cabokoum%40iom.int%7C95cc3d2df997419558df08d89b684e5d%7C1588262d23fb43b4bd6ebce49c8e6186%7C1%7C0%7C637430219572452585%7CUnknown%7CTWFpbGZsb3d8eyJWIjoiMC4wLjAwMDAiLCJQIjoiV2luMzIiLCJBTiI6Ik1haWwiLCJXVCI6Mn0%3D%7C1000&amp;sdata=xlfnB%2F5JG7Cv2TWBnnwyWc2%2B%2B6U7Eye8ubWvSDa8e9k%3D&amp;reserved=0\">Ecouter l\u2019\u00e9mission de Kalac Radio<\/a>.\u00a0<a href=\"https:\/\/eur02.safelinks.protection.outlook.com\/?url=https%3A%2F%2Fiomint.sharepoint.com%2F%3Au%3A%2Fs%2FMaMPhase2%2FERVSdstsiltJjJHapax7DkcBvrA-blKj6CINlf5OqHl2zQ%3Fe%3D0PS6xT&amp;data=04%7C01%7Cabokoum%40iom.int%7C95cc3d2df997419558df08d89b684e5d%7C1588262d23fb43b4bd6ebce49c8e6186%7C1%7C0%7C637430219572457557%7CUnknown%7CTWFpbGZsb3d8eyJWIjoiMC4wLjAwMDAiLCJQIjoiV2luMzIiLCJBTiI6Ik1haWwiLCJXVCI6Mn0%3D%7C1000&amp;sdata=sAgxBRXc66FTaTVR9r9%2Fod05DS6CKIo%2Fjo6WMxb3MSI%3D&amp;reserved=0\">Ecouter l\u2019\u00e9mission de Nabaya FM<\/a>.<\/p>\n<h1><\/h1>\n<p>\u00ab\u00a0<strong>Interview avec Hamadi Foink\u00e9\u00a0: j\u2019ai commenc\u00e9 avec 50\u00a0000 GNF, aujourd\u2019hui j\u2019ai 9 employ\u00e9s \u00bb, par\u00a0<\/strong><a href=\"mailto:@Bambou%20Guin%C3%A9e%20et%20xibaaru.snbidj@n.net\"><strong>Rarili News\u00a0<\/strong><\/a><strong>\u00a0<\/strong><\/p>\n<p>En 2016, alors que la crise migratoire internationale battait son plein et que des centaines de jeunes guin\u00e9ens quittaient leur pays pour rallier les c\u00f4tes europ\u00e9ennes par le d\u00e9sert et la M\u00e9diterran\u00e9e, Thierno Hamadi DIALLO fonde \u2018\u2019Foink\u00e9 Images\u2019\u2019, une entreprise multi-services bas\u00e9e \u00e0 Conakry. Dans cet entretien qu\u2019il a accord\u00e9 au journal culturel Rarili News, l\u2019entrepreneur revient sur son parcours, de la cr\u00e9ation de son entreprise au succ\u00e8s, en passant par les difficult\u00e9s auxquelles il a \u00e9t\u00e9 confront\u00e9 et les opportunit\u00e9s qu\u2019il a su saisir dans une guin\u00e9e qui selon lui, a tout \u00e0 offrir \u00e0 ses enfants.\u00a0<a href=\"https:\/\/eur02.safelinks.protection.outlook.com\/?url=https%3A%2F%2Fguinee-rarilinews.com%2Finterview-avec-hamadi-foinke-jai-commence-avec-50-000gnf-aujourdhui-jai-9-employes%2F&amp;data=04%7C01%7Cabokoum%40iom.int%7C95cc3d2df997419558df08d89b684e5d%7C1588262d23fb43b4bd6ebce49c8e6186%7C1%7C0%7C637430219572457557%7CUnknown%7CTWFpbGZsb3d8eyJWIjoiMC4wLjAwMDAiLCJQIjoiV2luMzIiLCJBTiI6Ik1haWwiLCJXVCI6Mn0%3D%7C1000&amp;sdata=8QocEm5FRcm%2BUe3un%2FL1Oby5pEeasX2um4GfxBjlnog%3D&amp;reserved=0\">Lire l\u2019article de Rarili News<\/a>.<\/p>\n<h1><\/h1>\n<h1>\u00a0\u00a0\u00ab\u00a0Guin\u00e9e\u00a0: le Port Autonome de Conakry se dote de scanners mobiles \u00bb, par\u00a0<a href=\"mailto:@Bambou%20Guin%C3%A9e%20et%20xibaaru.snbidj@n.net\">Africa Guin\u00e9e<\/a><\/h1>\n<p>Le Port Autonome de Conakry est d\u00e9sormais \u00e9quip\u00e9 de scanners mobiles, destin\u00e9s \u00e0 \u00ab\u00a0renforcer l\u2019analyse et le contr\u00f4le des marchandises en transit, \u00e0 l\u2019import et \u00e0 l\u2019export sur l\u2019ensemble du territoire national\u00a0\u00bb, rapporte le site d\u2019information guin\u00e9en. Outre le Port Autonome de la capitale, haut lieu de l\u2019\u00e9conomie nationale, plusieurs autres points d\u2019entr\u00e9e strat\u00e9giques, \u00e0 la fois maritimes et terrestres sont concern\u00e9s par le projet. Ce sont les ports de Kamsar et de Dapilon, mais aussi les postes frontaliers de Kour\u00e9mal\u00e9, de Samba\u00eflo et de Pam\u00e9lap.\u00a0<a href=\"https:\/\/eur02.safelinks.protection.outlook.com\/?url=https%3A%2F%2Fwww.africaguinee.com%2Farticles%2F2020%2F12%2F06%2Fguinee-le-port-autonome-de-conakry-se-dote-de-scanners-mobiles&amp;data=04%7C01%7Cabokoum%40iom.int%7C95cc3d2df997419558df08d89b684e5d%7C1588262d23fb43b4bd6ebce49c8e6186%7C1%7C0%7C637430219572462537%7CUnknown%7CTWFpbGZsb3d8eyJWIjoiMC4wLjAwMDAiLCJQIjoiV2luMzIiLCJBTiI6Ik1haWwiLCJXVCI6Mn0%3D%7C1000&amp;sdata=n99Td8EQTto5sPS5X3M2mA%2FuwHGPjbmRLnlUYYIMQUc%3D&amp;reserved=0\">Lire l\u2019article de Africa Guin\u00e9e<\/a>.<\/p>\n<h1><\/h1>\n<p><strong>\u00ab Conakry\u00a0: lancement de la \u00ab\u00a0strat\u00e9gie de recherche active des cas\u00a0\u00bb de covid-19 \u00bb, par\u00a0<\/strong><a href=\"https:\/\/eur02.safelinks.protection.outlook.com\/?url=http%3A%2F%2Fguineematin.com%2F&amp;data=04%7C01%7Cabokoum%40iom.int%7C95cc3d2df997419558df08d89b684e5d%7C1588262d23fb43b4bd6ebce49c8e6186%7C1%7C0%7C637430219572467522%7CUnknown%7CTWFpbGZsb3d8eyJWIjoiMC4wLjAwMDAiLCJQIjoiV2luMzIiLCJBTiI6Ik1haWwiLCJXVCI6Mn0%3D%7C1000&amp;sdata=rngX85rzsK77aqZ5NAMEzCSfJJOUFLkPrsicCbhLFEY%3D&amp;reserved=0\"><strong>Guin\u00e9e News<\/strong><\/a><strong>\u00a0<\/strong><\/p>\n<p>Apr\u00e8s la premi\u00e8re phase de la strat\u00e9gie STOP COVID-19 en 60 jours, la Guin\u00e9e vient de lancer avec l\u2019appui de plusieurs partenaires institutionnels et financier comme l\u2019OMS, l\u2019OIM \u00e0 travers le gouvernement du Canada, ou encore CDC, une nouvelle strat\u00e9gie de recherche active des cas de COVID-19 coupl\u00e9e \u00e0 la sensibilisation. Le lancement a eu lieu le 1er d\u00e9cembre 2020, \u00e0 la Direction r\u00e9gionale de la sant\u00e9 de Conakry.\u00a0<a href=\"https:\/\/eur02.safelinks.protection.outlook.com\/?url=https%3A%2F%2Fwww.guineenews.org%2Fconakry-lancement-de-la-strategie-de-recherche-active-des-cas-de-covid-19%2F&amp;data=04%7C01%7Cabokoum%40iom.int%7C95cc3d2df997419558df08d89b684e5d%7C1588262d23fb43b4bd6ebce49c8e6186%7C1%7C0%7C637430219572472499%7CUnknown%7CTWFpbGZsb3d8eyJWIjoiMC4wLjAwMDAiLCJQIjoiV2luMzIiLCJBTiI6Ik1haWwiLCJXVCI6Mn0%3D%7C1000&amp;sdata=IIetrWtBENTtlh3%2Fhrr3gLKJBj0E6WaANiunybcrZvg%3D&amp;reserved=0\">Lire l\u2019article de Guin\u00e9e News<\/a>.<\/p>\n<p>&nbsp;<\/p>\n<p><strong>\u00a0PRESSE INTERNATIONALE<\/strong><\/p>\n<p>&nbsp;<\/p>\n<p><strong>\u00ab T\u00e9moignages de migrants aux iles Canaries\u00a0: si tu n\u2019as pas de passeport, tu ne vas nulle part \u00bb, par\u00a0<\/strong><a href=\"https:\/\/eur02.safelinks.protection.outlook.com\/?url=http%3A%2F%2Fguineematin.com%2F&amp;data=04%7C01%7Cabokoum%40iom.int%7C95cc3d2df997419558df08d89b684e5d%7C1588262d23fb43b4bd6ebce49c8e6186%7C1%7C0%7C637430219572477475%7CUnknown%7CTWFpbGZsb3d8eyJWIjoiMC4wLjAwMDAiLCJQIjoiV2luMzIiLCJBTiI6Ik1haWwiLCJXVCI6Mn0%3D%7C1000&amp;sdata=2rhyUvGgjv%2Fw2Hwv9dZ5y6UmEPifcHFbXjgx%2FRbH%2BC4%3D&amp;reserved=0\"><strong>France 24\u00a0<\/strong><\/a><strong>\u00a0<\/strong><\/p>\n<p>Depuis le d\u00e9but de l\u2019ann\u00e9e, plus de 18 000 migrants sont arriv\u00e9s sur les \u00eeles Canaries, six fois plus qu&rsquo;en 2019. Depuis les c\u00f4tes africaines, ils ont travers\u00e9 l\u2019oc\u00e9an Atlantique dans l\u2019espoir d\u2019un avenir meilleur en Europe. La r\u00e9daction des Observateurs de France 24 est all\u00e9e \u00e0 leur rencontre.\u00a0<a href=\"https:\/\/eur02.safelinks.protection.outlook.com\/?url=https%3A%2F%2Fobservers.france24.com%2Ffr%2Feurope%2F20201203-video-migrants-canaries-espagne%23main-content&amp;data=04%7C01%7Cabokoum%40iom.int%7C95cc3d2df997419558df08d89b684e5d%7C1588262d23fb43b4bd6ebce49c8e6186%7C1%7C0%7C637430219572477475%7CUnknown%7CTWFpbGZsb3d8eyJWIjoiMC4wLjAwMDAiLCJQIjoiV2luMzIiLCJBTiI6Ik1haWwiLCJXVCI6Mn0%3D%7C1000&amp;sdata=Gu5xnpmXRrVajJwuExDTeKFYz6KGeEXmisKEwPqudYQ%3D&amp;reserved=0\">Lire l\u2019article de France 24<\/a>.<\/p>\n<p>&nbsp;<\/p>\n<p><strong>\u00ab Visas et immigration\u00a0: voici la nouvelle suggestion de l\u2019Europe au Maroc\u00a0\u00bb, par\u00a0<\/strong><a href=\"https:\/\/eur02.safelinks.protection.outlook.com\/?url=http%3A%2F%2Fguineematin.com%2F&amp;data=04%7C01%7Cabokoum%40iom.int%7C95cc3d2df997419558df08d89b684e5d%7C1588262d23fb43b4bd6ebce49c8e6186%7C1%7C0%7C637430219572482453%7CUnknown%7CTWFpbGZsb3d8eyJWIjoiMC4wLjAwMDAiLCJQIjoiV2luMzIiLCJBTiI6Ik1haWwiLCJXVCI6Mn0%3D%7C1000&amp;sdata=BdRwrqH5x7t1rxjIlS6YOVA67Gv9ecplnMFJPq6m2l4%3D&amp;reserved=0\"><strong>Marocains du monde<\/strong><\/a><strong>\u00a0\u00a0<\/strong><\/p>\n<p>\u00ab\u00a0L\u2019Europe, veut le plus t\u00f4t possible renvoyer les immigr\u00e9s clandestins au Maroc, bien qu\u2019elle ait toujours grand besoin de migrants. Et, pour trouver une issue convenable \u00e0 tous, elle propose au Maroc un partenariat \u00ab\u00a0mutuellement b\u00e9n\u00e9fique\u00a0\u00bb\u00a0\u00bb, indique le journal num\u00e9rique du Royaume Ch\u00e9rifien. L\u2019information est cons\u00e9cutive \u00e0 la visite de 2 jours \u00e0 \u00e0 Rabat, de Ylva Johansson, Commissaire aux affaires int\u00e9rieures \u00e0 l\u2019Union europ\u00e9enne (UE).\u00a0<a href=\"https:\/\/eur02.safelinks.protection.outlook.com\/?url=https%3A%2F%2Fwww.bladi.net%2Fvisas-immigration-europe-maroc%2C76948.html&amp;data=04%7C01%7Cabokoum%40iom.int%7C95cc3d2df997419558df08d89b684e5d%7C1588262d23fb43b4bd6ebce49c8e6186%7C1%7C0%7C637430219572487431%7CUnknown%7CTWFpbGZsb3d8eyJWIjoiMC4wLjAwMDAiLCJQIjoiV2luMzIiLCJBTiI6Ik1haWwiLCJXVCI6Mn0%3D%7C1000&amp;sdata=QnuGe2W2xVXV8sSMwE78DK2w5BKOY4fEAKfBZTfRVkM%3D&amp;reserved=0\">Lire l\u2019article de Marocains du monde<\/a>.<\/p>\n<p>Le quotidien fran\u00e7ais Lib\u00e9ration a \u00e9galement trait\u00e9 de cette actualit\u00e9.\u00a0<a href=\"https:\/\/eur02.safelinks.protection.outlook.com\/?url=https%3A%2F%2Fwww.libe.ma%2FL-UE-cherche-a-larguer-ses-migrants-irreguliers-vers-le-Maroc-Ce-n-est-pas-gagne-d-avance_a121932.html&amp;data=04%7C01%7Cabokoum%40iom.int%7C95cc3d2df997419558df08d89b684e5d%7C1588262d23fb43b4bd6ebce49c8e6186%7C1%7C0%7C637430219572492410%7CUnknown%7CTWFpbGZsb3d8eyJWIjoiMC4wLjAwMDAiLCJQIjoiV2luMzIiLCJBTiI6Ik1haWwiLCJXVCI6Mn0%3D%7C1000&amp;sdata=yQzyixRCGZWUW1bLCHCmdAhwitBipWJ0Ez1URbcv7Cg%3D&amp;reserved=0\">Lire l\u2019article de Lib\u00e9ration<\/a>.<\/p>\n<p>&nbsp;<\/p>\n<p>&nbsp;<\/p>\n<p>&nbsp;<\/p>\n<p>&nbsp;<\/p>\n<p>&nbsp;<\/td>\n<td><\/td>\n<\/tr>\n<tr>\n<td><strong><em>Bonne lecture et bonne semaine \u00e0 tous\u00a0!<\/em><\/strong><\/td>\n<\/tr>\n<\/tbody>\n<\/table>\n<\/td>\n<\/tr>\n<\/tbody>\n<\/table>\n","protected":false},"excerpt":{"rendered":"<p>\u00a0L\u2019ACTUALIT\u00c9 MIGRATOIRE EN GUIN\u00c9E ET DANS LE MONDE VUE PAR LA PRESSE\u00a0 \u00a0Mardi 08\/12\/2020 Revue de presse N\u00b0 56 \u2014\u2014\u2014\u2014\u2014\u2014\u2014\u2014\u2014\u2014\u2014\u2014\u2014\u2014\u2014\u2014\u2014\u2014\u2014\u2014\u2014\u2014\u2014\u2014\u2014\u2014\u2014\u2014\u2014\u2014\u2014\u2014\u2014 Important Le contenu de cette revue de presse ne refl\u00e8te en aucune mani\u00e8re la position de l\u2019OIM en mati\u00e8re de Migration. L\u2019agence des Nations Unies charg\u00e9e de la gestion des flux migratoires reste convaincue qu\u2019une [&hellip;]<\/p>\n","protected":false},"author":2,"featured_media":3042,"comment_status":"open","ping_status":"open","sticky":false,"template":"","format":"standard","meta":{"_jetpack_memberships_contains_paid_content":false,"footnotes":""},"categories":[8,6],"tags":[],"class_list":["post-3039","post","type-post","status-publish","format-standard","has-post-thumbnail","hentry","category-culture","category-societe"],"jetpack_featured_media_url":"https:\/\/i0.wp.com\/liberationinfo.com\/wp-content\/uploads\/2020\/12\/telechargement-19.jpeg?fit=225%2C225&ssl=1","jetpack-related-posts":[],"jetpack_sharing_enabled":true,"_links":{"self":[{"href":"https:\/\/liberationinfo.com\/index.php\/wp-json\/wp\/v2\/posts\/3039","targetHints":{"allow":["GET"]}}],"collection":[{"href":"https:\/\/liberationinfo.com\/index.php\/wp-json\/wp\/v2\/posts"}],"about":[{"href":"https:\/\/liberationinfo.com\/index.php\/wp-json\/wp\/v2\/types\/post"}],"author":[{"embeddable":true,"href":"https:\/\/liberationinfo.com\/index.php\/wp-json\/wp\/v2\/users\/2"}],"replies":[{"embeddable":true,"href":"https:\/\/liberationinfo.com\/index.php\/wp-json\/wp\/v2\/comments?post=3039"}],"version-history":[{"count":0,"href":"https:\/\/liberationinfo.com\/index.php\/wp-json\/wp\/v2\/posts\/3039\/revisions"}],"wp:featuredmedia":[{"embeddable":true,"href":"https:\/\/liberationinfo.com\/index.php\/wp-json\/wp\/v2\/media\/3042"}],"wp:attachment":[{"href":"https:\/\/liberationinfo.com\/index.php\/wp-json\/wp\/v2\/media?parent=3039"}],"wp:term":[{"taxonomy":"category","embeddable":true,"href":"https:\/\/liberationinfo.com\/index.php\/wp-json\/wp\/v2\/categories?post=3039"},{"taxonomy":"post_tag","embeddable":true,"href":"https:\/\/liberationinfo.com\/index.php\/wp-json\/wp\/v2\/tags?post=3039"}],"curies":[{"name":"wp","href":"https:\/\/api.w.org\/{rel}","templated":true}]}}