{"id":29984,"date":"2026-04-26T13:47:34","date_gmt":"2026-04-26T13:47:34","guid":{"rendered":"https:\/\/liberationinfo.com\/?p=29984"},"modified":"2026-04-26T13:47:34","modified_gmt":"2026-04-26T13:47:34","slug":"attaques-au-mali-sadio-camara-ministre-de-la-defense-a-ete-tue","status":"publish","type":"post","link":"https:\/\/liberationinfo.com\/index.php\/attaques-au-mali-sadio-camara-ministre-de-la-defense-a-ete-tue\/","title":{"rendered":"Attaques au Mali : Sadio Camara, ministre de la D\u00e9fense, a \u00e9t\u00e9 tu\u00e9"},"content":{"rendered":"<figure class=\"amp-wp-article-featured-image wp-caption\"><\/figure>\n<div class=\"amp-wp-article-content\">\n<p>La mort du ministre malien de la D\u00e9fense, Sadio Camara, a \u00e9t\u00e9 confirm\u00e9e, au lendemain de l\u2019offensive coordonn\u00e9e men\u00e9e le 25 avril contre plusieurs villes du pays, selon Jeune Afrique.<\/p>\n<p>Selon ledit magazine qui se ref\u00e8re \u00e0 multiples sources s\u00e9curitaires, Sadio Camara a \u00e9t\u00e9 tu\u00e9 lors de l\u2019attaque visant son domicile \u00e0 Kati, pr\u00e8s de Bamako, le 25 avril. L\u2019assaut, attribu\u00e9 au Groupe de soutien \u00e0 l\u2019islam et aux musulmans (Jnim), aurait \u00e9t\u00e9 men\u00e9 \u00e0 l\u2019aide d\u2019un v\u00e9hicule pi\u00e9g\u00e9 conduit par un kamikaze. La d\u00e9flagration, particuli\u00e8rement puissante, a enti\u00e8rement d\u00e9truit la r\u00e9sidence du ministre de la D\u00e9fense.<\/p>\n<p>Cette attaque faisait partie d\u2019une offensive simultan\u00e9e du Jnim et du Front de lib\u00e9ration de l\u2019Azawad (FLA) dans plusieurs r\u00e9gions du pays. Architecte de la strat\u00e9gie militaire de la junte, Sadio Camara incarnait la ligne dure adopt\u00e9e par Bamako face aux groupes arm\u00e9s, notamment depuis le renforcement du partenariat avec des acteurs russes.<\/p>\n<p><strong>Un revers majeur pour la junte<\/strong><br \/>\nLa mort de Sadio Camara constitue un coup majeur pour les autorit\u00e9s de transition, tant sur le plan militaire que politique. Ces derniers mois, le ministre avait sign\u00e9 une mont\u00e9e en puissance \u00e0 Bamako, r\u00e9ussissant \u00e0 placer un peu plus ses hommes dans la haute hi\u00e9rarchie militaire et dans le gouvernement malien.<\/p>\n<p>Ancien directeur du Prytan\u00e9e militaire de Kati (PMK), il avait impos\u00e9 sa vision depuis l\u2019arriv\u00e9e au pouvoir de la junte. C\u2019est sous sa houlette que les forces occidentales, en t\u00eate desquelles l\u2019op\u00e9ration fran\u00e7aise Barkhane, ont \u00e9t\u00e9 pri\u00e9es de plier bagage pour laisser place aux mercenaires russes de Wagner, r\u00e9cemment remplac\u00e9s par Africa Corps.<\/p>\n<p>L\u2019ex-directeur du PMK avait d\u00e9velopp\u00e9 sa fibre russe tr\u00e8s t\u00f4t. Alors qu\u2019il avait pass\u00e9 des concours pour b\u00e9n\u00e9ficier d\u2019une formation dans une \u00e9cole de guerre \u00e9trang\u00e8re, il avait fait partie des moins bien class\u00e9s et avait opt\u00e9 pour la Russie.<\/p>\n<p>Fin 2019, il s\u2019\u00e9tait envol\u00e9 pour Moscou pour une formation de trois ans. La premi\u00e8re ann\u00e9e est d\u00e9di\u00e9e \u00e0 l\u2019apprentissage du russe, les deux suivantes \u00e0 l\u2019instruction militaire. Le putsch de 2020 interviendra avant la fin de ce cycle.<\/p>\n<p><strong>Une op\u00e9ration \u00ab reconqu\u00eate \u00bb en question<\/strong><br \/>\nD\u00e8s 2020 et toutes ces derni\u00e8res ann\u00e9es, Sadio Camara n\u2019avait eu de cesse de prouver sa ma\u00eetrise de l\u2019appareil militaire malien, laissant \u00e0 Assimi Go\u00efta le contr\u00f4le plus global de l\u2019\u00c9tat. La relation entre les deux hommes s\u2019\u00e9tait progressivement tendue, mais le ministre de la D\u00e9fense restait l\u2019un des piliers de la junte au pouvoir.<\/p>\n<p>En avril dernier, le colonel devenu g\u00e9n\u00e9ral de corps d\u2019arm\u00e9e avait lanc\u00e9 l\u2019op\u00e9ration Dougoukoloko (\u00ab Reconqu\u00eate du territoire \u00bb), dont le mot d\u2019ordre est de ne plus jamais laisser le Mali \u00eatre \u00ab humili\u00e9 ou fragilis\u00e9 par les groupes terroristes \u00bb.<\/p>\n<p>L\u2019initiative devait marquer le passage \u00e0 une strat\u00e9gie structur\u00e9e visant \u00e0 garantir la stabilit\u00e9, r\u00e9tablir l\u2019administration et s\u00e9curiser les citoyens face \u00e0 la menace terroriste. L\u2019op\u00e9ration consistait \u00e0 intensifier la traque des jihadistes et des combattants des groupes arm\u00e9s dans des localit\u00e9s strat\u00e9giques comme Tombouctou, Kidal ou encore Gossi. Sadio Camara s\u2019appuyait alors sur un cercle d\u2019officiers tri\u00e9s sur le volet, r\u00e9put\u00e9s pour leur loyaut\u00e9 comme pour leur sens tactique. Sa mort dans les attaques du 25 avril, revendiqu\u00e9es \u00e0 la fois par le Jnim et par le FLA, marque aussi un coup d\u2019arr\u00eat et un revers \u00e9vident pour cette op\u00e9ration.<\/p>\n<p><strong>Avec Jeune Afrique<\/strong><\/p>\n<\/div>\n","protected":false},"excerpt":{"rendered":"<p>La mort du ministre malien de la D\u00e9fense, Sadio Camara, a \u00e9t\u00e9 confirm\u00e9e, au lendemain de l\u2019offensive coordonn\u00e9e men\u00e9e le 25 avril contre plusieurs villes du pays, selon Jeune Afrique. Selon ledit magazine qui se ref\u00e8re \u00e0 multiples sources s\u00e9curitaires, Sadio Camara a \u00e9t\u00e9 tu\u00e9 lors de l\u2019attaque visant son domicile \u00e0 Kati, pr\u00e8s de [&hellip;]<\/p>\n","protected":false},"author":2,"featured_media":29985,"comment_status":"closed","ping_status":"closed","sticky":false,"template":"","format":"standard","meta":{"_jetpack_memberships_contains_paid_content":false,"footnotes":""},"categories":[4,5,6],"tags":[],"class_list":["post-29984","post","type-post","status-publish","format-standard","has-post-thumbnail","hentry","category-actu","category-politique","category-societe"],"jetpack_featured_media_url":"https:\/\/i0.wp.com\/liberationinfo.com\/wp-content\/uploads\/2026\/04\/SmartSelect_20260426_112516_WPS-Office.png?fit=694%2C463&ssl=1","jetpack-related-posts":[],"jetpack_sharing_enabled":true,"_links":{"self":[{"href":"https:\/\/liberationinfo.com\/index.php\/wp-json\/wp\/v2\/posts\/29984","targetHints":{"allow":["GET"]}}],"collection":[{"href":"https:\/\/liberationinfo.com\/index.php\/wp-json\/wp\/v2\/posts"}],"about":[{"href":"https:\/\/liberationinfo.com\/index.php\/wp-json\/wp\/v2\/types\/post"}],"author":[{"embeddable":true,"href":"https:\/\/liberationinfo.com\/index.php\/wp-json\/wp\/v2\/users\/2"}],"replies":[{"embeddable":true,"href":"https:\/\/liberationinfo.com\/index.php\/wp-json\/wp\/v2\/comments?post=29984"}],"version-history":[{"count":1,"href":"https:\/\/liberationinfo.com\/index.php\/wp-json\/wp\/v2\/posts\/29984\/revisions"}],"predecessor-version":[{"id":29986,"href":"https:\/\/liberationinfo.com\/index.php\/wp-json\/wp\/v2\/posts\/29984\/revisions\/29986"}],"wp:featuredmedia":[{"embeddable":true,"href":"https:\/\/liberationinfo.com\/index.php\/wp-json\/wp\/v2\/media\/29985"}],"wp:attachment":[{"href":"https:\/\/liberationinfo.com\/index.php\/wp-json\/wp\/v2\/media?parent=29984"}],"wp:term":[{"taxonomy":"category","embeddable":true,"href":"https:\/\/liberationinfo.com\/index.php\/wp-json\/wp\/v2\/categories?post=29984"},{"taxonomy":"post_tag","embeddable":true,"href":"https:\/\/liberationinfo.com\/index.php\/wp-json\/wp\/v2\/tags?post=29984"}],"curies":[{"name":"wp","href":"https:\/\/api.w.org\/{rel}","templated":true}]}}