{"id":29978,"date":"2026-04-25T18:29:31","date_gmt":"2026-04-25T18:29:31","guid":{"rendered":"https:\/\/liberationinfo.com\/?p=29978"},"modified":"2026-04-25T18:29:31","modified_gmt":"2026-04-25T18:29:31","slug":"politique-le-parti-de-lalliance-pour-le-renouveau-et-le-progres-se-conformise-a-la-loi-l035-du-matd","status":"publish","type":"post","link":"https:\/\/liberationinfo.com\/index.php\/politique-le-parti-de-lalliance-pour-le-renouveau-et-le-progres-se-conformise-a-la-loi-l035-du-matd\/","title":{"rendered":"Politique: le Parti de l&rsquo;Alliance pour le Renouveau et le Progr\u00e8s se conformise \u00e0 la loi L035 du MATD"},"content":{"rendered":"<p>&nbsp;<\/p>\n<p>Tenu ce samedi 25 avril 2026 \u00e0 Conakry, le congr\u00e8s extraordinaire du parti de l&rsquo;Alliance pour le Renouveau et le Progr\u00e8s ARP dans le but de mettre les structures du parti en conformit\u00e9 avec les nouvelles exigences l\u00e9gales du Minist\u00e8re de l\u2019Administration du Territoire et de la D\u00e9centralisation (MATD). Ce congr\u00e8s a r\u00e9uni les coordinateurs r\u00e9gionaux et prefectoraux, des leaders politiques ainsi que les membres et militants du parti ARP fortement mobilis\u00e9s.<\/p>\n<p>Dans sa communication, le pr\u00e9sident du parti de l&rsquo;Alliance pour le renouveau et le progr\u00e8s Mohamed Nab\u00e9 a d&rsquo;abord remerci\u00e9 les militants du parti poir leur engagement lors des derni\u00e8res \u00e9cheances \u00e9lectorales.<\/p>\n<p><a href=\"https:\/\/i0.wp.com\/liberationinfo.com\/wp-content\/uploads\/2026\/04\/IMG-20260425-WA0023.jpg\"><img data-recalc-dims=\"1\" loading=\"lazy\" decoding=\"async\" class=\"alignnone size-medium wp-image-29980\" src=\"https:\/\/i0.wp.com\/liberationinfo.com\/wp-content\/uploads\/2026\/04\/IMG-20260425-WA0023.jpg?resize=300%2C200\" alt=\"\" width=\"300\" height=\"200\" srcset=\"https:\/\/i0.wp.com\/liberationinfo.com\/wp-content\/uploads\/2026\/04\/IMG-20260425-WA0023.jpg?resize=300%2C200&amp;ssl=1 300w, https:\/\/i0.wp.com\/liberationinfo.com\/wp-content\/uploads\/2026\/04\/IMG-20260425-WA0023.jpg?resize=1024%2C683&amp;ssl=1 1024w, https:\/\/i0.wp.com\/liberationinfo.com\/wp-content\/uploads\/2026\/04\/IMG-20260425-WA0023.jpg?resize=768%2C512&amp;ssl=1 768w, https:\/\/i0.wp.com\/liberationinfo.com\/wp-content\/uploads\/2026\/04\/IMG-20260425-WA0023.jpg?resize=1536%2C1024&amp;ssl=1 1536w, https:\/\/i0.wp.com\/liberationinfo.com\/wp-content\/uploads\/2026\/04\/IMG-20260425-WA0023.jpg?resize=2048%2C1365&amp;ssl=1 2048w, https:\/\/i0.wp.com\/liberationinfo.com\/wp-content\/uploads\/2026\/04\/IMG-20260425-WA0023.jpg?resize=696%2C464&amp;ssl=1 696w, https:\/\/i0.wp.com\/liberationinfo.com\/wp-content\/uploads\/2026\/04\/IMG-20260425-WA0023.jpg?resize=1068%2C712&amp;ssl=1 1068w, https:\/\/i0.wp.com\/liberationinfo.com\/wp-content\/uploads\/2026\/04\/IMG-20260425-WA0023.jpg?resize=630%2C420&amp;ssl=1 630w, https:\/\/i0.wp.com\/liberationinfo.com\/wp-content\/uploads\/2026\/04\/IMG-20260425-WA0023.jpg?resize=1920%2C1280&amp;ssl=1 1920w, https:\/\/i0.wp.com\/liberationinfo.com\/wp-content\/uploads\/2026\/04\/IMG-20260425-WA0023.jpg?resize=750%2C500&amp;ssl=1 750w, https:\/\/i0.wp.com\/liberationinfo.com\/wp-content\/uploads\/2026\/04\/IMG-20260425-WA0023.jpg?resize=1140%2C760&amp;ssl=1 1140w, https:\/\/i0.wp.com\/liberationinfo.com\/wp-content\/uploads\/2026\/04\/IMG-20260425-WA0023.jpg?w=1392 1392w\" sizes=\"auto, (max-width: 300px) 100vw, 300px\" \/><\/a><\/p>\n<p>Avant de decliner le motif de ce congr\u00e8s en ces termes, &lt;&lt; L&rsquo;organisation de ce congr\u00e8s extraordinaire est l&rsquo;\u00e9manation d&rsquo;une seule volont\u00e9 qui n&rsquo;est autre que de se conformer aux exigences l\u00e9gales qui sont dans notre pays. la loi L035 n&rsquo;est pas une loi qui est contre un parti politique, c&rsquo;est loi vot\u00e9e et promulgu\u00e9 par le chef de l&rsquo;Etat pour assainir r\u00e9ellement l&rsquo;\u00e9chiquier politique dans notre pays pour qu&rsquo;en fin nous puissions avoir des partis structur\u00e9s, organis\u00e9s et surtout des partis qui sont le pour le d\u00e9veloppement de notre pays et pour le bien \u00eatre du peuple&gt;&gt; a t-il expliqu\u00e9.<\/p>\n<p>Ce congr\u00e8s national, marqu\u00e9 par la pr\u00e9sence des huit coordinateurs r\u00e9gionaux, met fin \u00e0 la restructuration, au renouvellement des instances dirigeantes, ainsi que les statuts et le r\u00e8glement int\u00e9rieur ont \u00e9t\u00e9 \u00e9galement revisit\u00e9s conform\u00e9ment aux nouvelles dispositions reglementaires<\/p>\n<p><a href=\"https:\/\/i0.wp.com\/liberationinfo.com\/wp-content\/uploads\/2026\/04\/IMG-20260425-WA0020.jpg\"><img data-recalc-dims=\"1\" loading=\"lazy\" decoding=\"async\" class=\"alignnone size-medium wp-image-29981\" src=\"https:\/\/i0.wp.com\/liberationinfo.com\/wp-content\/uploads\/2026\/04\/IMG-20260425-WA0020.jpg?resize=203%2C300\" alt=\"\" width=\"203\" height=\"300\" srcset=\"https:\/\/i0.wp.com\/liberationinfo.com\/wp-content\/uploads\/2026\/04\/IMG-20260425-WA0020.jpg?resize=203%2C300&amp;ssl=1 203w, https:\/\/i0.wp.com\/liberationinfo.com\/wp-content\/uploads\/2026\/04\/IMG-20260425-WA0020.jpg?resize=694%2C1024&amp;ssl=1 694w, https:\/\/i0.wp.com\/liberationinfo.com\/wp-content\/uploads\/2026\/04\/IMG-20260425-WA0020.jpg?resize=768%2C1134&amp;ssl=1 768w, https:\/\/i0.wp.com\/liberationinfo.com\/wp-content\/uploads\/2026\/04\/IMG-20260425-WA0020.jpg?resize=1040%2C1536&amp;ssl=1 1040w, https:\/\/i0.wp.com\/liberationinfo.com\/wp-content\/uploads\/2026\/04\/IMG-20260425-WA0020.jpg?resize=1387%2C2048&amp;ssl=1 1387w, https:\/\/i0.wp.com\/liberationinfo.com\/wp-content\/uploads\/2026\/04\/IMG-20260425-WA0020.jpg?resize=696%2C1028&amp;ssl=1 696w, https:\/\/i0.wp.com\/liberationinfo.com\/wp-content\/uploads\/2026\/04\/IMG-20260425-WA0020.jpg?resize=1068%2C1577&amp;ssl=1 1068w, https:\/\/i0.wp.com\/liberationinfo.com\/wp-content\/uploads\/2026\/04\/IMG-20260425-WA0020.jpg?resize=284%2C420&amp;ssl=1 284w, https:\/\/i0.wp.com\/liberationinfo.com\/wp-content\/uploads\/2026\/04\/IMG-20260425-WA0020.jpg?resize=750%2C1107&amp;ssl=1 750w, https:\/\/i0.wp.com\/liberationinfo.com\/wp-content\/uploads\/2026\/04\/IMG-20260425-WA0020.jpg?resize=1140%2C1683&amp;ssl=1 1140w, https:\/\/i0.wp.com\/liberationinfo.com\/wp-content\/uploads\/2026\/04\/IMG-20260425-WA0020.jpg?w=1734&amp;ssl=1 1734w\" sizes=\"auto, (max-width: 203px) 100vw, 203px\" \/><\/a><\/p>\n<p>Pour sa part, le vice pr\u00e9sident, Madiou Diallo, a invit\u00e9 les militants du parti ARP \u00e0 la mobilisation pour les l\u00e9gislatives et communales du 31 mai prochain, &lt;&lt; Nous nous engageons \u00e0 renforcer l&rsquo;unit\u00e9 et la coh\u00e9sion sociale au sein de l&rsquo;Alliance pour le Renouveau et le progr\u00e8s \u00e0 promouvoir une gouvernance responsable et participative, \u00e0 demeurer \u00e0 l&rsquo;\u00e9coute de la population d\u00e9fendre les valeurs de justice d&rsquo;\u00e9quit\u00e9 et du progr\u00e8s social. Convaincu que seul une action collective fond\u00e9e sur la discipline et le respect mituel permettra d&rsquo;atteindre nos objectifs. Nous appelons ensemble les militants et militantes de l&rsquo;Alliance pour le Renouveau et le Progr\u00e8s \u00e0 la mobilisation et \u00e0 la percev\u00e9rence pour les \u00e9lections l\u00e9gislatives et communales qui se pointent \u00e0 l&rsquo;horizon&gt;&gt;.<\/p>\n<p>Il convient de souligner qu&rsquo; \u00e0 l&rsquo;issue des travaux, l\u2019assembl\u00e9e a valid\u00e9 les statuts r\u00e9vis\u00e9s, la nouvelle composition du Bureau Politique National ainsi le renouvellement du mandat Mohamed Nab\u00e9 comme pr\u00e9sident du parti pour une dur\u00e9e de cinq (6) ans.<\/p>\n<p>&nbsp;<\/p>\n<p><strong>Oumar Konat\u00e9<\/strong><\/p>\n","protected":false},"excerpt":{"rendered":"<p>&nbsp; Tenu ce samedi 25 avril 2026 \u00e0 Conakry, le congr\u00e8s extraordinaire du parti de l&rsquo;Alliance pour le Renouveau et le Progr\u00e8s ARP dans le but de mettre les structures du parti en conformit\u00e9 avec les nouvelles exigences l\u00e9gales du Minist\u00e8re de l\u2019Administration du Territoire et de la D\u00e9centralisation (MATD). Ce congr\u00e8s a r\u00e9uni les [&hellip;]<\/p>\n","protected":false},"author":2,"featured_media":29982,"comment_status":"closed","ping_status":"closed","sticky":false,"template":"","format":"standard","meta":{"_jetpack_memberships_contains_paid_content":false,"footnotes":""},"categories":[4,5],"tags":[],"class_list":["post-29978","post","type-post","status-publish","format-standard","has-post-thumbnail","hentry","category-actu","category-politique"],"jetpack_featured_media_url":"https:\/\/i0.wp.com\/liberationinfo.com\/wp-content\/uploads\/2026\/04\/IMG-20260425-WA0022.jpg?fit=2560%2C1849&ssl=1","jetpack-related-posts":[],"jetpack_sharing_enabled":true,"_links":{"self":[{"href":"https:\/\/liberationinfo.com\/index.php\/wp-json\/wp\/v2\/posts\/29978","targetHints":{"allow":["GET"]}}],"collection":[{"href":"https:\/\/liberationinfo.com\/index.php\/wp-json\/wp\/v2\/posts"}],"about":[{"href":"https:\/\/liberationinfo.com\/index.php\/wp-json\/wp\/v2\/types\/post"}],"author":[{"embeddable":true,"href":"https:\/\/liberationinfo.com\/index.php\/wp-json\/wp\/v2\/users\/2"}],"replies":[{"embeddable":true,"href":"https:\/\/liberationinfo.com\/index.php\/wp-json\/wp\/v2\/comments?post=29978"}],"version-history":[{"count":1,"href":"https:\/\/liberationinfo.com\/index.php\/wp-json\/wp\/v2\/posts\/29978\/revisions"}],"predecessor-version":[{"id":29983,"href":"https:\/\/liberationinfo.com\/index.php\/wp-json\/wp\/v2\/posts\/29978\/revisions\/29983"}],"wp:featuredmedia":[{"embeddable":true,"href":"https:\/\/liberationinfo.com\/index.php\/wp-json\/wp\/v2\/media\/29982"}],"wp:attachment":[{"href":"https:\/\/liberationinfo.com\/index.php\/wp-json\/wp\/v2\/media?parent=29978"}],"wp:term":[{"taxonomy":"category","embeddable":true,"href":"https:\/\/liberationinfo.com\/index.php\/wp-json\/wp\/v2\/categories?post=29978"},{"taxonomy":"post_tag","embeddable":true,"href":"https:\/\/liberationinfo.com\/index.php\/wp-json\/wp\/v2\/tags?post=29978"}],"curies":[{"name":"wp","href":"https:\/\/api.w.org\/{rel}","templated":true}]}}