{"id":29610,"date":"2026-03-16T20:33:50","date_gmt":"2026-03-16T20:33:50","guid":{"rendered":"https:\/\/liberationinfo.com\/?p=29610"},"modified":"2026-03-16T21:43:29","modified_gmt":"2026-03-16T21:43:29","slug":"aly-koita-prend-les-renes-du-port-autonome-de-conakry-il-decline-ses-ambitions-pour-le-renouveau-du-pac","status":"publish","type":"post","link":"https:\/\/liberationinfo.com\/index.php\/aly-koita-prend-les-renes-du-port-autonome-de-conakry-il-decline-ses-ambitions-pour-le-renouveau-du-pac\/","title":{"rendered":"Aly Koita prend les r\u00eanes du Port Autonome de Conakry, il d\u00e9cline ses ambitions pour le renouveau du PAC."},"content":{"rendered":"<div dir=\"auto\"><\/div>\n<div dir=\"auto\"><\/div>\n<div dir=\"auto\">Le pr\u00e9sident de la R\u00e9publique, Mamadi Doumbouya, a nomm\u00e9 Aly Koita au poste de directeur g\u00e9n\u00e9ral du Port Autonome de Conakry (PAC), en remplacement de Mamadou Biro Diallo, appel\u00e9 \u00e0 d&rsquo;autres fonctions. Cette nomination a \u00e9t\u00e9 annonc\u00e9e par d\u00e9cret le 6 mars 2026 \u00e0 travers la t\u00e9l\u00e9vision nationale.<\/div>\n<div dir=\"auto\"><\/div>\n<div dir=\"auto\">Aly Koita, qui occupait d\u00e9j\u00e0 le poste de directeur g\u00e9n\u00e9ral adjoint du PAC, a une exp\u00e9rience solide dans le secteur portuaire. Il a notamment exerc\u00e9 les fonctions de directeur de la Coop\u00e9ration internationale portuaire, o\u00f9 il a contribu\u00e9 au renforcement des partenariats strat\u00e9giques et \u00e0 l&rsquo;ouverture du port aux standards internationaux.<\/div>\n<div dir=\"auto\"><\/div>\n<div dir=\"auto\">Lors de la passation de service, pleine de joies, d&rsquo;\u00e9motions et de compassion, le nouveau Directeur G\u00e9n\u00e9ral a promis de m\u00e9riter la confiance plac\u00e9e en lui par le Pr\u00e9sident de la R\u00e9publique Mamadi Doumbouya. Il a rendu un vibrant hommage \u00e0 son ancien Directeur G\u00e9n\u00e9ral, Mamadou Biro Diallo pour tous les efforts consentis pour ses derni\u00e8res ann\u00e9es \u00e0 la t\u00eate du Port Autonome de Conakry. Avant de s\u2019engager \u00e0 relever les nombreux d\u00e9fis actuels du Port Autonome de Conakry, depuis quelques semaines.<\/div>\n<div dir=\"auto\"><a href=\"https:\/\/i0.wp.com\/liberationinfo.com\/wp-content\/uploads\/2026\/03\/1773690014237.jpg\"><img data-recalc-dims=\"1\" loading=\"lazy\" decoding=\"async\" class=\"alignnone size-medium wp-image-29614\" src=\"https:\/\/i0.wp.com\/liberationinfo.com\/wp-content\/uploads\/2026\/03\/1773690014237.jpg?resize=300%2C240\" alt=\"\" width=\"300\" height=\"240\" srcset=\"https:\/\/i0.wp.com\/liberationinfo.com\/wp-content\/uploads\/2026\/03\/1773690014237.jpg?resize=300%2C240&amp;ssl=1 300w, https:\/\/i0.wp.com\/liberationinfo.com\/wp-content\/uploads\/2026\/03\/1773690014237.jpg?resize=1024%2C819&amp;ssl=1 1024w, https:\/\/i0.wp.com\/liberationinfo.com\/wp-content\/uploads\/2026\/03\/1773690014237.jpg?resize=768%2C614&amp;ssl=1 768w, https:\/\/i0.wp.com\/liberationinfo.com\/wp-content\/uploads\/2026\/03\/1773690014237.jpg?resize=696%2C557&amp;ssl=1 696w, https:\/\/i0.wp.com\/liberationinfo.com\/wp-content\/uploads\/2026\/03\/1773690014237.jpg?resize=1068%2C854&amp;ssl=1 1068w, https:\/\/i0.wp.com\/liberationinfo.com\/wp-content\/uploads\/2026\/03\/1773690014237.jpg?resize=525%2C420&amp;ssl=1 525w, https:\/\/i0.wp.com\/liberationinfo.com\/wp-content\/uploads\/2026\/03\/1773690014237.jpg?resize=750%2C600&amp;ssl=1 750w, https:\/\/i0.wp.com\/liberationinfo.com\/wp-content\/uploads\/2026\/03\/1773690014237.jpg?w=1080&amp;ssl=1 1080w\" sizes=\"auto, (max-width: 300px) 100vw, 300px\" \/><\/a><\/div>\n<div dir=\"auto\"><\/div>\n<div dir=\"auto\">\u00ab<em> Avant tout propos, je voudrais exprimer ma profonde gratitude au Pr\u00e9sident de la R\u00e9publique pour la confiance renouvel\u00e9e qu\u2019il me t\u00e9moigne en me nommant aux fonctions de Directeur G\u00e9n\u00e9ral du Port Autonome de Conakry. Cette nomination constitue \u00e0 la fois un honneur et une lourde responsabilit\u00e9, car le Port Autonome de Conakry n\u2019est pas seulement une infrastructure strat\u00e9gique : il est le poumon \u00e9conomique de notre pays, une porte d\u2019entr\u00e9e majeure du commerce maritime et un levier essentiel pour le d\u00e9veloppement de la Guin\u00e9e.Lorsque j\u2019ai appris cette nomination, ma premi\u00e8re pens\u00e9e n\u2019a pas \u00e9t\u00e9 la fiert\u00e9. C\u2019\u00e9tait la conscience du poids. Le poids de la confiance que vous avez bien voulu placer en moi \u2014 moi qui suis un produit de cette institution, un serviteur parmi d\u2019autres, qui n\u2019a jamais cess\u00e9 d\u2019apprendre dans le domaine portuaire.Je n\u2019ai pas de mots suffisants pour vous remercier, Monsieur le Pr\u00e9sident. Alors je ferai ce que font les hommes reconnaissants quand les mots leur manquent : je travaillerai. Avec rigueur. Avec constance. Sans rel\u00e2che.Le Port Autonome de Conakry n\u2019appartient pas \u00e0 celui qui le dirige. Il appartient \u00e0 la Guin\u00e9e. \u00c0 ses commer\u00e7ants, \u00e0 ses industriels, \u00e0 ses familles qui attendent des marchandises, \u00e0 ses travailleurs qui vivent de son activit\u00e9. Vous me confiez la garde de quelque chose qui d\u00e9passe largement ma personne, et je le re\u00e7ois avec toute l\u2019humilit\u00e9 que cela commande.\u00c0 Monsieur le Ministre des Transports et Porte-Parole du Gouvernement, Ousmane Gaoual DialloMonsieur le Ministre,Votre engagement pour la transformation du secteur des transports en Guin\u00e9e est connu et reconnu de tous. Vous portez une vision claire : un syst\u00e8me logistique moderne, comp\u00e9titif, au service du d\u00e9veloppement national. Je m\u2019inscrirai r\u00e9solument dans cette dynamique.Vous pouvez compter sur ma loyaut\u00e9, ma disponibilit\u00e9 et mon engagement sans r\u00e9serve dans la mise en \u0153uvre des orientations d\u00e9finies par votre d\u00e9partement.\u00c0 Monsieur le Directeur G\u00e9n\u00e9ral sortant, Biro DIALLO, mon cher fr\u00e8re,Cher Directeur G\u00e9n\u00e9ral,Sous votre leadership, le Port Autonome de Conakry a enregistr\u00e9 des avanc\u00e9es notables : les certifications engag\u00e9es, la consolidation de la communaut\u00e9 portuaire, le renforcement du contr\u00f4le des concessions, le rayonnement r\u00e9gional de l\u2019institution et la mise en place du comit\u00e9 de crise de congestion \u2014 autant d\u2019acquis sur lesquels nous allons nous appuyer.Je sais le co\u00fbt d\u2019une telle charge. Je sais ce que cela exige en termes d\u2019arbitrages, de sacrifices personnels et de responsabilit\u00e9s assum\u00e9es. C\u2019est pourquoi je tiens \u00e0 vous rendre cet hommage avec sinc\u00e9rit\u00e9 et du fond du c\u0153ur : MERCI.Vous avez servi. Et le PAC vous en sera reconnaissant. Je vous souhaite, pour la suite, tout ce que vous m\u00e9ritez<\/em>.\u00bb, a-t-il indiqu\u00e9.<\/div>\n<div dir=\"auto\"><\/div>\n<div dir=\"auto\">Plus loin, il a souhait\u00e9 la bienvenue \u00e0 la nouvelle Directrice G\u00e9n\u00e9rale Adjointe, avant d&rsquo;inviter l&rsquo;ensemble des travailleurs du PAC \u00e0 faire notre Port d&rsquo;un havre de paix.<\/div>\n<div dir=\"auto\"><a href=\"https:\/\/i0.wp.com\/liberationinfo.com\/wp-content\/uploads\/2026\/03\/1773690030863.jpg\"><img data-recalc-dims=\"1\" loading=\"lazy\" decoding=\"async\" class=\"alignnone size-medium wp-image-29615\" src=\"https:\/\/i0.wp.com\/liberationinfo.com\/wp-content\/uploads\/2026\/03\/1773690030863.jpg?resize=300%2C240\" alt=\"\" width=\"300\" height=\"240\" srcset=\"https:\/\/i0.wp.com\/liberationinfo.com\/wp-content\/uploads\/2026\/03\/1773690030863.jpg?resize=300%2C240&amp;ssl=1 300w, https:\/\/i0.wp.com\/liberationinfo.com\/wp-content\/uploads\/2026\/03\/1773690030863.jpg?resize=1024%2C819&amp;ssl=1 1024w, https:\/\/i0.wp.com\/liberationinfo.com\/wp-content\/uploads\/2026\/03\/1773690030863.jpg?resize=768%2C614&amp;ssl=1 768w, https:\/\/i0.wp.com\/liberationinfo.com\/wp-content\/uploads\/2026\/03\/1773690030863.jpg?resize=696%2C557&amp;ssl=1 696w, https:\/\/i0.wp.com\/liberationinfo.com\/wp-content\/uploads\/2026\/03\/1773690030863.jpg?resize=1068%2C854&amp;ssl=1 1068w, https:\/\/i0.wp.com\/liberationinfo.com\/wp-content\/uploads\/2026\/03\/1773690030863.jpg?resize=525%2C420&amp;ssl=1 525w, https:\/\/i0.wp.com\/liberationinfo.com\/wp-content\/uploads\/2026\/03\/1773690030863.jpg?resize=750%2C600&amp;ssl=1 750w, https:\/\/i0.wp.com\/liberationinfo.com\/wp-content\/uploads\/2026\/03\/1773690030863.jpg?w=1080&amp;ssl=1 1080w\" sizes=\"auto, (max-width: 300px) 100vw, 300px\" \/><\/a><\/div>\n<div dir=\"auto\"><\/div>\n<div dir=\"auto\"><em>\u00ab \u00c0 Madame Siakano TOLNO, Directrice G\u00e9n\u00e9rale Adjointe EntranteJe vous souhaite la bienvenue au Port Autonome de Conakry \u2014 une institution riche de d\u00e9fis et orient\u00e9e vers la performance. Ensemble, nous porterons les r\u00e9formes n\u00e9cessaires pour atteindre les objectifs qui nous sont assign\u00e9s.Au Personnel et \u00e0 l\u2019ensemble des travailleurs du PACChers collaborateurs,Je m\u2019adresse \u00e0 vous avec une proximit\u00e9 particuli\u00e8re, car c\u2019est parmi vous que j\u2019ai appris ce m\u00e9tier. D\u2019abord recrut\u00e9 comme cadre, j\u2019ai gravi les \u00e9chelons \u00e0 travers les fonctions suivantes :Agent au service des statistiques et du d\u00e9pouillement ;Chef de section des faits ;Chef de section contr\u00f4le g\u00e9n\u00e9ral des navires ;Chef de section coop\u00e9ration ;Chef du Service S\u00fbret\u00e9 et S\u00e9curit\u00e9 Portuaire durant six ans et demi ;Directeur de la Coop\u00e9ration, puis Directeur G\u00e9n\u00e9ral Adjoint, et aujourd\u2019hui Directeur G\u00e9n\u00e9ral du PAC.Dans l\u2019exercice de mes diff\u00e9rentes fonctions, j\u2019ai \u00e9t\u00e9 certifi\u00e9 par l\u2019Institut de Formation de Pennsylvanie et Washington en qualit\u00e9 d\u2019Expert S\u00fbret\u00e9 et S\u00e9curit\u00e9 selon le Code ISPS.Certains d\u2019entre vous m\u2019ont conseill\u00e9. D\u2019autres ont travaill\u00e9 \u00e0 mes c\u00f4t\u00e9s. Tous, vous avez contribu\u00e9 \u00e0 faire de moi ce que je suis aujourd\u2019hui, en termes de compr\u00e9hension des enjeux et des d\u00e9fis li\u00e9s \u00e0 la gestion portuaire. Si mes souvenirs sont bons depuis pr\u00e8s de deux d\u00e9cennies, aucun cadre au Port Autonome de Conakry n\u2019a pu b\u00e9n\u00e9ficier de cette chance.Je veux vous dire une chose simple : le port, c\u2019est vous. Pas les organigrammes, pas les titres, pas les d\u00e9cisions prises dans les bureaux. C\u2019est vous qui faites vivre cette maison chaque jour \u2014 sur les terminaux, dans les services techniques et le long des quais.Mon engagement envers vous est le suivant : je serai un Directeur G\u00e9n\u00e9ral exigeant, parce que la mission l\u2019impose. Mais je serai aussi un Directeur G\u00e9n\u00e9ral juste, attentif, soucieux de votre dignit\u00e9 et de vos conditions de travail. La performance d\u2019une institution se construit sur des \u00e9quipes motiv\u00e9es, reconnues et respect\u00e9es.<\/em>\u00bb, a-t-il fait savoir.<\/div>\n<div dir=\"auto\"><a href=\"https:\/\/i0.wp.com\/liberationinfo.com\/wp-content\/uploads\/2026\/03\/1773689994289.jpg\"><img data-recalc-dims=\"1\" loading=\"lazy\" decoding=\"async\" class=\"alignnone size-medium wp-image-29616\" src=\"https:\/\/i0.wp.com\/liberationinfo.com\/wp-content\/uploads\/2026\/03\/1773689994289.jpg?resize=300%2C240\" alt=\"\" width=\"300\" height=\"240\" srcset=\"https:\/\/i0.wp.com\/liberationinfo.com\/wp-content\/uploads\/2026\/03\/1773689994289.jpg?resize=300%2C240&amp;ssl=1 300w, https:\/\/i0.wp.com\/liberationinfo.com\/wp-content\/uploads\/2026\/03\/1773689994289.jpg?resize=1024%2C819&amp;ssl=1 1024w, https:\/\/i0.wp.com\/liberationinfo.com\/wp-content\/uploads\/2026\/03\/1773689994289.jpg?resize=768%2C614&amp;ssl=1 768w, https:\/\/i0.wp.com\/liberationinfo.com\/wp-content\/uploads\/2026\/03\/1773689994289.jpg?resize=696%2C557&amp;ssl=1 696w, https:\/\/i0.wp.com\/liberationinfo.com\/wp-content\/uploads\/2026\/03\/1773689994289.jpg?resize=1068%2C854&amp;ssl=1 1068w, https:\/\/i0.wp.com\/liberationinfo.com\/wp-content\/uploads\/2026\/03\/1773689994289.jpg?resize=525%2C420&amp;ssl=1 525w, https:\/\/i0.wp.com\/liberationinfo.com\/wp-content\/uploads\/2026\/03\/1773689994289.jpg?resize=750%2C600&amp;ssl=1 750w, https:\/\/i0.wp.com\/liberationinfo.com\/wp-content\/uploads\/2026\/03\/1773689994289.jpg?w=1080&amp;ssl=1 1080w\" sizes=\"auto, (max-width: 300px) 100vw, 300px\" \/><\/a><\/div>\n<div dir=\"auto\"><\/div>\n<div dir=\"auto\"><strong>Les d\u00e9fis \u00e0 relever<\/strong><\/div>\n<div dir=\"auto\"><\/div>\n<div dir=\"auto\">Le nouveau directeur g\u00e9n\u00e9ral du PAC h\u00e9rite d&rsquo;une institution strat\u00e9gique pour l&rsquo;\u00e9conomie guin\u00e9enne, qui fait face \u00e0 plusieurs d\u00e9fis, notamment :<\/div>\n<div dir=\"auto\">&#8211; La congestion des quais : le port doit faire face \u00e0 une augmentation du volume des \u00e9changes commerciaux.<\/div>\n<div dir=\"auto\">&#8211; La modernisation des infrastructures : pour r\u00e9pondre aux exigences du commerce international.<\/div>\n<div dir=\"auto\">&#8211; L&rsquo;am\u00e9lioration de la comp\u00e9titivit\u00e9 : pour attirer davantage de flux commerciaux et soutenir la croissance \u00e9conomique nationale.<\/div>\n<div dir=\"auto\"><\/div>\n<div dir=\"auto\">Aly Koita a exprim\u00e9 son ambition de relever ces d\u00e9fis et de poursuivre les r\u00e9formes engag\u00e9es pour faire du Port Autonome de Conakry un hub logistique r\u00e9gional .<\/div>\n<div dir=\"auto\"><\/div>\n<div dir=\"auto\"><strong>Une \u00e9quipe de direction renforc\u00e9e.<\/strong><\/div>\n<div dir=\"auto\"><\/div>\n<div dir=\"auto\">La nomination d&rsquo;Aly Koita est accompagn\u00e9e de celle de Sia Kanio Tolno au poste de directrice g\u00e9n\u00e9rale adjointe du PAC. Cette \u00e9quipe de direction renforc\u00e9e devrait permettre de poursuivre les objectifs de modernisation et de d\u00e9veloppement du port.<\/div>\n<div dir=\"auto\"><\/div>\n<div dir=\"auto\">\n<p>\u00ab Un port n\u2019est pas seulement une porte ouverte sur les mers \u2014 c\u2019est une main tendue vers l\u2019avenir. \u00bbJe vous remercie.Que Dieu b\u00e9nisse le Port Autonome de Conakry en ce mois b\u00e9ni du Ramadan.<\/p>\n<p><a href=\"https:\/\/i0.wp.com\/liberationinfo.com\/wp-content\/uploads\/2026\/03\/1773696955872.jpg\"><img data-recalc-dims=\"1\" loading=\"lazy\" decoding=\"async\" class=\"alignnone size-medium wp-image-29622\" src=\"https:\/\/i0.wp.com\/liberationinfo.com\/wp-content\/uploads\/2026\/03\/1773696955872.jpg?resize=300%2C225\" alt=\"\" width=\"300\" height=\"225\" srcset=\"https:\/\/i0.wp.com\/liberationinfo.com\/wp-content\/uploads\/2026\/03\/1773696955872.jpg?resize=300%2C225&amp;ssl=1 300w, https:\/\/i0.wp.com\/liberationinfo.com\/wp-content\/uploads\/2026\/03\/1773696955872.jpg?resize=768%2C576&amp;ssl=1 768w, https:\/\/i0.wp.com\/liberationinfo.com\/wp-content\/uploads\/2026\/03\/1773696955872.jpg?resize=80%2C60&amp;ssl=1 80w, https:\/\/i0.wp.com\/liberationinfo.com\/wp-content\/uploads\/2026\/03\/1773696955872.jpg?resize=265%2C198&amp;ssl=1 265w, https:\/\/i0.wp.com\/liberationinfo.com\/wp-content\/uploads\/2026\/03\/1773696955872.jpg?resize=696%2C522&amp;ssl=1 696w, https:\/\/i0.wp.com\/liberationinfo.com\/wp-content\/uploads\/2026\/03\/1773696955872.jpg?resize=560%2C420&amp;ssl=1 560w, https:\/\/i0.wp.com\/liberationinfo.com\/wp-content\/uploads\/2026\/03\/1773696955872.jpg?resize=750%2C563&amp;ssl=1 750w, https:\/\/i0.wp.com\/liberationinfo.com\/wp-content\/uploads\/2026\/03\/1773696955872.jpg?w=1020&amp;ssl=1 1020w\" sizes=\"auto, (max-width: 300px) 100vw, 300px\" \/><\/a><\/p>\n<\/div>\n<p><strong>Mohamed Camara\u00a0<\/strong><\/p>\n<div dir=\"auto\"><\/div>\n<div dir=\"auto\"><\/div>\n","protected":false},"excerpt":{"rendered":"<p>Le pr\u00e9sident de la R\u00e9publique, Mamadi Doumbouya, a nomm\u00e9 Aly Koita au poste de directeur g\u00e9n\u00e9ral du Port Autonome de Conakry (PAC), en remplacement de Mamadou Biro Diallo, appel\u00e9 \u00e0 d&rsquo;autres fonctions. Cette nomination a \u00e9t\u00e9 annonc\u00e9e par d\u00e9cret le 6 mars 2026 \u00e0 travers la t\u00e9l\u00e9vision nationale. Aly Koita, qui occupait d\u00e9j\u00e0 le poste [&hellip;]<\/p>\n","protected":false},"author":2,"featured_media":29617,"comment_status":"closed","ping_status":"closed","sticky":false,"template":"","format":"standard","meta":{"_jetpack_memberships_contains_paid_content":false,"footnotes":""},"categories":[4,5,7],"tags":[],"class_list":["post-29610","post","type-post","status-publish","format-standard","has-post-thumbnail","hentry","category-actu","category-politique","category-sport"],"jetpack_featured_media_url":"https:\/\/i0.wp.com\/liberationinfo.com\/wp-content\/uploads\/2026\/03\/1773690020773.jpg?fit=1007%2C990&ssl=1","jetpack-related-posts":[],"jetpack_sharing_enabled":true,"_links":{"self":[{"href":"https:\/\/liberationinfo.com\/index.php\/wp-json\/wp\/v2\/posts\/29610","targetHints":{"allow":["GET"]}}],"collection":[{"href":"https:\/\/liberationinfo.com\/index.php\/wp-json\/wp\/v2\/posts"}],"about":[{"href":"https:\/\/liberationinfo.com\/index.php\/wp-json\/wp\/v2\/types\/post"}],"author":[{"embeddable":true,"href":"https:\/\/liberationinfo.com\/index.php\/wp-json\/wp\/v2\/users\/2"}],"replies":[{"embeddable":true,"href":"https:\/\/liberationinfo.com\/index.php\/wp-json\/wp\/v2\/comments?post=29610"}],"version-history":[{"count":2,"href":"https:\/\/liberationinfo.com\/index.php\/wp-json\/wp\/v2\/posts\/29610\/revisions"}],"predecessor-version":[{"id":29623,"href":"https:\/\/liberationinfo.com\/index.php\/wp-json\/wp\/v2\/posts\/29610\/revisions\/29623"}],"wp:featuredmedia":[{"embeddable":true,"href":"https:\/\/liberationinfo.com\/index.php\/wp-json\/wp\/v2\/media\/29617"}],"wp:attachment":[{"href":"https:\/\/liberationinfo.com\/index.php\/wp-json\/wp\/v2\/media?parent=29610"}],"wp:term":[{"taxonomy":"category","embeddable":true,"href":"https:\/\/liberationinfo.com\/index.php\/wp-json\/wp\/v2\/categories?post=29610"},{"taxonomy":"post_tag","embeddable":true,"href":"https:\/\/liberationinfo.com\/index.php\/wp-json\/wp\/v2\/tags?post=29610"}],"curies":[{"name":"wp","href":"https:\/\/api.w.org\/{rel}","templated":true}]}}